{"id":62357,"date":"2024-10-13T23:29:54","date_gmt":"2024-10-14T06:29:54","guid":{"rendered":"https:\/\/elpajaritonews.com\/?p=62357"},"modified":"2024-10-13T23:29:56","modified_gmt":"2024-10-14T06:29:56","slug":"avalan-en-comisiones-paquete-legal-para-regular-eleccion-de-jueces-en-2025","status":"publish","type":"post","link":"https:\/\/elpajaritonews.com\/?p=62357","title":{"rendered":"AVALAN EN COMISIONES PAQUETE LEGAL PARA REGULAR ELECCI\u00d3N DE JUECES EN 2025"},"content":{"rendered":"\n<p class=\"wp-block-paragraph\">La Comisi\u00f3n de Justicia de la C\u00e1mara de Diputados aval\u00f3 esta noche el paquete legal que regular\u00e1 la elecci\u00f3n de jueces, ministros y magistrados en 2025, y los dict\u00e1menes respectivos se enviaron a la Mesa Directiva para que se voten ma\u00f1ana lunes en el pleno.<\/p>\n\n\n\n<p class=\"wp-block-paragraph\">Despu\u00e9s de aprobar la Ley General del Sistema de Medios de Impugnaci\u00f3n, esa instancia legislativa valid\u00f3 la Ley General de Instituciones y Procedimientos Electorales, que envi\u00f3 el Senado a los diputados la semana pasada.<\/p>\n\n\n\n<p class=\"wp-block-paragraph\">En la ley electoral, no solo se ampl\u00edan las atribuciones del Instituto Nacional Electoral, sino se fijan los tiempos de las campa\u00f1as y el modelo de comunicaci\u00f3n al que podr\u00e1n recurrir los aspirantes, a trav\u00e9s del uso de tiempos oficiales, pero tendr\u00e1n prohibido contratar espacios de publicidad.<\/p>\n\n\n\n<p class=\"wp-block-paragraph\">La ley faculta al INE tanto definir los lineamientos de organizaci\u00f3n, desarrollo y c\u00f3mputo del proceso, como aprobar el modelo de boleta y los topes m\u00e1ximos de gastos de campa\u00f1a.<\/p>\n\n\n\n<p class=\"wp-block-paragraph\">Incluso, en una inconsistencia con el modelo de elecci\u00f3n electoral vigente, la ley permitir\u00e1, adem\u00e1s, que un voto sea v\u00e1lido cuando se emita \u201cen favor de una candidatura claramente identificable, con independencia de que puedan emitirse dos o m\u00e1s votos por diversas candidaturas en una misma boleta\u201d.<\/p>\n\n\n\n<p class=\"wp-block-paragraph\">Esto es, los electores podr\u00e1n votar por m\u00e1s de un candidato a juez, magistrado o ministro registrados en una misma boleta.<\/p>\n\n\n\n<p class=\"wp-block-paragraph\">En este caso, el INE determinar\u00e1 la cantidad de votos v\u00e1lidos que cada elector pueda emitir en una misma boleta.<\/p>\n\n\n\n<p class=\"wp-block-paragraph\">Durante la discusi\u00f3n, el PRI detect\u00f3 otras inconsistencias, la m\u00e1s visible que en el Senado se suprimi\u00f3 del articulado la figura de una comisi\u00f3n especializada de la Sala Superior del Tribunal Electoral del Poder Judicial de la Federaci\u00f3n.<\/p>\n\n\n\n<p class=\"wp-block-paragraph\">Sin embargo, en la minuta de los senadores dicha comisi\u00f3n no se suprimi\u00f3 del n\u00famero sexto del art\u00edculo 471 de la Ley General de Instituciones y Procedimientos Electorales.<\/p>\n\n\n\n<p class=\"wp-block-paragraph\">Esto es, explic\u00f3 el coordinador pri\u00edsta, Rub\u00e9n Moreira, los \u201csenadores dejaron viva una comisi\u00f3n que ya no existe\u201d, y es un error que el pleno de la c\u00e1mara deber\u00eda corregir este lunes, aunque ello implique devolver la minuta al Senado. \u201cY que all\u00e1 la corrijan aunque sea fast track\u201d, expuso.<\/p>\n\n\n\n<figure class=\"wp-block-embed is-type-video is-provider-youtube wp-block-embed-youtube wp-embed-aspect-16-9 wp-has-aspect-ratio\"><div class=\"wp-block-embed__wrapper\">\n<iframe loading=\"lazy\" title=\"EN VIVO \/ Reuni\u00f3n Extraordinaria de la Comisi\u00f3n de Justicia\" width=\"640\" height=\"360\" src=\"https:\/\/www.youtube.com\/embed\/NEdK8SoekTA?feature=oembed\" frameborder=\"0\" allow=\"accelerometer; autoplay; clipboard-write; encrypted-media; gyroscope; picture-in-picture; web-share\" referrerpolicy=\"strict-origin-when-cross-origin\" allowfullscreen><\/iframe>\n<\/div><\/figure>\n","protected":false},"excerpt":{"rendered":"<p>La Comisi\u00f3n de Justicia de la C\u00e1mara de Diputados aval\u00f3 esta noche el paquete legal que regular\u00e1 la elecci\u00f3n de jueces, ministros y magistrados en 2025, y los dict\u00e1menes respectivos se enviaron a la Mesa Directiva para que se voten ma\u00f1ana lunes en el pleno. Despu\u00e9s de aprobar la Ley General del Sistema de Medios&#8230;<\/p>\n","protected":false},"author":2,"featured_media":62358,"comment_status":"closed","ping_status":"closed","sticky":false,"template":"","format":"standard","meta":{"_crdt_document":"","_exactmetrics_skip_tracking":false,"_exactmetrics_sitenote_active":false,"_exactmetrics_sitenote_note":"","_exactmetrics_sitenote_category":0,"footnotes":""},"categories":[23,82,31,27,69],"tags":[71,72,75],"class_list":["post-62357","post","type-post","status-publish","format-standard","has-post-thumbnail","hentry","category-mexico","category-poder-judicial","category-politica","category-sonora","category-ultimas-noticias","tag-alfonso-durazo","tag-claudia-sheinbaum","tag-seguridad-publica"],"_links":{"self":[{"href":"https:\/\/elpajaritonews.com\/index.php?rest_route=\/wp\/v2\/posts\/62357","targetHints":{"allow":["GET"]}}],"collection":[{"href":"https:\/\/elpajaritonews.com\/index.php?rest_route=\/wp\/v2\/posts"}],"about":[{"href":"https:\/\/elpajaritonews.com\/index.php?rest_route=\/wp\/v2\/types\/post"}],"author":[{"embeddable":true,"href":"https:\/\/elpajaritonews.com\/index.php?rest_route=\/wp\/v2\/users\/2"}],"replies":[{"embeddable":true,"href":"https:\/\/elpajaritonews.com\/index.php?rest_route=%2Fwp%2Fv2%2Fcomments&post=62357"}],"version-history":[{"count":1,"href":"https:\/\/elpajaritonews.com\/index.php?rest_route=\/wp\/v2\/posts\/62357\/revisions"}],"predecessor-version":[{"id":62359,"href":"https:\/\/elpajaritonews.com\/index.php?rest_route=\/wp\/v2\/posts\/62357\/revisions\/62359"}],"wp:featuredmedia":[{"embeddable":true,"href":"https:\/\/elpajaritonews.com\/index.php?rest_route=\/wp\/v2\/media\/62358"}],"wp:attachment":[{"href":"https:\/\/elpajaritonews.com\/index.php?rest_route=%2Fwp%2Fv2%2Fmedia&parent=62357"}],"wp:term":[{"taxonomy":"category","embeddable":true,"href":"https:\/\/elpajaritonews.com\/index.php?rest_route=%2Fwp%2Fv2%2Fcategories&post=62357"},{"taxonomy":"post_tag","embeddable":true,"href":"https:\/\/elpajaritonews.com\/index.php?rest_route=%2Fwp%2Fv2%2Ftags&post=62357"}],"curies":[{"name":"wp","href":"https:\/\/api.w.org\/{rel}","templated":true}]}}