{"id":62398,"date":"2024-10-16T22:52:59","date_gmt":"2024-10-17T05:52:59","guid":{"rendered":"https:\/\/elpajaritonews.com\/?p=62398"},"modified":"2024-10-16T22:53:01","modified_gmt":"2024-10-17T05:53:01","slug":"instalan-comisiones-de-desarrollo-regional-productivo-y-de-fomento-agricola-y-ganadero","status":"publish","type":"post","link":"https:\/\/elpajaritonews.com\/?p=62398","title":{"rendered":"INSTALAN COMISIONES DE DESARROLLO REGIONAL PRODUCTIVO Y DE FOMENTO AGR\u00cdCOLA Y GANADERO"},"content":{"rendered":"\n<p class=\"wp-block-paragraph\">Con el objetivo de dar tr\u00e1mite a asuntos que impulsen el crecimiento econ\u00f3mico y el desarrollo sustentable en las distintas regiones productivas del estado, se instalaron la Comisi\u00f3n de Fomento Agr\u00edcola y Ganadero, as\u00ed como la Comisi\u00f3n de Desarrollo Regional Productivo.<\/p>\n\n\n\n<p class=\"wp-block-paragraph\">El presidente de esta \u00faltima, Ferm\u00edn Trujillo Fuentes (NAS), acompa\u00f1ado por los diputados H\u00e9ctor Castelo Monta\u00f1o (Morena), Rub\u00e9n Gonz\u00e1lez Aguayo (PT), Pr\u00f3spero Valenzuela Mu\u00f1er (Morena) y Ra\u00fal Gonz\u00e1lez de la Vega, destac\u00f3 que se promover\u00e1n acciones conjuntas con los tres niveles de gobierno para fortalecer y mejorar las condiciones de quienes trabajan en este sector.<\/p>\n\n\n\n<p class=\"wp-block-paragraph\">C\u00e9lida L\u00f3pez C\u00e1rdenas, secretaria de Agricultura, Ganader\u00eda, Recursos Hidr\u00e1ulicos, Pesca y Acuacultura (SAGARHPA), junto a Carlos Zatarain Gonz\u00e1lez, subsecretario de Desarrollo Pol\u00edtico, y Brenda C\u00f3rdova Buzani, subsecretaria de Promoci\u00f3n y Fomento Tur\u00edstico, reiteraron su disposici\u00f3n de sacar adelante pol\u00edticas p\u00fablicas en beneficio de las y los sonorenses.<\/p>\n\n\n\n<p class=\"wp-block-paragraph\">Por otra parte, el diputado Jes\u00fas Tadeo Mend\u00edvil Valenzuela (Morena) instal\u00f3 la Comisi\u00f3n de Fomento Agr\u00edcola y Ganadero, encomendada a la promoci\u00f3n y est\u00edmulo de la actividad del campo y la ganader\u00eda en la entidad.<\/p>\n\n\n\n<p class=\"wp-block-paragraph\">Estuvieron presentes las y los diputados Ernestina Castro Valenzuela (Morena), Alicia Gayt\u00e1n S\u00e1nchez (Morena), David Figueroa Ortega (PVEM), Ferm\u00edn Trujillo Fuentes (NAS) y C\u00e9lida L\u00f3pez C\u00e1rdenas, secretaria de Agricultura.<\/p>\n","protected":false},"excerpt":{"rendered":"<p>Con el objetivo de dar tr\u00e1mite a asuntos que impulsen el crecimiento econ\u00f3mico y el desarrollo sustentable en las distintas regiones productivas del estado, se instalaron la Comisi\u00f3n de Fomento Agr\u00edcola y Ganadero, as\u00ed como la Comisi\u00f3n de Desarrollo Regional Productivo. El presidente de esta \u00faltima, Ferm\u00edn Trujillo Fuentes (NAS), acompa\u00f1ado por los diputados H\u00e9ctor&#8230;<\/p>\n","protected":false},"author":2,"featured_media":62399,"comment_status":"closed","ping_status":"closed","sticky":false,"template":"","format":"standard","meta":{"_crdt_document":"","_exactmetrics_skip_tracking":false,"_exactmetrics_sitenote_active":false,"_exactmetrics_sitenote_note":"","_exactmetrics_sitenote_category":0,"footnotes":""},"categories":[20,26,31,27],"tags":[71,73,74],"class_list":["post-62398","post","type-post","status-publish","format-standard","has-post-thumbnail","hentry","category-congreso","category-local","category-politica","category-sonora","tag-alfonso-durazo","tag-congreso-del-estado-de-sonora","tag-hermosillo"],"_links":{"self":[{"href":"https:\/\/elpajaritonews.com\/index.php?rest_route=\/wp\/v2\/posts\/62398","targetHints":{"allow":["GET"]}}],"collection":[{"href":"https:\/\/elpajaritonews.com\/index.php?rest_route=\/wp\/v2\/posts"}],"about":[{"href":"https:\/\/elpajaritonews.com\/index.php?rest_route=\/wp\/v2\/types\/post"}],"author":[{"embeddable":true,"href":"https:\/\/elpajaritonews.com\/index.php?rest_route=\/wp\/v2\/users\/2"}],"replies":[{"embeddable":true,"href":"https:\/\/elpajaritonews.com\/index.php?rest_route=%2Fwp%2Fv2%2Fcomments&post=62398"}],"version-history":[{"count":1,"href":"https:\/\/elpajaritonews.com\/index.php?rest_route=\/wp\/v2\/posts\/62398\/revisions"}],"predecessor-version":[{"id":62400,"href":"https:\/\/elpajaritonews.com\/index.php?rest_route=\/wp\/v2\/posts\/62398\/revisions\/62400"}],"wp:featuredmedia":[{"embeddable":true,"href":"https:\/\/elpajaritonews.com\/index.php?rest_route=\/wp\/v2\/media\/62399"}],"wp:attachment":[{"href":"https:\/\/elpajaritonews.com\/index.php?rest_route=%2Fwp%2Fv2%2Fmedia&parent=62398"}],"wp:term":[{"taxonomy":"category","embeddable":true,"href":"https:\/\/elpajaritonews.com\/index.php?rest_route=%2Fwp%2Fv2%2Fcategories&post=62398"},{"taxonomy":"post_tag","embeddable":true,"href":"https:\/\/elpajaritonews.com\/index.php?rest_route=%2Fwp%2Fv2%2Ftags&post=62398"}],"curies":[{"name":"wp","href":"https:\/\/api.w.org\/{rel}","templated":true}]}}