{"id":62402,"date":"2024-10-17T16:40:32","date_gmt":"2024-10-17T23:40:32","guid":{"rendered":"https:\/\/elpajaritonews.com\/?p=62402"},"modified":"2024-10-17T16:40:34","modified_gmt":"2024-10-17T23:40:34","slug":"toma-de-protesta-del-nuevo-consejo-directivo-de-ammje-sonora-un-compromiso-con-la-fuerza-de-las-mujeres-empresarias","status":"publish","type":"post","link":"https:\/\/elpajaritonews.com\/?p=62402","title":{"rendered":"TOMA DE PROTESTA DEL NUEVO CONSEJO DIRECTIVO DE AMMJE SONORA: UN COMPROMISO CON LA FUERZA DE LAS MUJERES EMPRESARIAS"},"content":{"rendered":"\n<p class=\"wp-block-paragraph\">Al rendir protesta como presidenta del Consejo Directivo de la Asociaci\u00f3n Mexicana de Mujeres Jefas de Empresa&nbsp; (AMMJE) Sonora, para el periodo 2024-2026, Alba Er\u00e9ndira Soots L\u00f3pez se comprometi\u00f3 a fortalecer la red de apoyo entre empresarias y promover la visibilidad en el \u00e1mbito empresarial.<\/p>\n\n\n\n<p class=\"wp-block-paragraph\">Durante su intervenci\u00f3n, destac\u00f3 la importancia de crear espacios donde las empresarias puedan encontrar respaldo para alcanzar sus metas y generar oportunidades de colaboraci\u00f3n y crecimiento.<\/p>\n\n\n\n<figure class=\"wp-block-image size-large\"><img loading=\"lazy\" decoding=\"async\" width=\"1024\" height=\"681\" src=\"https:\/\/elpajaritonews.com\/wp-content\/uploads\/2024\/10\/b6a93729-c4b7-45bc-8ded-267b8c59a076-1024x681.jpg\" alt=\"\" class=\"wp-image-62404\" srcset=\"https:\/\/elpajaritonews.com\/wp-content\/uploads\/2024\/10\/b6a93729-c4b7-45bc-8ded-267b8c59a076-1024x681.jpg 1024w, https:\/\/elpajaritonews.com\/wp-content\/uploads\/2024\/10\/b6a93729-c4b7-45bc-8ded-267b8c59a076-300x200.jpg 300w, https:\/\/elpajaritonews.com\/wp-content\/uploads\/2024\/10\/b6a93729-c4b7-45bc-8ded-267b8c59a076-768x511.jpg 768w, https:\/\/elpajaritonews.com\/wp-content\/uploads\/2024\/10\/b6a93729-c4b7-45bc-8ded-267b8c59a076-1536x1021.jpg 1536w, https:\/\/elpajaritonews.com\/wp-content\/uploads\/2024\/10\/b6a93729-c4b7-45bc-8ded-267b8c59a076-600x400.jpg 600w, https:\/\/elpajaritonews.com\/wp-content\/uploads\/2024\/10\/b6a93729-c4b7-45bc-8ded-267b8c59a076.jpg 1600w\" sizes=\"auto, (max-width: 1024px) 100vw, 1024px\" \/><\/figure>\n\n\n\n<p class=\"wp-block-paragraph\">\u00abNuestro compromiso es unir nuestras fortalezas para generar oportunidades de colaboraci\u00f3n, formaci\u00f3n y crecimiento. Aqu\u00ed cada mujer encontrar\u00e1 el respaldo necesario para alcanzar sus metas\u00bb, subray\u00f3 Soots, quien tambi\u00e9n resalt\u00f3 su firme intenci\u00f3n de atraer m\u00e1s empresarias a la asociaci\u00f3n y dar mayor visibilidad al trabajo que realizan en la regi\u00f3n.<\/p>\n\n\n\n<p class=\"wp-block-paragraph\">El nuevo Consejo Directivo est\u00e1 conformado por Mar\u00eda del Carmen Arag\u00f3n Millanez, como vicepresidenta al igual que Denisse Pe\u00f1aflor Arellanos; Ana Sof\u00eda Villanueva Oviedo, vicepresidenta de Honor y Justicia; In\u00e9s Armenta Acu\u00f1a, como secretaria; y Luz Taide Acosta Garc\u00eda, es la nueva tesorera, quienes tambi\u00e9n rindieron protesta y asumieron el compromiso de liderar con \u00e9tica y profesionalismo.<\/p>\n\n\n\n<figure class=\"wp-block-image size-large\"><img loading=\"lazy\" decoding=\"async\" width=\"1024\" height=\"682\" src=\"https:\/\/elpajaritonews.com\/wp-content\/uploads\/2024\/10\/5f894686-e5ca-469c-8776-51f57df2218e-1024x682.jpg\" alt=\"\" class=\"wp-image-62405\" srcset=\"https:\/\/elpajaritonews.com\/wp-content\/uploads\/2024\/10\/5f894686-e5ca-469c-8776-51f57df2218e-1024x682.jpg 1024w, https:\/\/elpajaritonews.com\/wp-content\/uploads\/2024\/10\/5f894686-e5ca-469c-8776-51f57df2218e-300x200.jpg 300w, https:\/\/elpajaritonews.com\/wp-content\/uploads\/2024\/10\/5f894686-e5ca-469c-8776-51f57df2218e-768x512.jpg 768w, https:\/\/elpajaritonews.com\/wp-content\/uploads\/2024\/10\/5f894686-e5ca-469c-8776-51f57df2218e-1536x1023.jpg 1536w, https:\/\/elpajaritonews.com\/wp-content\/uploads\/2024\/10\/5f894686-e5ca-469c-8776-51f57df2218e-600x400.jpg 600w, https:\/\/elpajaritonews.com\/wp-content\/uploads\/2024\/10\/5f894686-e5ca-469c-8776-51f57df2218e.jpg 1600w\" sizes=\"auto, (max-width: 1024px) 100vw, 1024px\" \/><\/figure>\n\n\n\n<p class=\"wp-block-paragraph\">En el evento, realizado en Hermosillo, estuvieron presentes destacadas personalidades como Sheila Guadalupe Hern\u00e1ndez Alcaraz, coordinadora ejecutiva del Instituto Sonorense de las Mujeres en representaci\u00f3n del gobernador Alfonso Durazo; Omar Guti\u00e9rrez G\u00f3mez, director del Centro Municipal de Emprendedores en representaci\u00f3n del alcalde Antonio Astiazar\u00e1n; y Perla Edith Pacheco Cortez, presidenta nacional de AMMJE.<\/p>\n\n\n\n<p class=\"wp-block-paragraph\">Tambi\u00e9n estuvo presente Rogelio Noriega Vargas, director del Instituto Tecnol\u00f3gico de Hermosillo (ITH); Cinthya Karina L\u00f3pez Ru\u00edz, Subsecretaria de Econom\u00eda de Sonora; Mar\u00eda Hortensia Galaz Ruiz, presidenta del consejo consultivo de AMMJE, entre otras personalidades del sector empresarial y pol\u00edtico.<\/p>\n\n\n\n<figure class=\"wp-block-image size-large\"><img loading=\"lazy\" decoding=\"async\" width=\"682\" height=\"1024\" src=\"https:\/\/elpajaritonews.com\/wp-content\/uploads\/2024\/10\/12e4156e-f0e6-4a2d-82cb-dd998b91d723-682x1024.jpg\" alt=\"\" class=\"wp-image-62406\" srcset=\"https:\/\/elpajaritonews.com\/wp-content\/uploads\/2024\/10\/12e4156e-f0e6-4a2d-82cb-dd998b91d723-682x1024.jpg 682w, https:\/\/elpajaritonews.com\/wp-content\/uploads\/2024\/10\/12e4156e-f0e6-4a2d-82cb-dd998b91d723-200x300.jpg 200w, https:\/\/elpajaritonews.com\/wp-content\/uploads\/2024\/10\/12e4156e-f0e6-4a2d-82cb-dd998b91d723-768x1153.jpg 768w, https:\/\/elpajaritonews.com\/wp-content\/uploads\/2024\/10\/12e4156e-f0e6-4a2d-82cb-dd998b91d723-1023x1536.jpg 1023w, https:\/\/elpajaritonews.com\/wp-content\/uploads\/2024\/10\/12e4156e-f0e6-4a2d-82cb-dd998b91d723.jpg 1066w\" sizes=\"auto, (max-width: 682px) 100vw, 682px\" \/><\/figure>\n\n\n\n<p class=\"wp-block-paragraph\">Perla Edith Pacheco, en su mensaje, reconoci\u00f3 el liderazgo de las mujeres empresarias de Sonora y su capacidad para abrir caminos a otras mujeres que buscan hacer realidad sus sue\u00f1os. \u201cUstedes no solo han alcanzado metas personales, sino que tambi\u00e9n est\u00e1n abriendo oportunidades para que m\u00e1s mujeres emprendedoras se sumen y transformen sus vidas\u201d, expres\u00f3 Pacheco, quien entreg\u00f3 el pin distintivo de AMMJE al nuevo consejo como s\u00edmbolo de compromiso y lealtad.<\/p>\n\n\n\n<p class=\"wp-block-paragraph\">Durante la ceremonia tambi\u00e9n se firm\u00f3 un convenio de colaboraci\u00f3n entre AMMJE Sonora y el Instituto Tecnol\u00f3gico de Hermosillo (ITH), con el objetivo de fomentar el emprendimiento femenino en la regi\u00f3n y apoyar la formaci\u00f3n de nuevas emprendedoras.<\/p>\n","protected":false},"excerpt":{"rendered":"<p>Al rendir protesta como presidenta del Consejo Directivo de la Asociaci\u00f3n Mexicana de Mujeres Jefas de Empresa&nbsp; (AMMJE) Sonora, para el periodo 2024-2026, Alba Er\u00e9ndira Soots L\u00f3pez se comprometi\u00f3 a fortalecer la red de apoyo entre empresarias y promover la visibilidad en el \u00e1mbito empresarial. Durante su intervenci\u00f3n, destac\u00f3 la importancia de crear espacios donde&#8230;<\/p>\n","protected":false},"author":2,"featured_media":62403,"comment_status":"closed","ping_status":"closed","sticky":false,"template":"","format":"standard","meta":{"_crdt_document":"","_exactmetrics_skip_tracking":false,"_exactmetrics_sitenote_active":false,"_exactmetrics_sitenote_note":"","_exactmetrics_sitenote_category":0,"footnotes":""},"categories":[36,26,27,69],"tags":[71,72,74],"class_list":["post-62402","post","type-post","status-publish","format-standard","has-post-thumbnail","hentry","category-economia","category-local","category-sonora","category-ultimas-noticias","tag-alfonso-durazo","tag-claudia-sheinbaum","tag-hermosillo"],"_links":{"self":[{"href":"https:\/\/elpajaritonews.com\/index.php?rest_route=\/wp\/v2\/posts\/62402","targetHints":{"allow":["GET"]}}],"collection":[{"href":"https:\/\/elpajaritonews.com\/index.php?rest_route=\/wp\/v2\/posts"}],"about":[{"href":"https:\/\/elpajaritonews.com\/index.php?rest_route=\/wp\/v2\/types\/post"}],"author":[{"embeddable":true,"href":"https:\/\/elpajaritonews.com\/index.php?rest_route=\/wp\/v2\/users\/2"}],"replies":[{"embeddable":true,"href":"https:\/\/elpajaritonews.com\/index.php?rest_route=%2Fwp%2Fv2%2Fcomments&post=62402"}],"version-history":[{"count":1,"href":"https:\/\/elpajaritonews.com\/index.php?rest_route=\/wp\/v2\/posts\/62402\/revisions"}],"predecessor-version":[{"id":62407,"href":"https:\/\/elpajaritonews.com\/index.php?rest_route=\/wp\/v2\/posts\/62402\/revisions\/62407"}],"wp:featuredmedia":[{"embeddable":true,"href":"https:\/\/elpajaritonews.com\/index.php?rest_route=\/wp\/v2\/media\/62403"}],"wp:attachment":[{"href":"https:\/\/elpajaritonews.com\/index.php?rest_route=%2Fwp%2Fv2%2Fmedia&parent=62402"}],"wp:term":[{"taxonomy":"category","embeddable":true,"href":"https:\/\/elpajaritonews.com\/index.php?rest_route=%2Fwp%2Fv2%2Fcategories&post=62402"},{"taxonomy":"post_tag","embeddable":true,"href":"https:\/\/elpajaritonews.com\/index.php?rest_route=%2Fwp%2Fv2%2Ftags&post=62402"}],"curies":[{"name":"wp","href":"https:\/\/api.w.org\/{rel}","templated":true}]}}