{"id":62408,"date":"2024-10-17T18:04:14","date_gmt":"2024-10-18T01:04:14","guid":{"rendered":"https:\/\/elpajaritonews.com\/?p=62408"},"modified":"2024-10-17T18:04:16","modified_gmt":"2024-10-18T01:04:16","slug":"fortalece-gobernador-durazo-educacion-y-salud-en-comunidades-de-la-sierra-con-entrega-de-becas-y-jornada-de-vacunacion","status":"publish","type":"post","link":"https:\/\/elpajaritonews.com\/?p=62408","title":{"rendered":"FORTALECE GOBERNADOR DURAZO EDUCACI\u00d3N Y SALUD EN COMUNIDADES DE LA SIERRA CON ENTREGA DE BECAS Y JORNADA DE VACUNACI\u00d3N"},"content":{"rendered":"\n<p class=\"wp-block-paragraph\">Acciones a favor de la educaci\u00f3n y la salud que impactan positivamente en la calidad de vida de las familias, llev\u00f3 el gobernador Alfonso Durazo Monta\u00f1o a comunidades de la sierra en Moctezuma y Tepache, donde encabez\u00f3 la entrega de becas a estudiantes universitarios y arranc\u00f3 la campa\u00f1a de vacunaci\u00f3n para la temporada invernal, enfocada en proteger la salud de los grupos m\u00e1s vulnerables de la poblaci\u00f3n.<\/p>\n\n\n\n<figure class=\"wp-block-image size-large\"><img loading=\"lazy\" decoding=\"async\" width=\"1024\" height=\"682\" src=\"https:\/\/elpajaritonews.com\/wp-content\/uploads\/2024\/10\/52ac5e1e-56a2-4141-aec6-62c4c4edc9d7-1024x682.jpg\" alt=\"\" class=\"wp-image-62410\" srcset=\"https:\/\/elpajaritonews.com\/wp-content\/uploads\/2024\/10\/52ac5e1e-56a2-4141-aec6-62c4c4edc9d7-1024x682.jpg 1024w, https:\/\/elpajaritonews.com\/wp-content\/uploads\/2024\/10\/52ac5e1e-56a2-4141-aec6-62c4c4edc9d7-300x200.jpg 300w, https:\/\/elpajaritonews.com\/wp-content\/uploads\/2024\/10\/52ac5e1e-56a2-4141-aec6-62c4c4edc9d7-768x512.jpg 768w, https:\/\/elpajaritonews.com\/wp-content\/uploads\/2024\/10\/52ac5e1e-56a2-4141-aec6-62c4c4edc9d7-1536x1023.jpg 1536w, https:\/\/elpajaritonews.com\/wp-content\/uploads\/2024\/10\/52ac5e1e-56a2-4141-aec6-62c4c4edc9d7-600x400.jpg 600w, https:\/\/elpajaritonews.com\/wp-content\/uploads\/2024\/10\/52ac5e1e-56a2-4141-aec6-62c4c4edc9d7.jpg 1600w\" sizes=\"auto, (max-width: 1024px) 100vw, 1024px\" \/><\/figure>\n\n\n\n<p class=\"wp-block-paragraph\">Durante su gira de trabajo por Moctezuma, el mandatario estatal realiz\u00f3 la entrega de becas \u201cSonora de Oportunidades\u00bb a 584 estudiantes de la Universidad de la Sierra, correspondientes al ciclo escolar 2024-2, con una inversi\u00f3n de 4.8 millones de pesos. Adem\u00e1s de la beca, los beneficiarios recibieron una tarjeta con servicio de telefon\u00eda m\u00f3vil gratuito por seis meses, lo que incluye llamadas, mensajes y acceso ilimitado a redes sociales.<\/p>\n\n\n\n<figure class=\"wp-block-image size-large\"><img loading=\"lazy\" decoding=\"async\" width=\"1024\" height=\"682\" src=\"https:\/\/elpajaritonews.com\/wp-content\/uploads\/2024\/10\/49d405c3-f097-43db-9db3-f3f56a76614a-1024x682.jpg\" alt=\"\" class=\"wp-image-62411\" srcset=\"https:\/\/elpajaritonews.com\/wp-content\/uploads\/2024\/10\/49d405c3-f097-43db-9db3-f3f56a76614a-1024x682.jpg 1024w, https:\/\/elpajaritonews.com\/wp-content\/uploads\/2024\/10\/49d405c3-f097-43db-9db3-f3f56a76614a-300x200.jpg 300w, https:\/\/elpajaritonews.com\/wp-content\/uploads\/2024\/10\/49d405c3-f097-43db-9db3-f3f56a76614a-768x512.jpg 768w, https:\/\/elpajaritonews.com\/wp-content\/uploads\/2024\/10\/49d405c3-f097-43db-9db3-f3f56a76614a-600x400.jpg 600w, https:\/\/elpajaritonews.com\/wp-content\/uploads\/2024\/10\/49d405c3-f097-43db-9db3-f3f56a76614a.jpg 1280w\" sizes=\"auto, (max-width: 1024px) 100vw, 1024px\" \/><\/figure>\n\n\n\n<p class=\"wp-block-paragraph\">El gobernador Durazo detall\u00f3 que el cien por ciento de los alumnos de la Universidad de la Sierra son beneficiarios del programa de becas m\u00e1s grande en la historia de Sonora, logrando reducir la deserci\u00f3n escolar en la instituci\u00f3n educativa de 16 a 6 por ciento e impulsar a los j\u00f3venes a la profesionalizaci\u00f3n con iniciativas como la del Plan Sonora que a la fecha ha llevado de intercambio a Taiw\u00e1n a tres estudiantes de ese plantel.<\/p>\n\n\n\n<p class=\"wp-block-paragraph\">\u00abPara m\u00ed es muy importante la Universidad de la Sierra porque da un espacio y una oportunidad de formaci\u00f3n acad\u00e9mica a j\u00f3venes que vienen de poblaciones a las que nunca les ha tocado nada.&nbsp; Por eso para m\u00ed la prioridad de entregar este programa de becas al 100 por ciento de los estudiantes de la Universidad de la Sierra\u00bb, coment\u00f3.<\/p>\n\n\n\n<figure class=\"wp-block-image size-large\"><img loading=\"lazy\" decoding=\"async\" width=\"1024\" height=\"682\" src=\"https:\/\/elpajaritonews.com\/wp-content\/uploads\/2024\/10\/272bd845-568f-4569-bd98-8b7dea1570a1-1024x682.jpg\" alt=\"\" class=\"wp-image-62412\" srcset=\"https:\/\/elpajaritonews.com\/wp-content\/uploads\/2024\/10\/272bd845-568f-4569-bd98-8b7dea1570a1-1024x682.jpg 1024w, https:\/\/elpajaritonews.com\/wp-content\/uploads\/2024\/10\/272bd845-568f-4569-bd98-8b7dea1570a1-300x200.jpg 300w, https:\/\/elpajaritonews.com\/wp-content\/uploads\/2024\/10\/272bd845-568f-4569-bd98-8b7dea1570a1-768x512.jpg 768w, https:\/\/elpajaritonews.com\/wp-content\/uploads\/2024\/10\/272bd845-568f-4569-bd98-8b7dea1570a1-600x400.jpg 600w, https:\/\/elpajaritonews.com\/wp-content\/uploads\/2024\/10\/272bd845-568f-4569-bd98-8b7dea1570a1.jpg 1280w\" sizes=\"auto, (max-width: 1024px) 100vw, 1024px\" \/><\/figure>\n\n\n\n<p class=\"wp-block-paragraph\">En el municipio de Tepache, el gobernador Durazo Monta\u00f1o dio inicio a la campa\u00f1a de vacunaci\u00f3n para la temporada invernal 2024-2025. Este esfuerzo tiene como objetivo proteger a la poblaci\u00f3n contra enfermedades respiratorias, incluyendo la influenza y el COVID-19, con una meta de aplicar m\u00e1s de 876 mil dosis en todo el estado.<\/p>\n\n\n\n<figure class=\"wp-block-image size-large\"><img loading=\"lazy\" decoding=\"async\" width=\"1024\" height=\"682\" src=\"https:\/\/elpajaritonews.com\/wp-content\/uploads\/2024\/10\/a7bf06c3-dcef-4c0c-8f44-13045f537f48-1024x682.jpg\" alt=\"\" class=\"wp-image-62413\" srcset=\"https:\/\/elpajaritonews.com\/wp-content\/uploads\/2024\/10\/a7bf06c3-dcef-4c0c-8f44-13045f537f48-1024x682.jpg 1024w, https:\/\/elpajaritonews.com\/wp-content\/uploads\/2024\/10\/a7bf06c3-dcef-4c0c-8f44-13045f537f48-300x200.jpg 300w, https:\/\/elpajaritonews.com\/wp-content\/uploads\/2024\/10\/a7bf06c3-dcef-4c0c-8f44-13045f537f48-768x512.jpg 768w, https:\/\/elpajaritonews.com\/wp-content\/uploads\/2024\/10\/a7bf06c3-dcef-4c0c-8f44-13045f537f48-600x400.jpg 600w, https:\/\/elpajaritonews.com\/wp-content\/uploads\/2024\/10\/a7bf06c3-dcef-4c0c-8f44-13045f537f48.jpg 1280w\" sizes=\"auto, (max-width: 1024px) 100vw, 1024px\" \/><\/figure>\n\n\n\n<p class=\"wp-block-paragraph\">El titular del Ejecutivo estatal destac\u00f3 la importancia de priorizar a los grupos m\u00e1s vulnerables, como ni\u00f1os, adultos mayores y personas con condiciones de salud cr\u00f3nicas.<\/p>\n\n\n\n<figure class=\"wp-block-embed is-type-rich is-provider-twitter wp-block-embed-twitter\"><div class=\"wp-block-embed__wrapper\">\n<blockquote class=\"twitter-tweet\" data-width=\"550\" data-dnt=\"true\"><p lang=\"es\" dir=\"ltr\">El gobernador <a href=\"https:\/\/twitter.com\/AlfonsoDurazo?ref_src=twsrc%5Etfw\">@AlfonsoDurazo<\/a> arranc\u00f3 la campa\u00f1a de vacunaci\u00f3n para la temporada invernal 2024-2025.  Inicia con la vacuna contra la influenza  y ya est\u00e1 disponible en las 275 unidades de salud en el estado. <a href=\"https:\/\/t.co\/zAgSX4MTJK\">pic.twitter.com\/zAgSX4MTJK<\/a><\/p>&mdash; Vinicio Sanchez (@viniciosanchez) <a href=\"https:\/\/twitter.com\/viniciosanchez\/status\/1847036483007594538?ref_src=twsrc%5Etfw\">October 17, 2024<\/a><\/blockquote><script async src=\"https:\/\/platform.twitter.com\/widgets.js\" charset=\"utf-8\"><\/script>\n<\/div><\/figure>\n","protected":false},"excerpt":{"rendered":"<p>Acciones a favor de la educaci\u00f3n y la salud que impactan positivamente en la calidad de vida de las familias, llev\u00f3 el gobernador Alfonso Durazo Monta\u00f1o a comunidades de la sierra en Moctezuma y Tepache, donde encabez\u00f3 la entrega de becas a estudiantes universitarios y arranc\u00f3 la campa\u00f1a de vacunaci\u00f3n para la temporada invernal, enfocada&#8230;<\/p>\n","protected":false},"author":2,"featured_media":62409,"comment_status":"closed","ping_status":"closed","sticky":false,"template":"","format":"standard","meta":{"_crdt_document":"","_exactmetrics_skip_tracking":false,"_exactmetrics_sitenote_active":false,"_exactmetrics_sitenote_note":"","_exactmetrics_sitenote_category":0,"footnotes":""},"categories":[33,26,31,32,27,69],"tags":[71,72,30],"class_list":["post-62408","post","type-post","status-publish","format-standard","has-post-thumbnail","hentry","category-educacion","category-local","category-politica","category-salud","category-sonora","category-ultimas-noticias","tag-alfonso-durazo","tag-claudia-sheinbaum","tag-sonora-tierra-de-oportunidades"],"_links":{"self":[{"href":"https:\/\/elpajaritonews.com\/index.php?rest_route=\/wp\/v2\/posts\/62408","targetHints":{"allow":["GET"]}}],"collection":[{"href":"https:\/\/elpajaritonews.com\/index.php?rest_route=\/wp\/v2\/posts"}],"about":[{"href":"https:\/\/elpajaritonews.com\/index.php?rest_route=\/wp\/v2\/types\/post"}],"author":[{"embeddable":true,"href":"https:\/\/elpajaritonews.com\/index.php?rest_route=\/wp\/v2\/users\/2"}],"replies":[{"embeddable":true,"href":"https:\/\/elpajaritonews.com\/index.php?rest_route=%2Fwp%2Fv2%2Fcomments&post=62408"}],"version-history":[{"count":1,"href":"https:\/\/elpajaritonews.com\/index.php?rest_route=\/wp\/v2\/posts\/62408\/revisions"}],"predecessor-version":[{"id":62414,"href":"https:\/\/elpajaritonews.com\/index.php?rest_route=\/wp\/v2\/posts\/62408\/revisions\/62414"}],"wp:featuredmedia":[{"embeddable":true,"href":"https:\/\/elpajaritonews.com\/index.php?rest_route=\/wp\/v2\/media\/62409"}],"wp:attachment":[{"href":"https:\/\/elpajaritonews.com\/index.php?rest_route=%2Fwp%2Fv2%2Fmedia&parent=62408"}],"wp:term":[{"taxonomy":"category","embeddable":true,"href":"https:\/\/elpajaritonews.com\/index.php?rest_route=%2Fwp%2Fv2%2Fcategories&post=62408"},{"taxonomy":"post_tag","embeddable":true,"href":"https:\/\/elpajaritonews.com\/index.php?rest_route=%2Fwp%2Fv2%2Ftags&post=62408"}],"curies":[{"name":"wp","href":"https:\/\/api.w.org\/{rel}","templated":true}]}}