{"id":62476,"date":"2024-10-22T20:49:48","date_gmt":"2024-10-23T03:49:48","guid":{"rendered":"https:\/\/elpajaritonews.com\/?p=62476"},"modified":"2024-10-22T20:49:50","modified_gmt":"2024-10-23T03:49:50","slug":"nombran-a-fiscal-anticorrupcion-y-el-fiscal-estatal-le-toma-protesta-algo-no-cuadra-bien","status":"publish","type":"post","link":"https:\/\/elpajaritonews.com\/?p=62476","title":{"rendered":"NOMBRAN A FISCAL ANTICORRUPCI\u00d3N Y EL FISCAL ESTATAL LE TOMA PROTESTA, \u00abALGO NO CUADRA BIEN\u00bb"},"content":{"rendered":"\n<p class=\"wp-block-paragraph\">El Fiscal General del Estado de Sonora, Gustavo R\u00f3mulo Salas Ch\u00e1vez, tom\u00f3 protesta a Mauricio Ignacio Ibarra Romo como nuevo Fiscal Anticorrupci\u00f3n en la entidad, esto tras cumplir a cabalidad los requisitos establecidos por la Constituci\u00f3n del Estado y ser aprobado por mayor\u00eda en el Congreso de Sonora para asumir esta importante responsabilidad.<\/p>\n\n\n\n<p class=\"wp-block-paragraph\">Los requisitos para la elecci\u00f3n del Fiscal Anticorrupci\u00f3n est\u00e1n definidos en el Art\u00edculo 105 de la Constituci\u00f3n Pol\u00edtica del Estado de Sonora, misma que se\u00f1ala que para tales fines, se requiere: Ser ciudadano mexicano en pleno ejercicio de sus derechos; acreditar buena conducta y no haber sido condenado por sentencia ejecutoriada por delitos intencionales, as\u00ed como ser licenciado en derecho con t\u00edtulo legalmente expedido.<\/p>\n\n\n\n<p class=\"wp-block-paragraph\">Mauricio Ignacio Ibarra Romo, nacido en la Ciudad de M\u00e9xico el 10 de noviembre de 1962, cuenta con una s\u00f3lida formaci\u00f3n acad\u00e9mica y una extensa experiencia en el \u00e1mbito jur\u00eddico y gubernamental: Es licenciado en Derecho por la Universidad Aut\u00f3noma Metropolitana (UAM) y tiene una maestr\u00eda en Econom\u00eda y Pol\u00edtica Internacional por el Centro de Investigaci\u00f3n y Docencia Econ\u00f3micas (CIDE).<\/p>\n\n\n\n<p class=\"wp-block-paragraph\">Adem\u00e1s, curs\u00f3 estudios de Doctorado en Gobierno en la University of Essex, Reino Unido y cuenta con diversas especializaciones, incluyendo la Especializaci\u00f3n Judicial del Instituto de la Judicatura y diplomados en Competencia Econ\u00f3mica y Derecho de las Tecnolog\u00edas de la Informaci\u00f3n.<\/p>\n\n\n\n<p class=\"wp-block-paragraph\">En cuanto a su experiencia laboral, el nuevo Fiscal Anticorrupci\u00f3n en Sonora ha ocupado cargos relevantes, como director general de Asuntos Jur\u00eddicos en la Comisi\u00f3n Nacional de los Derechos Humanos (CNDH), director de Seguimiento y Control en la Secretar\u00eda de Hacienda y Cr\u00e9dito P\u00fablico, y titular del Centro Nacional de Certificaci\u00f3n y Acreditaci\u00f3n del Sistema Nacional de Seguridad P\u00fablica.<\/p>\n\n\n\n<p class=\"wp-block-paragraph\">Con esta nueva designaci\u00f3n, la Fiscal\u00eda General de Justicia del Estado de Sonora (FGJES) refuerza un \u00e1rea de gran importancia en la vida p\u00fablica de la entidad y reitera su compromiso con el combate a la corrupci\u00f3n y la garant\u00eda de transparencia en la entidad.<\/p>\n","protected":false},"excerpt":{"rendered":"<p>El Fiscal General del Estado de Sonora, Gustavo R\u00f3mulo Salas Ch\u00e1vez, tom\u00f3 protesta a Mauricio Ignacio Ibarra Romo como nuevo Fiscal Anticorrupci\u00f3n en la entidad, esto tras cumplir a cabalidad los requisitos establecidos por la Constituci\u00f3n del Estado y ser aprobado por mayor\u00eda en el Congreso de Sonora para asumir esta importante responsabilidad. Los requisitos&#8230;<\/p>\n","protected":false},"author":2,"featured_media":62477,"comment_status":"closed","ping_status":"closed","sticky":false,"template":"","format":"standard","meta":{"_crdt_document":"","_exactmetrics_skip_tracking":false,"_exactmetrics_sitenote_active":false,"_exactmetrics_sitenote_note":"","_exactmetrics_sitenote_category":0,"footnotes":""},"categories":[88,26,82,31,1,27],"tags":[71,75,30],"class_list":["post-62476","post","type-post","status-publish","format-standard","has-post-thumbnail","hentry","category-justicia","category-local","category-poder-judicial","category-politica","category-seguridad","category-sonora","tag-alfonso-durazo","tag-seguridad-publica","tag-sonora-tierra-de-oportunidades"],"_links":{"self":[{"href":"https:\/\/elpajaritonews.com\/index.php?rest_route=\/wp\/v2\/posts\/62476","targetHints":{"allow":["GET"]}}],"collection":[{"href":"https:\/\/elpajaritonews.com\/index.php?rest_route=\/wp\/v2\/posts"}],"about":[{"href":"https:\/\/elpajaritonews.com\/index.php?rest_route=\/wp\/v2\/types\/post"}],"author":[{"embeddable":true,"href":"https:\/\/elpajaritonews.com\/index.php?rest_route=\/wp\/v2\/users\/2"}],"replies":[{"embeddable":true,"href":"https:\/\/elpajaritonews.com\/index.php?rest_route=%2Fwp%2Fv2%2Fcomments&post=62476"}],"version-history":[{"count":1,"href":"https:\/\/elpajaritonews.com\/index.php?rest_route=\/wp\/v2\/posts\/62476\/revisions"}],"predecessor-version":[{"id":62478,"href":"https:\/\/elpajaritonews.com\/index.php?rest_route=\/wp\/v2\/posts\/62476\/revisions\/62478"}],"wp:featuredmedia":[{"embeddable":true,"href":"https:\/\/elpajaritonews.com\/index.php?rest_route=\/wp\/v2\/media\/62477"}],"wp:attachment":[{"href":"https:\/\/elpajaritonews.com\/index.php?rest_route=%2Fwp%2Fv2%2Fmedia&parent=62476"}],"wp:term":[{"taxonomy":"category","embeddable":true,"href":"https:\/\/elpajaritonews.com\/index.php?rest_route=%2Fwp%2Fv2%2Fcategories&post=62476"},{"taxonomy":"post_tag","embeddable":true,"href":"https:\/\/elpajaritonews.com\/index.php?rest_route=%2Fwp%2Fv2%2Ftags&post=62476"}],"curies":[{"name":"wp","href":"https:\/\/api.w.org\/{rel}","templated":true}]}}