{"id":62479,"date":"2024-10-23T01:08:08","date_gmt":"2024-10-23T08:08:08","guid":{"rendered":"https:\/\/elpajaritonews.com\/?p=62479"},"modified":"2024-10-23T01:08:10","modified_gmt":"2024-10-23T08:08:10","slug":"de-que-murio-fernando-valenzuela-historico-ex-beisbolista-de-los-dodgers","status":"publish","type":"post","link":"https:\/\/elpajaritonews.com\/?p=62479","title":{"rendered":"DE QU\u00c9 MURI\u00d3 FERNANDO VALENZUELA, HIST\u00d3RICO EX BEISBOLISTA DE LOS DODGERS"},"content":{"rendered":"\n<p class=\"wp-block-paragraph\">A los 63 a\u00f1os falleci\u00f3 el ex pitcher creador de la \u201cFernandoman\u00eda\u201d en la d\u00e9cada de los 80 en la MLB, el legado del \u201cToro\u201d sigue siendo un referente para el beisbol mexicano<\/p>\n\n\n\n<p class=\"wp-block-paragraph\">La noche del martes 22 de octubre muri\u00f3 Fernando Valenzuela, la cuenta oficial de Los Dodgers comparti\u00f3 un comunicado en el que confirm\u00f3 el fallecimiento del Toro Valenzuela, ex pitcher mexicano que se convirti\u00f3 en un hist\u00f3rico de la novena de Los \u00c1ngeles.<\/p>\n\n\n\n<p class=\"wp-block-paragraph\">Tras pasar varias semanas internado en un hospital de Los \u00c1ngeles, Estados Unidos, esta noche se confirm\u00f3 su partida. Con un emotivo mensaje, los Dodgers despidieron al hist\u00f3rico n\u00famero 34 y creador de la Fernandoman\u00eda.<\/p>\n\n\n\n<p class=\"wp-block-paragraph\">As\u00ed lo dieron a conocer el equipo de Los Dodgers en sus redes sociales oficiales:<\/p>\n\n\n\n<p class=\"wp-block-paragraph\">\u201cLos \u00c1ngeles Dodgers lamentan el fallecimiento del legendario lanzador Fernando Valenzuela\u201d.<\/p>\n\n\n\n<p class=\"wp-block-paragraph\">Por su parte, Las Grandes Ligas de Beisbol recordaron la trayectoria del ex lanzador. \u201cEstamos profundamente entristecidos al enterarnos del fallecimiento del gran ex jugador de los Dodgers Fernando Valenzuela\u201d.<\/p>\n\n\n\n<p class=\"wp-block-paragraph\">\u00bfDe qu\u00e9 muri\u00f3 Fernando Valenzuela?<\/p>\n\n\n\n<p class=\"wp-block-paragraph\">El Toro Valenzuela pas\u00f3 sus \u00faltimos d\u00edas hospitalizado, el 30 de septiembre ingres\u00f3 de urgencia al hospital. Fue David Faitelson, de TUDN, quien report\u00f3 que el ex beisbolista estaba pasando por problemas de salud, ya que estaba en una situaci\u00f3n cr\u00edtica que requiri\u00f3 un ingreso m\u00e9dico de urgencia.<\/p>\n\n\n\n<p class=\"wp-block-paragraph\">En ese momento, la familia pidi\u00f3 respeto y privacidad a lo que estaba enfrentando el creador de la Fernandoman\u00eda, no revelaron detalles de su enfermedad. Figuras del deporte mexicano y comentaristas mandaron mensajes de aliento, como fue Julio C\u00e9sar Ch\u00e1vez.<\/p>\n\n\n\n<p class=\"wp-block-paragraph\">\u201c\u00c9l y su familia verdaderamente aprecian el amor y el apoyo de los aficionados. \u00c9l va a hacer todo lo posible para regresar en la temporada del 2025 [\u2026] Su familia ha pedido privacidad durante este tiempo\u201d, publicaron en aquel instante los Dodgers.<\/p>\n\n\n\n<p class=\"wp-block-paragraph\">Ahora, este 22 de octubre que se confirm\u00f3 el fallecimiento de Fernando Valenzuela, las primeras versiones indicaron que el Toro muri\u00f3 debido a complicaciones hep\u00e1ticas que habr\u00edan desencadenado un colapso multiorg\u00e1nico, seg\u00fan report\u00f3 ESPN.<\/p>\n\n\n\n<p class=\"wp-block-paragraph\">Aunque hasta el momento no se tiene m\u00e1s informaci\u00f3n, cuando el entonces comentarista deportivo ingres\u00f3 de urgencia al hospital, reportes de Grupo F\u00f3rmula revelaron que la enfermedad del ex beisbolista era de problemas hep\u00e1ticos, por lo que estaba grave.<\/p>\n\n\n\n<p class=\"wp-block-paragraph\">En las \u00faltimas apariciones p\u00fablicas del Toro Valenzuela se le not\u00f3 m\u00e1s delgado, tuvo un cambio dr\u00e1stico en su peso, por lo que surgieron diferentes rumores de que estaba enfermo, pero el ex lanzador nunca habl\u00f3 al respecto.<\/p>\n\n\n\n<p class=\"wp-block-paragraph\">Estuvo participando en las emisiones en espa\u00f1ol de Los Dodgers en la MLB, desde su retiro pas\u00f3 los \u00faltimos 22 a\u00f1os como locutor. Uno de los \u00faltimos homenajes que recibi\u00f3 fue cuando los Dodgers retiraron el n\u00famero 34 de la plantilla el equipo.<\/p>\n","protected":false},"excerpt":{"rendered":"<p>A los 63 a\u00f1os falleci\u00f3 el ex pitcher creador de la \u201cFernandoman\u00eda\u201d en la d\u00e9cada de los 80 en la MLB, el legado del \u201cToro\u201d sigue siendo un referente para el beisbol mexicano La noche del martes 22 de octubre muri\u00f3 Fernando Valenzuela, la cuenta oficial de Los Dodgers comparti\u00f3 un comunicado en el que&#8230;<\/p>\n","protected":false},"author":2,"featured_media":62480,"comment_status":"closed","ping_status":"closed","sticky":false,"template":"","format":"standard","meta":{"_crdt_document":"","_exactmetrics_skip_tracking":false,"_exactmetrics_sitenote_active":false,"_exactmetrics_sitenote_note":"","_exactmetrics_sitenote_category":0,"footnotes":""},"categories":[21,26,23,24,27,69],"tags":[71,74,30],"class_list":["post-62479","post","type-post","status-publish","format-standard","has-post-thumbnail","hentry","category-deportes","category-local","category-mexico","category-mundo","category-sonora","category-ultimas-noticias","tag-alfonso-durazo","tag-hermosillo","tag-sonora-tierra-de-oportunidades"],"_links":{"self":[{"href":"https:\/\/elpajaritonews.com\/index.php?rest_route=\/wp\/v2\/posts\/62479","targetHints":{"allow":["GET"]}}],"collection":[{"href":"https:\/\/elpajaritonews.com\/index.php?rest_route=\/wp\/v2\/posts"}],"about":[{"href":"https:\/\/elpajaritonews.com\/index.php?rest_route=\/wp\/v2\/types\/post"}],"author":[{"embeddable":true,"href":"https:\/\/elpajaritonews.com\/index.php?rest_route=\/wp\/v2\/users\/2"}],"replies":[{"embeddable":true,"href":"https:\/\/elpajaritonews.com\/index.php?rest_route=%2Fwp%2Fv2%2Fcomments&post=62479"}],"version-history":[{"count":1,"href":"https:\/\/elpajaritonews.com\/index.php?rest_route=\/wp\/v2\/posts\/62479\/revisions"}],"predecessor-version":[{"id":62481,"href":"https:\/\/elpajaritonews.com\/index.php?rest_route=\/wp\/v2\/posts\/62479\/revisions\/62481"}],"wp:featuredmedia":[{"embeddable":true,"href":"https:\/\/elpajaritonews.com\/index.php?rest_route=\/wp\/v2\/media\/62480"}],"wp:attachment":[{"href":"https:\/\/elpajaritonews.com\/index.php?rest_route=%2Fwp%2Fv2%2Fmedia&parent=62479"}],"wp:term":[{"taxonomy":"category","embeddable":true,"href":"https:\/\/elpajaritonews.com\/index.php?rest_route=%2Fwp%2Fv2%2Fcategories&post=62479"},{"taxonomy":"post_tag","embeddable":true,"href":"https:\/\/elpajaritonews.com\/index.php?rest_route=%2Fwp%2Fv2%2Ftags&post=62479"}],"curies":[{"name":"wp","href":"https:\/\/api.w.org\/{rel}","templated":true}]}}