{"id":62482,"date":"2024-10-23T11:11:17","date_gmt":"2024-10-23T18:11:17","guid":{"rendered":"https:\/\/elpajaritonews.com\/?p=62482"},"modified":"2024-10-23T11:11:20","modified_gmt":"2024-10-23T18:11:20","slug":"en-sonora-avanza-registro-a-pension-mujeres-bienestar-en-curso-programa-salud-casa-por-casa","status":"publish","type":"post","link":"https:\/\/elpajaritonews.com\/?p=62482","title":{"rendered":"EN SONORA AVANZA REGISTRO A PENSI\u00d3N MUJERES BIENESTAR; EN CURSO, PROGRAMA SALUD CASA POR CASA"},"content":{"rendered":"\n<p class=\"wp-block-paragraph\">\u2022&nbsp;&nbsp;&nbsp;&nbsp;&nbsp;&nbsp;&nbsp;&nbsp;&nbsp;&nbsp;&nbsp;&nbsp; M\u00e1s de 17 mil mujeres de 63 a 64 a\u00f1os han sido registradas, reporta el delegado de Bienestar Octavio Almada Palafox<\/p>\n\n\n\n<p class=\"wp-block-paragraph\">\u2022&nbsp;&nbsp;&nbsp;&nbsp;&nbsp;&nbsp;&nbsp;&nbsp;&nbsp;&nbsp;&nbsp;&nbsp; Servidores de la naci\u00f3n han visitado m\u00e1s de 14 mil personas adultas mayores y con discapacidad<\/p>\n\n\n\n<p class=\"wp-block-paragraph\">\u2022&nbsp;&nbsp;&nbsp;&nbsp;&nbsp;&nbsp;&nbsp;&nbsp;&nbsp;&nbsp;&nbsp;&nbsp; Este lunes 21 de octubre inici\u00f3 contrataci\u00f3n de personal m\u00e9dico, de enfermer\u00eda y profesionales de la salud para trabajar en territorio<\/p>\n\n\n\n<figure class=\"wp-block-image size-full\"><img loading=\"lazy\" decoding=\"async\" width=\"512\" height=\"640\" src=\"https:\/\/elpajaritonews.com\/wp-content\/uploads\/2024\/10\/75e4a417-9f7d-4e6b-bad6-9a4803626a2a.jpg\" alt=\"\" class=\"wp-image-62484\" srcset=\"https:\/\/elpajaritonews.com\/wp-content\/uploads\/2024\/10\/75e4a417-9f7d-4e6b-bad6-9a4803626a2a.jpg 512w, https:\/\/elpajaritonews.com\/wp-content\/uploads\/2024\/10\/75e4a417-9f7d-4e6b-bad6-9a4803626a2a-240x300.jpg 240w\" sizes=\"auto, (max-width: 512px) 100vw, 512px\" \/><\/figure>\n\n\n\n<p class=\"wp-block-paragraph\">El delegado de Bienestar en Sonora, Octavio Almada Palafox, inform\u00f3 que avanza de manera satisfactoria el registro de la Pensi\u00f3n Mujeres Bienestar, que tiene como prop\u00f3sito reconocer el trabajo de las mujeres por el cuidado de sus familias y contribuir a su independencia econ\u00f3mica; a la fecha, en Sonora se han registrado m\u00e1s de 17 mil mujeres de 63 a 64 a\u00f1os en los 95 M\u00f3dulos de Bienestar. En todo el pa\u00eds, 704 mil 947 personas de 63 y 64 a\u00f1os han acudido a registrarse en dos mil 600 M\u00f3dulos de Bienestar instalados en el territorio nacional.<\/p>\n\n\n\n<p class=\"wp-block-paragraph\">En conferencia de prensa, el delegado Octavio Almada Palafox record\u00f3 que el pasado 7 de octubre, cumpliendo el compromiso de la presidenta de M\u00e9xico, Claudia Sheinbaum, inici\u00f3 el registro a la pensi\u00f3n en Sonora y en todo el pa\u00eds y continuar\u00e1 hasta el mes de noviembre; en enero, las mujeres de 63 a 64 a\u00f1os recibir\u00e1n la pensi\u00f3n de tres mil pesos bimestrales de manera directa y sin intermediarios a trav\u00e9s de la tarjeta del Banco del Bienestar.<\/p>\n\n\n\n<figure class=\"wp-block-image size-large\"><img loading=\"lazy\" decoding=\"async\" width=\"720\" height=\"1024\" src=\"https:\/\/elpajaritonews.com\/wp-content\/uploads\/2024\/10\/40545b20-b98c-4a2a-a6ee-ac1e79fe334b-720x1024.jpg\" alt=\"\" class=\"wp-image-62485\" srcset=\"https:\/\/elpajaritonews.com\/wp-content\/uploads\/2024\/10\/40545b20-b98c-4a2a-a6ee-ac1e79fe334b-720x1024.jpg 720w, https:\/\/elpajaritonews.com\/wp-content\/uploads\/2024\/10\/40545b20-b98c-4a2a-a6ee-ac1e79fe334b-211x300.jpg 211w, https:\/\/elpajaritonews.com\/wp-content\/uploads\/2024\/10\/40545b20-b98c-4a2a-a6ee-ac1e79fe334b-768x1092.jpg 768w, https:\/\/elpajaritonews.com\/wp-content\/uploads\/2024\/10\/40545b20-b98c-4a2a-a6ee-ac1e79fe334b.jpg 960w\" sizes=\"auto, (max-width: 720px) 100vw, 720px\" \/><\/figure>\n\n\n\n<p class=\"wp-block-paragraph\">Precis\u00f3 que, en el marco del programa Salud Casa por Casa, del 7 de octubre a la fecha, servidores de la naci\u00f3n han visitado en el estado a m\u00e1s de 14 mil derechohabientes de las Pensiones para el Bienestar de las Personas Adultas Mayores y con Discapacidad, a quienes se aplic\u00f3 un cuestionario de salud; las visitas de los servidores de la naci\u00f3n contin\u00faan hasta diciembre.<\/p>\n\n\n\n<p class=\"wp-block-paragraph\">El delegado Almada Palafox a\u00f1adi\u00f3 que se contratar\u00e1n mujeres y hombres m\u00e9dicos, enfermeros y profesionales de la salud, quienes, a partir de febrero, ser\u00e1n los encargados de trabajar en territorio, realizar visitas personalizadas y peri\u00f3dicas a los adultos mayores y personas con discapacidad, entregar la cartilla de salud, brindar atenci\u00f3n primaria en las viviendas, dar seguimiento de salud y enlazar con los otros niveles de salud.<\/p>\n\n\n\n<figure class=\"wp-block-image size-large\"><img loading=\"lazy\" decoding=\"async\" width=\"1024\" height=\"803\" src=\"https:\/\/elpajaritonews.com\/wp-content\/uploads\/2024\/10\/8a85a1eb-c00d-4435-861a-1e84cb1a5e53-1024x803.jpg\" alt=\"\" class=\"wp-image-62486\" srcset=\"https:\/\/elpajaritonews.com\/wp-content\/uploads\/2024\/10\/8a85a1eb-c00d-4435-861a-1e84cb1a5e53-1024x803.jpg 1024w, https:\/\/elpajaritonews.com\/wp-content\/uploads\/2024\/10\/8a85a1eb-c00d-4435-861a-1e84cb1a5e53-300x235.jpg 300w, https:\/\/elpajaritonews.com\/wp-content\/uploads\/2024\/10\/8a85a1eb-c00d-4435-861a-1e84cb1a5e53-768x602.jpg 768w, https:\/\/elpajaritonews.com\/wp-content\/uploads\/2024\/10\/8a85a1eb-c00d-4435-861a-1e84cb1a5e53.jpg 1280w\" sizes=\"auto, (max-width: 1024px) 100vw, 1024px\" \/><\/figure>\n\n\n\n<p class=\"wp-block-paragraph\">Record\u00f3 que la contrataci\u00f3n inici\u00f3 este lunes 21 de octubre y se prolongar\u00e1 hasta el 15 de noviembre; la recepci\u00f3n de documentos es en M\u00f3dulos de Bienestar que pueden consultarse en la p\u00e1gina oficial de la Secretar\u00eda de Bienestar: gob.mx\/bienestar.<\/p>\n\n\n\n<p class=\"wp-block-paragraph\">Los requisitos son:<\/p>\n\n\n\n<p class=\"wp-block-paragraph\">\u2022&nbsp;&nbsp;&nbsp;&nbsp;&nbsp;&nbsp;&nbsp;&nbsp;&nbsp;&nbsp;&nbsp;&nbsp; Licenciatura en medicina, enfermer\u00eda y profesionales de la salud.<\/p>\n\n\n\n<p class=\"wp-block-paragraph\">\u2022&nbsp;&nbsp;&nbsp;&nbsp;&nbsp;&nbsp;&nbsp;&nbsp;&nbsp;&nbsp;&nbsp;&nbsp; Identificaci\u00f3n oficial vigente<\/p>\n\n\n\n<p class=\"wp-block-paragraph\">\u2022&nbsp;&nbsp;&nbsp;&nbsp;&nbsp;&nbsp;&nbsp;&nbsp;&nbsp;&nbsp;&nbsp;&nbsp; CURP<\/p>\n\n\n\n<p class=\"wp-block-paragraph\">\u2022&nbsp;&nbsp;&nbsp;&nbsp;&nbsp;&nbsp;&nbsp;&nbsp;&nbsp;&nbsp;&nbsp;&nbsp; Comprobante de nivel m\u00e1ximo de estudios<\/p>\n\n\n\n<p class=\"wp-block-paragraph\">\u2022&nbsp;&nbsp;&nbsp;&nbsp;&nbsp;&nbsp;&nbsp;&nbsp;&nbsp;&nbsp;&nbsp;&nbsp; Formato de solicitud de contrataci\u00f3n.<\/p>\n","protected":false},"excerpt":{"rendered":"<p>\u2022&nbsp;&nbsp;&nbsp;&nbsp;&nbsp;&nbsp;&nbsp;&nbsp;&nbsp;&nbsp;&nbsp;&nbsp; M\u00e1s de 17 mil mujeres de 63 a 64 a\u00f1os han sido registradas, reporta el delegado de Bienestar Octavio Almada Palafox \u2022&nbsp;&nbsp;&nbsp;&nbsp;&nbsp;&nbsp;&nbsp;&nbsp;&nbsp;&nbsp;&nbsp;&nbsp; Servidores de la naci\u00f3n han visitado m\u00e1s de 14 mil personas adultas mayores y con discapacidad \u2022&nbsp;&nbsp;&nbsp;&nbsp;&nbsp;&nbsp;&nbsp;&nbsp;&nbsp;&nbsp;&nbsp;&nbsp; Este lunes 21 de octubre inici\u00f3 contrataci\u00f3n de personal m\u00e9dico, de enfermer\u00eda y profesionales de&#8230;<\/p>\n","protected":false},"author":2,"featured_media":62483,"comment_status":"closed","ping_status":"closed","sticky":false,"template":"","format":"standard","meta":{"_crdt_document":"","_exactmetrics_skip_tracking":false,"_exactmetrics_sitenote_active":false,"_exactmetrics_sitenote_note":"","_exactmetrics_sitenote_category":0,"footnotes":""},"categories":[31,32,27,69],"tags":[100,72,74,28,29,101,30],"class_list":["post-62482","post","type-post","status-publish","format-standard","has-post-thumbnail","hentry","category-politica","category-salud","category-sonora","category-ultimas-noticias","tag-bienestar","tag-claudia-sheinbaum","tag-hermosillo","tag-nogales","tag-nogales-la-gran-frontera","tag-octavio-almada-palafox","tag-sonora-tierra-de-oportunidades"],"_links":{"self":[{"href":"https:\/\/elpajaritonews.com\/index.php?rest_route=\/wp\/v2\/posts\/62482","targetHints":{"allow":["GET"]}}],"collection":[{"href":"https:\/\/elpajaritonews.com\/index.php?rest_route=\/wp\/v2\/posts"}],"about":[{"href":"https:\/\/elpajaritonews.com\/index.php?rest_route=\/wp\/v2\/types\/post"}],"author":[{"embeddable":true,"href":"https:\/\/elpajaritonews.com\/index.php?rest_route=\/wp\/v2\/users\/2"}],"replies":[{"embeddable":true,"href":"https:\/\/elpajaritonews.com\/index.php?rest_route=%2Fwp%2Fv2%2Fcomments&post=62482"}],"version-history":[{"count":1,"href":"https:\/\/elpajaritonews.com\/index.php?rest_route=\/wp\/v2\/posts\/62482\/revisions"}],"predecessor-version":[{"id":62487,"href":"https:\/\/elpajaritonews.com\/index.php?rest_route=\/wp\/v2\/posts\/62482\/revisions\/62487"}],"wp:featuredmedia":[{"embeddable":true,"href":"https:\/\/elpajaritonews.com\/index.php?rest_route=\/wp\/v2\/media\/62483"}],"wp:attachment":[{"href":"https:\/\/elpajaritonews.com\/index.php?rest_route=%2Fwp%2Fv2%2Fmedia&parent=62482"}],"wp:term":[{"taxonomy":"category","embeddable":true,"href":"https:\/\/elpajaritonews.com\/index.php?rest_route=%2Fwp%2Fv2%2Fcategories&post=62482"},{"taxonomy":"post_tag","embeddable":true,"href":"https:\/\/elpajaritonews.com\/index.php?rest_route=%2Fwp%2Fv2%2Ftags&post=62482"}],"curies":[{"name":"wp","href":"https:\/\/api.w.org\/{rel}","templated":true}]}}