{"id":62513,"date":"2024-10-24T15:38:16","date_gmt":"2024-10-24T22:38:16","guid":{"rendered":"https:\/\/elpajaritonews.com\/?p=62513"},"modified":"2024-10-24T15:38:18","modified_gmt":"2024-10-24T22:38:18","slug":"invita-gobierno-de-sonora-al-gran-festival-de-dia-de-muertos-en-hermosillo","status":"publish","type":"post","link":"https:\/\/elpajaritonews.com\/?p=62513","title":{"rendered":"INVITA GOBIERNO DE SONORA AL GRAN FESTIVAL DE D\u00cdA DE MUERTOS EN #HERMOSILLO"},"content":{"rendered":"\n<p class=\"wp-block-paragraph\">El Gobierno de Sonora, a trav\u00e9s de la Secretar\u00eda de Educaci\u00f3n y Cultura (SEC), el Sistema para el Desarrollo Integral de la Familia en el Estado de Sonora (DIF), el Instituto Sonorense de Cultura (ISC) y Radio Sonora invita a la comunidad en general a participar en el Gran Festival de D\u00eda de Muertos \u201cTradici\u00f3n que nos une\u201d.<\/p>\n\n\n\n<figure class=\"wp-block-image size-large\"><img loading=\"lazy\" decoding=\"async\" width=\"1024\" height=\"682\" src=\"https:\/\/elpajaritonews.com\/wp-content\/uploads\/2024\/10\/163e8529-d2e7-4615-bb61-776ea0554b30-1024x682.jpg\" alt=\"\" class=\"wp-image-62515\" srcset=\"https:\/\/elpajaritonews.com\/wp-content\/uploads\/2024\/10\/163e8529-d2e7-4615-bb61-776ea0554b30-1024x682.jpg 1024w, https:\/\/elpajaritonews.com\/wp-content\/uploads\/2024\/10\/163e8529-d2e7-4615-bb61-776ea0554b30-300x200.jpg 300w, https:\/\/elpajaritonews.com\/wp-content\/uploads\/2024\/10\/163e8529-d2e7-4615-bb61-776ea0554b30-768x512.jpg 768w, https:\/\/elpajaritonews.com\/wp-content\/uploads\/2024\/10\/163e8529-d2e7-4615-bb61-776ea0554b30-1536x1023.jpg 1536w, https:\/\/elpajaritonews.com\/wp-content\/uploads\/2024\/10\/163e8529-d2e7-4615-bb61-776ea0554b30-600x400.jpg 600w, https:\/\/elpajaritonews.com\/wp-content\/uploads\/2024\/10\/163e8529-d2e7-4615-bb61-776ea0554b30.jpg 1600w\" sizes=\"auto, (max-width: 1024px) 100vw, 1024px\" \/><\/figure>\n\n\n\n<p class=\"wp-block-paragraph\">El titular de la SEC, Froyl\u00e1n G\u00e1mez Gamboa, indic\u00f3 que el evento se realizar\u00e1 el viernes 1 de noviembre, de las 16 a las 21 horas, en el Parque Infantil DIF Sonora en Hermosillo y contar\u00e1 con un programa art\u00edstico y cultural variado para el deleite de los asistentes, quienes podr\u00e1n acceder al parque de forma gratuita.<\/p>\n\n\n\n<figure class=\"wp-block-image size-large\"><img loading=\"lazy\" decoding=\"async\" width=\"790\" height=\"1024\" src=\"https:\/\/elpajaritonews.com\/wp-content\/uploads\/2024\/10\/9664cd61-376c-4bdc-9c73-19ca2d1c9980-790x1024.jpg\" alt=\"\" class=\"wp-image-62516\" srcset=\"https:\/\/elpajaritonews.com\/wp-content\/uploads\/2024\/10\/9664cd61-376c-4bdc-9c73-19ca2d1c9980-790x1024.jpg 790w, https:\/\/elpajaritonews.com\/wp-content\/uploads\/2024\/10\/9664cd61-376c-4bdc-9c73-19ca2d1c9980-232x300.jpg 232w, https:\/\/elpajaritonews.com\/wp-content\/uploads\/2024\/10\/9664cd61-376c-4bdc-9c73-19ca2d1c9980-768x995.jpg 768w, https:\/\/elpajaritonews.com\/wp-content\/uploads\/2024\/10\/9664cd61-376c-4bdc-9c73-19ca2d1c9980.jpg 988w\" sizes=\"auto, (max-width: 790px) 100vw, 790px\" \/><\/figure>\n\n\n\n<p class=\"wp-block-paragraph\">Explic\u00f3 que en esta celebraci\u00f3n se premiar\u00e1 a las y los participantes de las Convocatorias de Catrinas y Catrines, as\u00ed como de Altares 2024, dirigidas a la comunidad educativa y sociedad en general, por lo que invit\u00f3 a consultar las bases en el portal educaci\u00f3n.sonora.gob.mx as\u00ed como en las p\u00e1ginas electr\u00f3nicas de las instituciones participantes.<\/p>\n\n\n\n<p class=\"wp-block-paragraph\">Resalt\u00f3 que se trata de un esfuerzo interinstitucional para fortalecer la promoci\u00f3n y el fomento de las tradiciones mexicanas entre las nuevas generaciones, por lo que reiter\u00f3 la invitaci\u00f3n a todas las familias para que asistan el pr\u00f3ximo viernes 1 de noviembre, en la v\u00edspera del D\u00eda de Muertos.<\/p>\n\n\n\n<figure class=\"wp-block-image size-large\"><img loading=\"lazy\" decoding=\"async\" width=\"790\" height=\"1024\" src=\"https:\/\/elpajaritonews.com\/wp-content\/uploads\/2024\/10\/de060b23-4b60-4c35-a4dd-682fdddcee28-790x1024.jpg\" alt=\"\" class=\"wp-image-62517\" srcset=\"https:\/\/elpajaritonews.com\/wp-content\/uploads\/2024\/10\/de060b23-4b60-4c35-a4dd-682fdddcee28-790x1024.jpg 790w, https:\/\/elpajaritonews.com\/wp-content\/uploads\/2024\/10\/de060b23-4b60-4c35-a4dd-682fdddcee28-232x300.jpg 232w, https:\/\/elpajaritonews.com\/wp-content\/uploads\/2024\/10\/de060b23-4b60-4c35-a4dd-682fdddcee28-768x995.jpg 768w, https:\/\/elpajaritonews.com\/wp-content\/uploads\/2024\/10\/de060b23-4b60-4c35-a4dd-682fdddcee28.jpg 988w\" sizes=\"auto, (max-width: 790px) 100vw, 790px\" \/><\/figure>\n\n\n\n<p class=\"wp-block-paragraph\">Agradeci\u00f3 la colaboraci\u00f3n del Centro Regional de Formaci\u00f3n Profesional Docente de Sonora (Creson), Colegio de Bachilleres del Estado de Sonora (Cobach), Colegio de Estudios Cient\u00edficos y Tecnol\u00f3gicos del Estado de Sonora (Cecyte), Universidad Estatal de Sonora (UES), Universidad Tecnol\u00f3gica de Hermosillo y Cineteca Sonora, que participar\u00e1n en la programaci\u00f3n art\u00edstica con rondallas, solistas, grupos de danza y teatro, as\u00ed como proyecci\u00f3n cinematogr\u00e1fica.<\/p>\n","protected":false},"excerpt":{"rendered":"<p>El Gobierno de Sonora, a trav\u00e9s de la Secretar\u00eda de Educaci\u00f3n y Cultura (SEC), el Sistema para el Desarrollo Integral de la Familia en el Estado de Sonora (DIF), el Instituto Sonorense de Cultura (ISC) y Radio Sonora invita a la comunidad en general a participar en el Gran Festival de D\u00eda de Muertos \u201cTradici\u00f3n&#8230;<\/p>\n","protected":false},"author":2,"featured_media":62514,"comment_status":"closed","ping_status":"closed","sticky":false,"template":"","format":"standard","meta":{"_crdt_document":"","_exactmetrics_skip_tracking":false,"_exactmetrics_sitenote_active":false,"_exactmetrics_sitenote_note":"","_exactmetrics_sitenote_category":0,"footnotes":""},"categories":[22,26,27,84,69],"tags":[],"class_list":["post-62513","post","type-post","status-publish","format-standard","has-post-thumbnail","hentry","category-escena","category-local","category-sonora","category-turismo","category-ultimas-noticias"],"_links":{"self":[{"href":"https:\/\/elpajaritonews.com\/index.php?rest_route=\/wp\/v2\/posts\/62513","targetHints":{"allow":["GET"]}}],"collection":[{"href":"https:\/\/elpajaritonews.com\/index.php?rest_route=\/wp\/v2\/posts"}],"about":[{"href":"https:\/\/elpajaritonews.com\/index.php?rest_route=\/wp\/v2\/types\/post"}],"author":[{"embeddable":true,"href":"https:\/\/elpajaritonews.com\/index.php?rest_route=\/wp\/v2\/users\/2"}],"replies":[{"embeddable":true,"href":"https:\/\/elpajaritonews.com\/index.php?rest_route=%2Fwp%2Fv2%2Fcomments&post=62513"}],"version-history":[{"count":1,"href":"https:\/\/elpajaritonews.com\/index.php?rest_route=\/wp\/v2\/posts\/62513\/revisions"}],"predecessor-version":[{"id":62518,"href":"https:\/\/elpajaritonews.com\/index.php?rest_route=\/wp\/v2\/posts\/62513\/revisions\/62518"}],"wp:featuredmedia":[{"embeddable":true,"href":"https:\/\/elpajaritonews.com\/index.php?rest_route=\/wp\/v2\/media\/62514"}],"wp:attachment":[{"href":"https:\/\/elpajaritonews.com\/index.php?rest_route=%2Fwp%2Fv2%2Fmedia&parent=62513"}],"wp:term":[{"taxonomy":"category","embeddable":true,"href":"https:\/\/elpajaritonews.com\/index.php?rest_route=%2Fwp%2Fv2%2Fcategories&post=62513"},{"taxonomy":"post_tag","embeddable":true,"href":"https:\/\/elpajaritonews.com\/index.php?rest_route=%2Fwp%2Fv2%2Ftags&post=62513"}],"curies":[{"name":"wp","href":"https:\/\/api.w.org\/{rel}","templated":true}]}}