{"id":62522,"date":"2024-10-24T17:42:13","date_gmt":"2024-10-25T00:42:13","guid":{"rendered":"https:\/\/elpajaritonews.com\/?p=62522"},"modified":"2024-10-24T17:42:15","modified_gmt":"2024-10-25T00:42:15","slug":"presentaran-reformas-a-ley-de-proteccion-animal-en-sonora","status":"publish","type":"post","link":"https:\/\/elpajaritonews.com\/?p=62522","title":{"rendered":"PRESENTAR\u00c1N REFORMAS A LEY DE PROTECCI\u00d3N ANIMAL EN SONORA"},"content":{"rendered":"\n<p class=\"wp-block-paragraph\">Gracias al di\u00e1logo constructivo con las asociaciones civiles, se lograron consensar las reformas a la Ley de Protecci\u00f3n y Bienestar Animal en Sonora.<\/p>\n\n\n\n<p class=\"wp-block-paragraph\">El coordinador del Grupo Parlamentario del Partido Verde Ecologista de M\u00e9xico (PVEM), David Figueroa Ortega, destac\u00f3 que los acuerdos alcanzados ser\u00e1n presentados ante el Pleno el pr\u00f3ximo martes 29 de octubre.<\/p>\n\n\n\n<p class=\"wp-block-paragraph\">El diputado por el Distrito VI Hermosillo expuso que ser\u00e1 \u00abcon el prop\u00f3sito de asegurar que esta ley integre las mejores pr\u00e1cticas en bienestar, sin comprometer el desarrollo social de nuestro querido Sonora\u00bb.<\/p>\n\n\n\n<p class=\"wp-block-paragraph\">Figueroa Ortega estableci\u00f3 que durante varias mesas de trabajo \u00abescuchamos de manera atenta las observaciones de m\u00faltiples organizaciones como la Uni\u00f3n Ganadera Regional de Sonora (UGRS), el Colegio de Veterinarios y la Asociaci\u00f3n de Galleros de Sonora, quienes contribuyeron con propuestas que enriquecen esta legislaci\u00f3n\u00bb.<\/p>\n\n\n\n<p class=\"wp-block-paragraph\">Apunt\u00f3 que en el caso de la asociaci\u00f3n gall\u00edstica \u00ablogramos un acuerdo para establecer un per\u00edodo de transici\u00f3n de tres a\u00f1os, facilitando su adaptaci\u00f3n a nuevas alternativas productivas de manera gradual\u00bb.<\/p>\n\n\n\n<p class=\"wp-block-paragraph\">El diputado David Figueroa Ortega sostuvo que \u00abseguiremos&nbsp; trabajando para que esta legislaci\u00f3n sea una herramienta justa y eficaz, capaz de promover el bienestar animal sin perder de vista el fortalecimiento de los sectores productivos y una mejor calidad de vida para todas y todos los sonorenses\u00bb.<\/p>\n\n\n\n<figure class=\"wp-block-embed is-type-video is-provider-youtube wp-block-embed-youtube wp-embed-aspect-16-9 wp-has-aspect-ratio\"><div class=\"wp-block-embed__wrapper\">\n<iframe loading=\"lazy\" title=\"24 Octubre 2024  Sesi\u00f3n Ordinaria\" width=\"640\" height=\"360\" src=\"https:\/\/www.youtube.com\/embed\/24fsY589sxk?feature=oembed\" frameborder=\"0\" allow=\"accelerometer; autoplay; clipboard-write; encrypted-media; gyroscope; picture-in-picture; web-share\" referrerpolicy=\"strict-origin-when-cross-origin\" allowfullscreen><\/iframe>\n<\/div><\/figure>\n","protected":false},"excerpt":{"rendered":"<p>Gracias al di\u00e1logo constructivo con las asociaciones civiles, se lograron consensar las reformas a la Ley de Protecci\u00f3n y Bienestar Animal en Sonora. El coordinador del Grupo Parlamentario del Partido Verde Ecologista de M\u00e9xico (PVEM), David Figueroa Ortega, destac\u00f3 que los acuerdos alcanzados ser\u00e1n presentados ante el Pleno el pr\u00f3ximo martes 29 de octubre. El&#8230;<\/p>\n","protected":false},"author":2,"featured_media":62523,"comment_status":"closed","ping_status":"closed","sticky":false,"template":"","format":"standard","meta":{"_crdt_document":"","_exactmetrics_skip_tracking":false,"_exactmetrics_sitenote_active":false,"_exactmetrics_sitenote_note":"","_exactmetrics_sitenote_category":0,"footnotes":""},"categories":[20,88,26,31,1,27],"tags":[73],"class_list":["post-62522","post","type-post","status-publish","format-standard","has-post-thumbnail","hentry","category-congreso","category-justicia","category-local","category-politica","category-seguridad","category-sonora","tag-congreso-del-estado-de-sonora"],"_links":{"self":[{"href":"https:\/\/elpajaritonews.com\/index.php?rest_route=\/wp\/v2\/posts\/62522","targetHints":{"allow":["GET"]}}],"collection":[{"href":"https:\/\/elpajaritonews.com\/index.php?rest_route=\/wp\/v2\/posts"}],"about":[{"href":"https:\/\/elpajaritonews.com\/index.php?rest_route=\/wp\/v2\/types\/post"}],"author":[{"embeddable":true,"href":"https:\/\/elpajaritonews.com\/index.php?rest_route=\/wp\/v2\/users\/2"}],"replies":[{"embeddable":true,"href":"https:\/\/elpajaritonews.com\/index.php?rest_route=%2Fwp%2Fv2%2Fcomments&post=62522"}],"version-history":[{"count":1,"href":"https:\/\/elpajaritonews.com\/index.php?rest_route=\/wp\/v2\/posts\/62522\/revisions"}],"predecessor-version":[{"id":62524,"href":"https:\/\/elpajaritonews.com\/index.php?rest_route=\/wp\/v2\/posts\/62522\/revisions\/62524"}],"wp:featuredmedia":[{"embeddable":true,"href":"https:\/\/elpajaritonews.com\/index.php?rest_route=\/wp\/v2\/media\/62523"}],"wp:attachment":[{"href":"https:\/\/elpajaritonews.com\/index.php?rest_route=%2Fwp%2Fv2%2Fmedia&parent=62522"}],"wp:term":[{"taxonomy":"category","embeddable":true,"href":"https:\/\/elpajaritonews.com\/index.php?rest_route=%2Fwp%2Fv2%2Fcategories&post=62522"},{"taxonomy":"post_tag","embeddable":true,"href":"https:\/\/elpajaritonews.com\/index.php?rest_route=%2Fwp%2Fv2%2Ftags&post=62522"}],"curies":[{"name":"wp","href":"https:\/\/api.w.org\/{rel}","templated":true}]}}