{"id":62533,"date":"2024-10-24T19:47:09","date_gmt":"2024-10-25T02:47:09","guid":{"rendered":"https:\/\/elpajaritonews.com\/?p=62533"},"modified":"2024-10-24T19:47:11","modified_gmt":"2024-10-25T02:47:11","slug":"inician-edicion-65-de-la-comision-sonora-estados-unidos","status":"publish","type":"post","link":"https:\/\/elpajaritonews.com\/?p=62533","title":{"rendered":"INICIAN EDICI\u00d3N 65 DE LA COMISI\u00d3N SONORA &#8211; ESTADOS UNIDOS"},"content":{"rendered":"\n<p class=\"wp-block-paragraph\">Con el panel Plan Sonora de Energ\u00edas Sostenibles: Conectando la Megarregi\u00f3n comenzaron los trabajos de la cumbre binacional entre Sonora y Arizona<\/p>\n\n\n\n<p class=\"wp-block-paragraph\">El Plan Sonora de Energ\u00edas Sostenibles se ha consolidado como una de las iniciativas m\u00e1s ambiciosas y visionarias en el campo de la sostenibilidad y la transici\u00f3n energ\u00e9tica en M\u00e9xico. Este plan es, adem\u00e1s, el presente y futuro de la relaci\u00f3n binacional entre Sonora y Arizona, as\u00ed se se destac\u00f3 en el inicio de los trabajos de la Comisi\u00f3n Sonora \u2013 Estados Unidos y Arizona \u2013 M\u00e9xico.<\/p>\n\n\n\n<p class=\"wp-block-paragraph\">El panel titulado \u00abPlan Sonora de Energ\u00edas Sostenibles: Conectando la Megarregi\u00f3n\u00bb, dio inicio a los trabajos de esta importante reuni\u00f3n binacional, en el que se analizaron los logros alcanzados hasta ahora, as\u00ed como el impacto que tendr\u00e1 la interconexi\u00f3n de la regi\u00f3n Sonora-Arizona en la producci\u00f3n de energ\u00edas renovables.<\/p>\n\n\n\n<figure class=\"wp-block-image size-large\"><img loading=\"lazy\" decoding=\"async\" width=\"1024\" height=\"682\" src=\"https:\/\/elpajaritonews.com\/wp-content\/uploads\/2024\/10\/fb430405-f8ed-4e11-9c76-da5adb605a1d-1024x682.jpg\" alt=\"\" class=\"wp-image-62535\" srcset=\"https:\/\/elpajaritonews.com\/wp-content\/uploads\/2024\/10\/fb430405-f8ed-4e11-9c76-da5adb605a1d-1024x682.jpg 1024w, https:\/\/elpajaritonews.com\/wp-content\/uploads\/2024\/10\/fb430405-f8ed-4e11-9c76-da5adb605a1d-300x200.jpg 300w, https:\/\/elpajaritonews.com\/wp-content\/uploads\/2024\/10\/fb430405-f8ed-4e11-9c76-da5adb605a1d-768x512.jpg 768w, https:\/\/elpajaritonews.com\/wp-content\/uploads\/2024\/10\/fb430405-f8ed-4e11-9c76-da5adb605a1d-600x400.jpg 600w, https:\/\/elpajaritonews.com\/wp-content\/uploads\/2024\/10\/fb430405-f8ed-4e11-9c76-da5adb605a1d.jpg 1280w\" sizes=\"auto, (max-width: 1024px) 100vw, 1024px\" \/><\/figure>\n\n\n\n<p class=\"wp-block-paragraph\">Entre los participantes destacados del panel se encontraban expertos de ambos pa\u00edses, como Diego Avil\u00e9s, coordinador ejecutivo del Consejo para el Desarrollo Sostenible (Codeso); Paola Hidalgo, directora ejecutiva de relaciones con M\u00e9xico en la Universidad Estatal de Arizona; Manuel Quevedo L\u00f3pez, jefe de departamento y profesor en la Universidad de Texas; y Bruce Nail, profesor em\u00e9rito de ciencia e ingenier\u00eda de materiales en la misma instituci\u00f3n. Estos especialistas coincidieron en la importancia de la colaboraci\u00f3n transfronteriza para el desarrollo de una infraestructura energ\u00e9tica sostenible que beneficie a toda la regi\u00f3n.<\/p>\n\n\n\n<p class=\"wp-block-paragraph\">Durante las presentaciones, coincidieron que el Plan Sonora de Energ\u00edas Sostenibles no solo representa una oportunidad transformadora para el sector energ\u00e9tico en M\u00e9xico y Estados Unidos, sino que tambi\u00e9n fortalece las relaciones econ\u00f3micas, tecnol\u00f3gicas y ambientales entre ambas naciones.<\/p>\n\n\n\n<figure class=\"wp-block-image size-large\"><img loading=\"lazy\" decoding=\"async\" width=\"1024\" height=\"682\" src=\"https:\/\/elpajaritonews.com\/wp-content\/uploads\/2024\/10\/0c831165-1e01-4777-966c-c7c3b01e9779-1024x682.jpg\" alt=\"\" class=\"wp-image-62536\" srcset=\"https:\/\/elpajaritonews.com\/wp-content\/uploads\/2024\/10\/0c831165-1e01-4777-966c-c7c3b01e9779-1024x682.jpg 1024w, https:\/\/elpajaritonews.com\/wp-content\/uploads\/2024\/10\/0c831165-1e01-4777-966c-c7c3b01e9779-300x200.jpg 300w, https:\/\/elpajaritonews.com\/wp-content\/uploads\/2024\/10\/0c831165-1e01-4777-966c-c7c3b01e9779-768x512.jpg 768w, https:\/\/elpajaritonews.com\/wp-content\/uploads\/2024\/10\/0c831165-1e01-4777-966c-c7c3b01e9779-600x400.jpg 600w, https:\/\/elpajaritonews.com\/wp-content\/uploads\/2024\/10\/0c831165-1e01-4777-966c-c7c3b01e9779.jpg 1280w\" sizes=\"auto, (max-width: 1024px) 100vw, 1024px\" \/><\/figure>\n\n\n\n<p class=\"wp-block-paragraph\">\u00abCon este plan, nuestra entidad se convierte en un puente estrat\u00e9gico entre Sonora y Arizona, lo que refuerza la relaci\u00f3n comercial y promueve el desarrollo econ\u00f3mico de toda la regi\u00f3n\u00bb, se\u00f1alaron los panelistas.<\/p>\n\n\n\n<p class=\"wp-block-paragraph\">El evento concluy\u00f3 con el compromiso de ambas partes para seguir impulsando estos proyectos, destacando el papel de Sonora como un l\u00edder regional en la transici\u00f3n hacia un futuro m\u00e1s sostenible y respetuoso con el medio ambiente.<\/p>\n","protected":false},"excerpt":{"rendered":"<p>Con el panel Plan Sonora de Energ\u00edas Sostenibles: Conectando la Megarregi\u00f3n comenzaron los trabajos de la cumbre binacional entre Sonora y Arizona El Plan Sonora de Energ\u00edas Sostenibles se ha consolidado como una de las iniciativas m\u00e1s ambiciosas y visionarias en el campo de la sostenibilidad y la transici\u00f3n energ\u00e9tica en M\u00e9xico. Este plan es,&#8230;<\/p>\n","protected":false},"author":2,"featured_media":62534,"comment_status":"closed","ping_status":"closed","sticky":false,"template":"","format":"standard","meta":{"_crdt_document":"","_exactmetrics_skip_tracking":false,"_exactmetrics_sitenote_active":false,"_exactmetrics_sitenote_note":"","_exactmetrics_sitenote_category":0,"footnotes":""},"categories":[17,36,89,26,37,23,38,31,27,84,69],"tags":[71,72,74,76,28,29,30],"class_list":["post-62533","post","type-post","status-publish","format-standard","has-post-thumbnail","hentry","category-arizona","category-economia","category-estados-unidos","category-local","category-medio-ambiente","category-mexico","category-migracion","category-politica","category-sonora","category-turismo","category-ultimas-noticias","tag-alfonso-durazo","tag-claudia-sheinbaum","tag-hermosillo","tag-medio-ambiente","tag-nogales","tag-nogales-la-gran-frontera","tag-sonora-tierra-de-oportunidades"],"_links":{"self":[{"href":"https:\/\/elpajaritonews.com\/index.php?rest_route=\/wp\/v2\/posts\/62533","targetHints":{"allow":["GET"]}}],"collection":[{"href":"https:\/\/elpajaritonews.com\/index.php?rest_route=\/wp\/v2\/posts"}],"about":[{"href":"https:\/\/elpajaritonews.com\/index.php?rest_route=\/wp\/v2\/types\/post"}],"author":[{"embeddable":true,"href":"https:\/\/elpajaritonews.com\/index.php?rest_route=\/wp\/v2\/users\/2"}],"replies":[{"embeddable":true,"href":"https:\/\/elpajaritonews.com\/index.php?rest_route=%2Fwp%2Fv2%2Fcomments&post=62533"}],"version-history":[{"count":1,"href":"https:\/\/elpajaritonews.com\/index.php?rest_route=\/wp\/v2\/posts\/62533\/revisions"}],"predecessor-version":[{"id":62537,"href":"https:\/\/elpajaritonews.com\/index.php?rest_route=\/wp\/v2\/posts\/62533\/revisions\/62537"}],"wp:featuredmedia":[{"embeddable":true,"href":"https:\/\/elpajaritonews.com\/index.php?rest_route=\/wp\/v2\/media\/62534"}],"wp:attachment":[{"href":"https:\/\/elpajaritonews.com\/index.php?rest_route=%2Fwp%2Fv2%2Fmedia&parent=62533"}],"wp:term":[{"taxonomy":"category","embeddable":true,"href":"https:\/\/elpajaritonews.com\/index.php?rest_route=%2Fwp%2Fv2%2Fcategories&post=62533"},{"taxonomy":"post_tag","embeddable":true,"href":"https:\/\/elpajaritonews.com\/index.php?rest_route=%2Fwp%2Fv2%2Ftags&post=62533"}],"curies":[{"name":"wp","href":"https:\/\/api.w.org\/{rel}","templated":true}]}}