{"id":62546,"date":"2024-10-25T17:19:44","date_gmt":"2024-10-26T00:19:44","guid":{"rendered":"https:\/\/elpajaritonews.com\/?p=62546"},"modified":"2024-10-25T17:19:45","modified_gmt":"2024-10-26T00:19:45","slug":"congreso-de-sonora-abre-convocatoria-para-ocupar-titularidades-de-organos-internos-de-control","status":"publish","type":"post","link":"https:\/\/elpajaritonews.com\/?p=62546","title":{"rendered":"CONGRESO DE SONORA ABRE CONVOCATORIA PARA OCUPAR TITULARIDADES DE \u00d3RGANOS INTERNOS DE CONTROL"},"content":{"rendered":"\n<p class=\"wp-block-paragraph\">El Congreso de Sonora invit\u00f3 a participar en la convocatoria para ocupar las titularidades de los \u00d3rganos Internos de Control (OIC) del Instituto Estatal Electoral y de Participaci\u00f3n Ciudadana (IEE Sonora), el Tribunal Estatal Electoral (TEE Sonora) y la Fiscal\u00eda General de Justicia del Estado (FGJE).<\/p>\n\n\n\n<p class=\"wp-block-paragraph\">Las y los aspirantes a ocupar cargos en alguno de estos organismos constitucionalmente aut\u00f3nomos deber\u00e1n cumplir con los siguientes requisitos: tener ciudadan\u00eda mexicana; acreditar experiencia en transparencia, evaluaci\u00f3n, fiscalizaci\u00f3n, rendici\u00f3n de cuentas, contabilidad gubernamental, responsabilidades administrativas o combate a la corrupci\u00f3n.<\/p>\n\n\n\n<p class=\"wp-block-paragraph\">Adem\u00e1s, deber\u00e1n contar con t\u00edtulo profesional de nivel licenciatura con una antig\u00fcedad m\u00ednima de tres a\u00f1os al momento de la toma de protesta respectiva; demostrar conocimientos que les permitan el desempe\u00f1o de sus funciones; presentar evidencia de no ser deudores alimentarios; gozar de buena reputaci\u00f3n y no haber recibido condena por alg\u00fan delito doloso.<\/p>\n\n\n\n<p class=\"wp-block-paragraph\">La lista de hasta cuatro aspirantes seleccionados por cada organismo ser\u00e1 sometida a votaci\u00f3n del Pleno el pr\u00f3ximo 12 de noviembre, y los perfiles ser\u00e1n considerados de manera individual. Las personas que obtengan la mayor\u00eda absoluta de los votos de las y los diputados presentes ser\u00e1n designadas titulares del OIC correspondiente, para un periodo de cuatro a\u00f1os a partir de esa fecha.<\/p>\n\n\n\n<p class=\"wp-block-paragraph\">La entrega de la documentaci\u00f3n deber\u00e1 realizarse por escrito en la Oficial\u00eda de Partes del Poder Legislativo, hasta el viernes 1 de noviembre, en un horario de 8:00 a 15:00 horas. La convocatoria completa est\u00e1 disponible en el sitio oficial del Congreso de Sonora: congresoson.gob.mx.<\/p>\n","protected":false},"excerpt":{"rendered":"<p>El Congreso de Sonora invit\u00f3 a participar en la convocatoria para ocupar las titularidades de los \u00d3rganos Internos de Control (OIC) del Instituto Estatal Electoral y de Participaci\u00f3n Ciudadana (IEE Sonora), el Tribunal Estatal Electoral (TEE Sonora) y la Fiscal\u00eda General de Justicia del Estado (FGJE). Las y los aspirantes a ocupar cargos en alguno&#8230;<\/p>\n","protected":false},"author":2,"featured_media":62547,"comment_status":"closed","ping_status":"closed","sticky":false,"template":"","format":"standard","meta":{"_crdt_document":"","_exactmetrics_skip_tracking":false,"_exactmetrics_sitenote_active":false,"_exactmetrics_sitenote_note":"","_exactmetrics_sitenote_category":0,"footnotes":""},"categories":[20,80,36,33,88,26,31,27,69],"tags":[71,72,73],"class_list":["post-62546","post","type-post","status-publish","format-standard","has-post-thumbnail","hentry","category-congreso","category-derechos-humanos","category-economia","category-educacion","category-justicia","category-local","category-politica","category-sonora","category-ultimas-noticias","tag-alfonso-durazo","tag-claudia-sheinbaum","tag-congreso-del-estado-de-sonora"],"_links":{"self":[{"href":"https:\/\/elpajaritonews.com\/index.php?rest_route=\/wp\/v2\/posts\/62546","targetHints":{"allow":["GET"]}}],"collection":[{"href":"https:\/\/elpajaritonews.com\/index.php?rest_route=\/wp\/v2\/posts"}],"about":[{"href":"https:\/\/elpajaritonews.com\/index.php?rest_route=\/wp\/v2\/types\/post"}],"author":[{"embeddable":true,"href":"https:\/\/elpajaritonews.com\/index.php?rest_route=\/wp\/v2\/users\/2"}],"replies":[{"embeddable":true,"href":"https:\/\/elpajaritonews.com\/index.php?rest_route=%2Fwp%2Fv2%2Fcomments&post=62546"}],"version-history":[{"count":1,"href":"https:\/\/elpajaritonews.com\/index.php?rest_route=\/wp\/v2\/posts\/62546\/revisions"}],"predecessor-version":[{"id":62548,"href":"https:\/\/elpajaritonews.com\/index.php?rest_route=\/wp\/v2\/posts\/62546\/revisions\/62548"}],"wp:featuredmedia":[{"embeddable":true,"href":"https:\/\/elpajaritonews.com\/index.php?rest_route=\/wp\/v2\/media\/62547"}],"wp:attachment":[{"href":"https:\/\/elpajaritonews.com\/index.php?rest_route=%2Fwp%2Fv2%2Fmedia&parent=62546"}],"wp:term":[{"taxonomy":"category","embeddable":true,"href":"https:\/\/elpajaritonews.com\/index.php?rest_route=%2Fwp%2Fv2%2Fcategories&post=62546"},{"taxonomy":"post_tag","embeddable":true,"href":"https:\/\/elpajaritonews.com\/index.php?rest_route=%2Fwp%2Fv2%2Ftags&post=62546"}],"curies":[{"name":"wp","href":"https:\/\/api.w.org\/{rel}","templated":true}]}}