{"id":62565,"date":"2024-10-26T16:59:18","date_gmt":"2024-10-26T23:59:18","guid":{"rendered":"https:\/\/elpajaritonews.com\/?p=62565"},"modified":"2024-10-26T16:59:21","modified_gmt":"2024-10-26T23:59:21","slug":"sonora-sera-un-puente-para-consolidar-la-relacion-comercial-mexico-eua","status":"publish","type":"post","link":"https:\/\/elpajaritonews.com\/?p=62565","title":{"rendered":"SONORA SER\u00c1 UN PUENTE PARA CONSOLIDAR LA RELACI\u00d3N COMERCIAL M\u00c9XICO-EUA"},"content":{"rendered":"\n<p class=\"wp-block-paragraph\">Con la \u00faltima fase de la consolidaci\u00f3n Cap\u00edtulo Noroeste de American Chamber of Commerce of Mexico (AMCHAM), se fortalece el compromiso de promover pr\u00e1cticas internacionales de negocios y crear un ecosistema colaborativo entre los sectores p\u00fablico y privado en la regi\u00f3n, con sede en Hermosillo, Sonora, hito alcanzado gracias al respaldo de empresas de ambos lados de la frontera, que marcan el inicio de una nueva etapa para Sonora y Estados Unidos, asever\u00f3 el gobernador Alfonso Durazo Monta\u00f1o.<\/p>\n\n\n\n<figure class=\"wp-block-image size-large\"><img loading=\"lazy\" decoding=\"async\" width=\"1024\" height=\"682\" src=\"https:\/\/elpajaritonews.com\/wp-content\/uploads\/2024\/10\/dc4b33bf-fa05-4f25-93ed-8f0c5afd76b8-1024x682.jpg\" alt=\"\" class=\"wp-image-62567\" srcset=\"https:\/\/elpajaritonews.com\/wp-content\/uploads\/2024\/10\/dc4b33bf-fa05-4f25-93ed-8f0c5afd76b8-1024x682.jpg 1024w, https:\/\/elpajaritonews.com\/wp-content\/uploads\/2024\/10\/dc4b33bf-fa05-4f25-93ed-8f0c5afd76b8-300x200.jpg 300w, https:\/\/elpajaritonews.com\/wp-content\/uploads\/2024\/10\/dc4b33bf-fa05-4f25-93ed-8f0c5afd76b8-768x512.jpg 768w, https:\/\/elpajaritonews.com\/wp-content\/uploads\/2024\/10\/dc4b33bf-fa05-4f25-93ed-8f0c5afd76b8-1536x1023.jpg 1536w, https:\/\/elpajaritonews.com\/wp-content\/uploads\/2024\/10\/dc4b33bf-fa05-4f25-93ed-8f0c5afd76b8-600x400.jpg 600w, https:\/\/elpajaritonews.com\/wp-content\/uploads\/2024\/10\/dc4b33bf-fa05-4f25-93ed-8f0c5afd76b8.jpg 1600w\" sizes=\"auto, (max-width: 1024px) 100vw, 1024px\" \/><\/figure>\n\n\n\n<p class=\"wp-block-paragraph\">El jefe del Ejecutivo estatal, en el evento de firma de esta cuarta etapa, durante la 65 edici\u00f3n de la Comisi\u00f3n Sonora-Estados Unidos, agradeci\u00f3 la confianza depositada en Sonora para albergar esta sede, un reconocimiento a su crecimiento econ\u00f3mico impulsado por el Plan Sonora de Energ\u00edas Sostenibles.<\/p>\n\n\n\n<p class=\"wp-block-paragraph\">\u201cNos sentimos muy orgullosos de que, tras 50 a\u00f1os de no abrir un nuevo cap\u00edtulo, la C\u00e1mara Americana de Comercio en M\u00e9xico haya elegido a Sonora como sede de su Cap\u00edtulo Noroeste. Esto habla de que en materia econ\u00f3mica estamos haciendo bien las cosas en Sonora\u201d, declar\u00f3.<\/p>\n\n\n\n<figure class=\"wp-block-image size-large\"><img loading=\"lazy\" decoding=\"async\" width=\"1024\" height=\"682\" src=\"https:\/\/elpajaritonews.com\/wp-content\/uploads\/2024\/10\/e0d8a97a-f24d-402d-bd39-8fe1a500434d-1024x682.jpg\" alt=\"\" class=\"wp-image-62568\" srcset=\"https:\/\/elpajaritonews.com\/wp-content\/uploads\/2024\/10\/e0d8a97a-f24d-402d-bd39-8fe1a500434d-1024x682.jpg 1024w, https:\/\/elpajaritonews.com\/wp-content\/uploads\/2024\/10\/e0d8a97a-f24d-402d-bd39-8fe1a500434d-300x200.jpg 300w, https:\/\/elpajaritonews.com\/wp-content\/uploads\/2024\/10\/e0d8a97a-f24d-402d-bd39-8fe1a500434d-768x512.jpg 768w, https:\/\/elpajaritonews.com\/wp-content\/uploads\/2024\/10\/e0d8a97a-f24d-402d-bd39-8fe1a500434d-1536x1023.jpg 1536w, https:\/\/elpajaritonews.com\/wp-content\/uploads\/2024\/10\/e0d8a97a-f24d-402d-bd39-8fe1a500434d-600x400.jpg 600w, https:\/\/elpajaritonews.com\/wp-content\/uploads\/2024\/10\/e0d8a97a-f24d-402d-bd39-8fe1a500434d.jpg 1600w\" sizes=\"auto, (max-width: 1024px) 100vw, 1024px\" \/><\/figure>\n\n\n\n<p class=\"wp-block-paragraph\">En la firma participaron Pedro Casas Alatriste, Vicepresidente Ejecutivo y Director General de AMCHAM; el Gobernador de Sonora, Alfonso Durazo Monta\u00f1o; la Gobernadora de Arizona, Katie Hobbs; el Embajador de Estados Unidos en M\u00e9xico, Ken Salazar; Emilio Cadena, representante del Consejo Ejecutivo Nacional de AMCHAM; as\u00ed como de Francisco Acu\u00f1a M\u00e9ndez, Presidente Ejecutivo del Consejo para el Desarrollo Sostenible de Sonora (CODESO) y l\u00edderes empresariales.<\/p>\n\n\n\n<p class=\"wp-block-paragraph\">El secretario de Econom\u00eda del Gobierno Federal, Marcelo Ebrard, reconoci\u00f3 los esfuerzos de colaboraci\u00f3n y afirm\u00f3 que esta iniciativa acelera la integraci\u00f3n entre Sonora y Arizona. \u201cSon una esperanza y tambi\u00e9n un camino que se abre para el futuro de la relaci\u00f3n entre M\u00e9xico y EE.UU.\u201d<\/p>\n\n\n\n<p class=\"wp-block-paragraph\">A trav\u00e9s del Plan Sonora de Energ\u00edas Sostenibles, Sonora ser\u00e1 un puente para fortalecer la inversi\u00f3n, el desarrollo tecnol\u00f3gico y las pr\u00e1cticas comerciales entre ambas naciones, contando con una inversi\u00f3n privada de capital estadounidense de 15 mil millones de d\u00f3lares.<\/p>\n\n\n\n<p class=\"wp-block-paragraph\">\u201cEn este momento crucial para Norteam\u00e9rica, es fundamental que la industria fronteriza est\u00e9 interconectada para desarrollar estrategias que fortalezcan la relaci\u00f3n bilateral y las cadenas de valor regionales. Contamos con el respaldo de aliados clave para alcanzar este objetivo, confiando en el potencial industrial de Sonora,\u00bb expres\u00f3 Pedro Casas Alatriste.<\/p>\n\n\n\n<p class=\"wp-block-paragraph\">AMCHAM refuerza su misi\u00f3n en el noroeste del pa\u00eds al promover pr\u00e1cticas que maximizan el potencial regional y fomentan la colaboraci\u00f3n binacional. Este esfuerzo, iniciado a principios de 2023, ha integrado a 52 empresas en los estados de Baja California, Baja California Sur, Sonora, Sinaloa y Chihuahua. De estas, 19 son de capital estadounidense. De acuerdo con los estatutos, se requiere alcanzar un total de 50 empresas de capital estadounidense para completar la consolidaci\u00f3n.<\/p>\n","protected":false},"excerpt":{"rendered":"<p>Con la \u00faltima fase de la consolidaci\u00f3n Cap\u00edtulo Noroeste de American Chamber of Commerce of Mexico (AMCHAM), se fortalece el compromiso de promover pr\u00e1cticas internacionales de negocios y crear un ecosistema colaborativo entre los sectores p\u00fablico y privado en la regi\u00f3n, con sede en Hermosillo, Sonora, hito alcanzado gracias al respaldo de empresas de ambos&#8230;<\/p>\n","protected":false},"author":2,"featured_media":62566,"comment_status":"closed","ping_status":"closed","sticky":false,"template":"","format":"standard","meta":{"_crdt_document":"","_exactmetrics_skip_tracking":false,"_exactmetrics_sitenote_active":false,"_exactmetrics_sitenote_note":"","_exactmetrics_sitenote_category":0,"footnotes":""},"categories":[17,36,26,37,23,38,31,27,69],"tags":[71,72,74,76,30],"class_list":["post-62565","post","type-post","status-publish","format-standard","has-post-thumbnail","hentry","category-arizona","category-economia","category-local","category-medio-ambiente","category-mexico","category-migracion","category-politica","category-sonora","category-ultimas-noticias","tag-alfonso-durazo","tag-claudia-sheinbaum","tag-hermosillo","tag-medio-ambiente","tag-sonora-tierra-de-oportunidades"],"_links":{"self":[{"href":"https:\/\/elpajaritonews.com\/index.php?rest_route=\/wp\/v2\/posts\/62565","targetHints":{"allow":["GET"]}}],"collection":[{"href":"https:\/\/elpajaritonews.com\/index.php?rest_route=\/wp\/v2\/posts"}],"about":[{"href":"https:\/\/elpajaritonews.com\/index.php?rest_route=\/wp\/v2\/types\/post"}],"author":[{"embeddable":true,"href":"https:\/\/elpajaritonews.com\/index.php?rest_route=\/wp\/v2\/users\/2"}],"replies":[{"embeddable":true,"href":"https:\/\/elpajaritonews.com\/index.php?rest_route=%2Fwp%2Fv2%2Fcomments&post=62565"}],"version-history":[{"count":1,"href":"https:\/\/elpajaritonews.com\/index.php?rest_route=\/wp\/v2\/posts\/62565\/revisions"}],"predecessor-version":[{"id":62569,"href":"https:\/\/elpajaritonews.com\/index.php?rest_route=\/wp\/v2\/posts\/62565\/revisions\/62569"}],"wp:featuredmedia":[{"embeddable":true,"href":"https:\/\/elpajaritonews.com\/index.php?rest_route=\/wp\/v2\/media\/62566"}],"wp:attachment":[{"href":"https:\/\/elpajaritonews.com\/index.php?rest_route=%2Fwp%2Fv2%2Fmedia&parent=62565"}],"wp:term":[{"taxonomy":"category","embeddable":true,"href":"https:\/\/elpajaritonews.com\/index.php?rest_route=%2Fwp%2Fv2%2Fcategories&post=62565"},{"taxonomy":"post_tag","embeddable":true,"href":"https:\/\/elpajaritonews.com\/index.php?rest_route=%2Fwp%2Fv2%2Ftags&post=62565"}],"curies":[{"name":"wp","href":"https:\/\/api.w.org\/{rel}","templated":true}]}}