{"id":62594,"date":"2024-10-29T07:00:00","date_gmt":"2024-10-29T14:00:00","guid":{"rendered":"https:\/\/elpajaritonews.com\/?p=62594"},"modified":"2024-11-01T22:25:25","modified_gmt":"2024-11-02T05:25:25","slug":"piden-padres-de-los-43-a-sheinbaum-retomar-dialogo-e-investigaciones","status":"publish","type":"post","link":"https:\/\/elpajaritonews.com\/?p=62594","title":{"rendered":"PIDEN PADRES DE LOS 43 A SHEINBAUM RETOMAR DI\u00c1LOGO E INVESTIGACIONES"},"content":{"rendered":"\n<p class=\"wp-block-paragraph\">En la primera jornada de Acci\u00f3n Global por la desaparici\u00f3n de los 43 normalistas de Ayotzinapa, en la administraci\u00f3n de la presidenta Claudia Sheinbaum, madres y padres de los j\u00f3venes llamaron a la mandataria a que cumpla el compromiso de reunirse con ellos para que retome el caso y se avance en las investigaciones.<\/p>\n\n\n\n<p class=\"wp-block-paragraph\">Recordaron que en julio pasado la presidenta acord\u00f3 con las familias sostener una reuni\u00f3n una vez que asumiera el cargo, pero a 26 d\u00edas de la toma de posesi\u00f3n no se tiene \u201calg\u00fan acercamiento o fecha probable\u201d.<\/p>\n\n\n\n<p class=\"wp-block-paragraph\">Tras marchar del \u00c1ngel de la Independencia al Antimonumento +43, en un mitin al cumplirse 10 a\u00f1os y un mes de la desaparici\u00f3n de los normalistas en Iguala, Guerrero, Mario Gonz\u00e1lez, padre de C\u00e9sar Manuel, consider\u00f3 que ya ha pasado \u201cel tiempo debido\u201d para retomar el di\u00e1logo \u201cy saber qu\u00e9 piensa realmente (la Presidenta) del caso Ayotzinapa, para que no vaya a salir con que tambi\u00e9n cree que el Ej\u00e9rcito es inocente, que no particip\u00f3\u201d la noche del 26 y madrugada del 27 de septiembre del 2014.<\/p>\n\n\n\n<p class=\"wp-block-paragraph\">As\u00ed, advirti\u00f3 que \u201cno vamos a permitir que se obstruyan ya las investigaciones hacia el Ej\u00e9rcito, ya no tenemos tiempo para perderlo, lo que queremos es seguir adelante a partir de las investigaciones del Grupo Interdisciplinario de Expertos Independientes\u201d.<\/p>\n\n\n\n<p class=\"wp-block-paragraph\">Enfatiz\u00f3 igualmente que las familias \u201cno queremos tener ninguna reuni\u00f3n con un funcionario p\u00fablico que no sea la Presidenta\u201d.<\/p>\n\n\n\n<p class=\"wp-block-paragraph\">Tambi\u00e9n, Gonz\u00e1lez adelant\u00f3 que en el pr\u00f3ximo encuentro con la jefa del Ejecutivo pedir\u00e1n \u201cuna respuesta\u201d sobre la designaci\u00f3n de Omar Garc\u00eda Harfuch como secretario de Seguridad y Protecci\u00f3n Ciudadana, quien en 2014 era comisionado de la Polic\u00eda Federal Preventiva en Guerrero.<\/p>\n\n\n\n<p class=\"wp-block-paragraph\">Frente a estudiantes normalistas e integrantes de organizaciones populares e ind\u00edgenas, Isidorio Vicario, uno de los abogado de las familias y del Centro de Derechos Humanos de la Monta\u00f1a Tlachinollan, subray\u00f3 que en los 10 a\u00f1os y un mes de lucha, \u201clos padres y las madres han demostrado que no tienen ning\u00fan inter\u00e9s ajeno m\u00e1s que saber el paradero de sus 43 hijos\u201d.<\/p>\n\n\n\n<p class=\"wp-block-paragraph\">Mar\u00eda de Jes\u00fas Tlatempa, madre de Jos\u00e9 Eduardo Bartolo, asegur\u00f3 que las familias continuar\u00e1n \u201cen pie de lucha y m\u00e1s firmes que nunca en la exigencia de la aparici\u00f3n con vida de nuestros hijos\u201d. Tambi\u00e9n, los padres y las madres de los estudiantes, hicieron un llamado a la ciudadan\u00eda para que no destruya el Antimonumento +43 ni el memorial con las fotograf\u00edas de los normalistas, este \u00faltimo instalado el 26 de septiembre pasado y que ya fue da\u00f1ado. Este lugar es \u201csimb\u00f3lico para seguir levantando la voz y representa la lucha de hombres y mujeres valientes que buscan a sus seres queridos y que algunos se han quedado en el camino\u201d<\/p>\n","protected":false},"excerpt":{"rendered":"<p>En la primera jornada de Acci\u00f3n Global por la desaparici\u00f3n de los 43 normalistas de Ayotzinapa, en la administraci\u00f3n de la presidenta Claudia Sheinbaum, madres y padres de los j\u00f3venes llamaron a la mandataria a que cumpla el compromiso de reunirse con ellos para que retome el caso y se avance en las investigaciones. Recordaron&#8230;<\/p>\n","protected":false},"author":2,"featured_media":62595,"comment_status":"closed","ping_status":"closed","sticky":false,"template":"","format":"standard","meta":{"_crdt_document":"","_exactmetrics_skip_tracking":false,"_exactmetrics_sitenote_active":false,"_exactmetrics_sitenote_note":"","_exactmetrics_sitenote_category":0,"footnotes":""},"categories":[80,33,88,23,82,31,1,27],"tags":[71,79,72,75],"class_list":["post-62594","post","type-post","status-publish","format-standard","has-post-thumbnail","hentry","category-derechos-humanos","category-educacion","category-justicia","category-mexico","category-poder-judicial","category-politica","category-seguridad","category-sonora","tag-alfonso-durazo","tag-andres-manuel-lopez-obrador","tag-claudia-sheinbaum","tag-seguridad-publica"],"_links":{"self":[{"href":"https:\/\/elpajaritonews.com\/index.php?rest_route=\/wp\/v2\/posts\/62594","targetHints":{"allow":["GET"]}}],"collection":[{"href":"https:\/\/elpajaritonews.com\/index.php?rest_route=\/wp\/v2\/posts"}],"about":[{"href":"https:\/\/elpajaritonews.com\/index.php?rest_route=\/wp\/v2\/types\/post"}],"author":[{"embeddable":true,"href":"https:\/\/elpajaritonews.com\/index.php?rest_route=\/wp\/v2\/users\/2"}],"replies":[{"embeddable":true,"href":"https:\/\/elpajaritonews.com\/index.php?rest_route=%2Fwp%2Fv2%2Fcomments&post=62594"}],"version-history":[{"count":1,"href":"https:\/\/elpajaritonews.com\/index.php?rest_route=\/wp\/v2\/posts\/62594\/revisions"}],"predecessor-version":[{"id":62596,"href":"https:\/\/elpajaritonews.com\/index.php?rest_route=\/wp\/v2\/posts\/62594\/revisions\/62596"}],"wp:featuredmedia":[{"embeddable":true,"href":"https:\/\/elpajaritonews.com\/index.php?rest_route=\/wp\/v2\/media\/62595"}],"wp:attachment":[{"href":"https:\/\/elpajaritonews.com\/index.php?rest_route=%2Fwp%2Fv2%2Fmedia&parent=62594"}],"wp:term":[{"taxonomy":"category","embeddable":true,"href":"https:\/\/elpajaritonews.com\/index.php?rest_route=%2Fwp%2Fv2%2Fcategories&post=62594"},{"taxonomy":"post_tag","embeddable":true,"href":"https:\/\/elpajaritonews.com\/index.php?rest_route=%2Fwp%2Fv2%2Ftags&post=62594"}],"curies":[{"name":"wp","href":"https:\/\/api.w.org\/{rel}","templated":true}]}}