{"id":62598,"date":"2024-10-31T08:00:00","date_gmt":"2024-10-31T15:00:00","guid":{"rendered":"https:\/\/elpajaritonews.com\/?p=62598"},"modified":"2024-10-27T23:53:20","modified_gmt":"2024-10-28T06:53:20","slug":"quizas-sea-mi-ultimo-voto-dice-jose-mujica-en-elecciones-de-uruguay","status":"publish","type":"post","link":"https:\/\/elpajaritonews.com\/?p=62598","title":{"rendered":"QUIZ\u00c1S SEA MI \u00ab\u00daLTIMO VOTO\u00bb, DICE JOS\u00c9 MUJICA EN ELECCIONES DE URUGUAY"},"content":{"rendered":"\n<p class=\"wp-block-paragraph\">El expresidente uruguayo, Jos\u00e9 Mujica, emite su voto durante las elecciones nacionales 2024 en la Escuela N\u00famero 149, en la ciudad de Montevideo, capital de Uruguay, el 27 de octubre de 2024. Foto Xinhua<\/p>\n\n\n\n<p class=\"wp-block-paragraph\">&nbsp;El ex presidente uruguayo Jos\u00e9 \u00abPepe\u00bb Mujica, muy debilitado por complicaciones de su tratamiento contra un c\u00e1ncer de es\u00f3fago, afirm\u00f3 este domingo que quiz\u00e1s sea su \u00ab\u00faltimo voto\u00bb, al sufragar en los comicios generales del pa\u00eds, en los que su delf\u00edn es favorito.<\/p>\n\n\n\n<p class=\"wp-block-paragraph\">El ex guerrillero de 89 a\u00f1os fue uno de los primeros en votar el domingo en una escuela en el barrio Cerro, una zona empobrecida del oeste de Montevideo.<\/p>\n\n\n\n<p class=\"wp-block-paragraph\">\u00abCapaz que es mi \u00faltimo voto\u00bb, coment\u00f3 Mujica en silla de ruedas y rodeado de c\u00e1maras. \u00abCapaz. No tengo ganas (de que lo sea), pero&#8230;\u00bb.<\/p>\n\n\n\n<p class=\"wp-block-paragraph\">Presidente de 2010 a 2015 y una de las figuras m\u00e1s populares de Uruguay, Mujica es el mentor de Yamand\u00fa Orsi, con quien el partido izquierdista Frente Amplio conf\u00eda en regresar al poder que perdi\u00f3 en 2020 tras 15 a\u00f1os consecutivos de gobierno.<\/p>\n\n\n\n<p class=\"wp-block-paragraph\">En di\u00e1logo con periodistas, Mujica llam\u00f3 a \u00abapuntalar la democracia\u00bb y modernizarla para acompa\u00f1ar los cambios que \u00abva imponiendo la tecnolog\u00eda\u00bb.<\/p>\n\n\n\n<p class=\"wp-block-paragraph\">El dirigente pol\u00edtico cuestion\u00f3 a quienes dicen que los j\u00f3venes se involucran poco en pol\u00edtica e hizo una autocr\u00edtica.<\/p>\n\n\n\n<p class=\"wp-block-paragraph\">\u00abYo creo en los j\u00f3venes. Eso de que no les interesa la pol\u00edtica es relativo (&#8230;) Si no se prenden, es porque no los enamoramos. Es porque damos asco. Si hay propuestas que los enamoren, los gurises (j\u00f3venes) van a estar\u00bb, asegur\u00f3.<\/p>\n\n\n\n<p class=\"wp-block-paragraph\">El ex mandatario se\u00f1al\u00f3 la seguridad p\u00fablica y el crecimiento econ\u00f3mico como los principales desaf\u00edos del pr\u00f3ximo gobierno uruguayo.<\/p>\n\n\n\n<p class=\"wp-block-paragraph\">Tambi\u00e9n opin\u00f3 sobre la Argentina bajo el presidente ultraliberal Javier Milei, donde la mitad de la poblaci\u00f3n es pobre.<\/p>\n\n\n\n<p class=\"wp-block-paragraph\">\u00abMa\u00f1ana capaz que (Milei) reacciona, pero por ahora hay m\u00e1s pobres que antes. Puede ser un costo de la transformaci\u00f3n\u00bb del pa\u00eds, afirm\u00f3.<\/p>\n\n\n\n<p class=\"wp-block-paragraph\">Este domingo los uruguayos celebran elecciones presidenciales y legislativas y votan dos plebiscitos.<\/p>\n\n\n\n<p class=\"wp-block-paragraph\">Seg\u00fan las encuestas, el sucesor del presidente de centroderecha Luis Lacalle Pou se definir\u00e1 en un balotaje el 24 de noviembre.<\/p>\n\n\n\n<p class=\"wp-block-paragraph\">Lacalle vota en elecciones generales de Uruguay<\/p>\n\n\n\n<p class=\"wp-block-paragraph\">El presidente uruguayo, Luis Lacalle Pou, vot\u00f3 este domingo en las elecciones generales del pa\u00eds sudamericano y subray\u00f3 que termina su mandato satisfecho con los logros de su gesti\u00f3n, pero no conforme.<\/p>\n\n\n\n<p class=\"wp-block-paragraph\">\u00abSatisfecho s\u00ed, conforme no\u00bb, contest\u00f3 el mandatario a una pregunta de los periodistas sobre c\u00f3mo finaliza su Gobierno, tras sufragar en la ciudad de Canelones (departamento de Canelones, sur)\u200b\u200b\u200b.<\/p>\n\n\n\n<p class=\"wp-block-paragraph\">Los uruguayos votan este domingo en elecciones presidenciales y legislativas.<\/p>\n\n\n\n<p class=\"wp-block-paragraph\">\u00ab\u00bbSiempre quedan cosas por hacer (&#8230;), si hay un uruguayo que no tiene trabajo, que no tiene una vivienda digna, yo no puedo estar conforme, la satisfacci\u00f3n es otra cosa, que es haber hecho todo lo posible, lo que est\u00e1 a nuestro alcance\u00bb, dijo Lacalle, del Partido Nacional (centroderecha).<\/p>\n\n\n\n<p class=\"wp-block-paragraph\">Pero a\u00f1adi\u00f3 que est\u00e1 \u201cbien y tranquilo\u201d y que vivir\u00e1 \u201cintensamente\u201d los 125 d\u00edas que le quedan en el cargo.<\/p>\n\n\n\n<p class=\"wp-block-paragraph\">El mandatario agreg\u00f3 que planea hacer una transici\u00f3n ordenada al pr\u00f3ximo gobierno, defendi\u00f3 la reforma jubilatoria que impuls\u00f3 y expres\u00f3 su postura repecto a Brasil, Argentina y el largamente negociado tratado entre el&nbsp; bloque Mercosur&nbsp; y la Uni\u00f3n Europea.<\/p>\n\n\n\n<p class=\"wp-block-paragraph\">\u201cPretendemos hacer una transici\u00f3n bien ordenada, bien abierta con quien resulte electo, y que el pa\u00eds transcurra con una continuidad o con un cambio pero que transcurra como todos nosotros queremos (\u2026) vamos a dejar todo pronto para el 1 de marzo\u201d, explic\u00f3.n quedado en el camino\u201d.<\/p>\n","protected":false},"excerpt":{"rendered":"<p>El expresidente uruguayo, Jos\u00e9 Mujica, emite su voto durante las elecciones nacionales 2024 en la Escuela N\u00famero 149, en la ciudad de Montevideo, capital de Uruguay, el 27 de octubre de 2024. Foto Xinhua &nbsp;El ex presidente uruguayo Jos\u00e9 \u00abPepe\u00bb Mujica, muy debilitado por complicaciones de su tratamiento contra un c\u00e1ncer de es\u00f3fago, afirm\u00f3 este&#8230;<\/p>\n","protected":false},"author":2,"featured_media":62599,"comment_status":"closed","ping_status":"closed","sticky":false,"template":"","format":"standard","meta":{"_crdt_document":"","_exactmetrics_skip_tracking":false,"_exactmetrics_sitenote_active":false,"_exactmetrics_sitenote_note":"","_exactmetrics_sitenote_category":0,"footnotes":""},"categories":[35,24,31,27,69],"tags":[79,72],"class_list":["post-62598","post","type-post","status-publish","format-standard","has-post-thumbnail","hentry","category-elecciones-2024","category-mundo","category-politica","category-sonora","category-ultimas-noticias","tag-andres-manuel-lopez-obrador","tag-claudia-sheinbaum"],"_links":{"self":[{"href":"https:\/\/elpajaritonews.com\/index.php?rest_route=\/wp\/v2\/posts\/62598","targetHints":{"allow":["GET"]}}],"collection":[{"href":"https:\/\/elpajaritonews.com\/index.php?rest_route=\/wp\/v2\/posts"}],"about":[{"href":"https:\/\/elpajaritonews.com\/index.php?rest_route=\/wp\/v2\/types\/post"}],"author":[{"embeddable":true,"href":"https:\/\/elpajaritonews.com\/index.php?rest_route=\/wp\/v2\/users\/2"}],"replies":[{"embeddable":true,"href":"https:\/\/elpajaritonews.com\/index.php?rest_route=%2Fwp%2Fv2%2Fcomments&post=62598"}],"version-history":[{"count":1,"href":"https:\/\/elpajaritonews.com\/index.php?rest_route=\/wp\/v2\/posts\/62598\/revisions"}],"predecessor-version":[{"id":62600,"href":"https:\/\/elpajaritonews.com\/index.php?rest_route=\/wp\/v2\/posts\/62598\/revisions\/62600"}],"wp:featuredmedia":[{"embeddable":true,"href":"https:\/\/elpajaritonews.com\/index.php?rest_route=\/wp\/v2\/media\/62599"}],"wp:attachment":[{"href":"https:\/\/elpajaritonews.com\/index.php?rest_route=%2Fwp%2Fv2%2Fmedia&parent=62598"}],"wp:term":[{"taxonomy":"category","embeddable":true,"href":"https:\/\/elpajaritonews.com\/index.php?rest_route=%2Fwp%2Fv2%2Fcategories&post=62598"},{"taxonomy":"post_tag","embeddable":true,"href":"https:\/\/elpajaritonews.com\/index.php?rest_route=%2Fwp%2Fv2%2Ftags&post=62598"}],"curies":[{"name":"wp","href":"https:\/\/api.w.org\/{rel}","templated":true}]}}