{"id":62608,"date":"2024-10-28T19:18:14","date_gmt":"2024-10-29T02:18:14","guid":{"rendered":"https:\/\/elpajaritonews.com\/?p=62608"},"modified":"2024-10-28T19:18:16","modified_gmt":"2024-10-29T02:18:16","slug":"supervisa-gobernador-durazo-75-de-avance-del-mercado-municipal","status":"publish","type":"post","link":"https:\/\/elpajaritonews.com\/?p=62608","title":{"rendered":"SUPERVISA GOBERNADOR DURAZO 75% DE AVANCE DEL MERCADO MUNICIPAL"},"content":{"rendered":"\n<p class=\"wp-block-paragraph\">El Mercado Municipal no.1 \u201cJos\u00e9 Mar\u00eda Pino Su\u00e1rez\u201d ser\u00e1 un lugar tur\u00edstico por su historia, asever\u00f3 el gobernador Alfonso Durazo Monta\u00f1o, al supervisar el avance del 75 por ciento de la obra de rehabilitaci\u00f3n, para la que se destin\u00f3 una inversi\u00f3n superior a los 58 millones de pesos.<\/p>\n\n\n\n<figure class=\"wp-block-image size-large\"><img loading=\"lazy\" decoding=\"async\" width=\"1024\" height=\"682\" src=\"https:\/\/elpajaritonews.com\/wp-content\/uploads\/2024\/10\/48feeb2d-324f-4a40-ab76-98d7fab24912-1024x682.jpg\" alt=\"\" class=\"wp-image-62609\" srcset=\"https:\/\/elpajaritonews.com\/wp-content\/uploads\/2024\/10\/48feeb2d-324f-4a40-ab76-98d7fab24912-1024x682.jpg 1024w, https:\/\/elpajaritonews.com\/wp-content\/uploads\/2024\/10\/48feeb2d-324f-4a40-ab76-98d7fab24912-300x200.jpg 300w, https:\/\/elpajaritonews.com\/wp-content\/uploads\/2024\/10\/48feeb2d-324f-4a40-ab76-98d7fab24912-768x512.jpg 768w, https:\/\/elpajaritonews.com\/wp-content\/uploads\/2024\/10\/48feeb2d-324f-4a40-ab76-98d7fab24912-600x400.jpg 600w, https:\/\/elpajaritonews.com\/wp-content\/uploads\/2024\/10\/48feeb2d-324f-4a40-ab76-98d7fab24912.jpg 1280w\" sizes=\"auto, (max-width: 1024px) 100vw, 1024px\" \/><\/figure>\n\n\n\n<p class=\"wp-block-paragraph\">El jefe del Ejecutivo estatal detall\u00f3 que los trabajos consisten en un refuerzo estructural, estructura de la cubierta, restauraci\u00f3n de fachadas, muros interiores y herrer\u00eda, pisos de concreto, instalaciones el\u00e9ctricas, instalaciones hidrosanitarias y canceler\u00edas y vidrios.<\/p>\n\n\n\n<p class=\"wp-block-paragraph\">\u201cEsta recuperaci\u00f3n y renovaci\u00f3n del Mercado Municipal, la estamos haciendo porque es un edificio que tiene un valor hist\u00f3rico, art\u00edstico, arquitect\u00f3nico, extraordinario. Es una de las edificaciones m\u00e1s emblem\u00e1ticas de la capital. Tenemos que convertir este edificio en un lugar tur\u00edstico, no solo es un punto para el comercio popular, tiene la gente que interesarse en quienes visitan Hermosillo\u201d, explic\u00f3.<\/p>\n\n\n\n<p class=\"wp-block-paragraph\">Eduwiges Mungu\u00eda Vald\u00e9s, locataria del Caf\u00e9 Elvira, hizo \u00e9nfasis en que gracias al gobernador Durazo se logr\u00f3 lo imposible y lo que por d\u00e9cadas estaban esperando tanto clientes como los 70 comerciantes que trabajan en la venta de alimentos y productos regionales, obtendr\u00e1n con las obras de remodelaci\u00f3n del inmueble.<\/p>\n\n\n\n<figure class=\"wp-block-image size-full\"><img loading=\"lazy\" decoding=\"async\" width=\"971\" height=\"690\" src=\"https:\/\/elpajaritonews.com\/wp-content\/uploads\/2024\/10\/b491719b-4a90-4d50-80c1-aea914aa2a37.jpg\" alt=\"\" class=\"wp-image-62611\" srcset=\"https:\/\/elpajaritonews.com\/wp-content\/uploads\/2024\/10\/b491719b-4a90-4d50-80c1-aea914aa2a37.jpg 971w, https:\/\/elpajaritonews.com\/wp-content\/uploads\/2024\/10\/b491719b-4a90-4d50-80c1-aea914aa2a37-300x213.jpg 300w, https:\/\/elpajaritonews.com\/wp-content\/uploads\/2024\/10\/b491719b-4a90-4d50-80c1-aea914aa2a37-768x546.jpg 768w\" sizes=\"auto, (max-width: 971px) 100vw, 971px\" \/><\/figure>\n\n\n\n<p class=\"wp-block-paragraph\">\u201cTen\u00edamos muchos a\u00f1os esperando la rehabilitaci\u00f3n del Mercado, est\u00e1bamos en riesgo tanto clientes como locatarios, esta es una obra de gran magnitud. Gracias a Dios y al gobernador, se logr\u00f3; logr\u00f3 lo imposible porque ya ten\u00edamos mucho tiempo esperando este milagro\u201d, expres\u00f3 Eduwiges Mungu\u00eda Vald\u00e9s, locataria del Caf\u00e9 Elvira.<\/p>\n\n\n\n<p class=\"wp-block-paragraph\">\u201cEs una realidad que poco a poco se ha ido solventando. Desde que empezamos a solicitar al gobernador su ayuda, que muy atinadamente y con toda la humildad del mundo nos entendi\u00f3, comprendi\u00f3 la situaci\u00f3n del mercado, de los locatarios y el beneficio que ser\u00eda para nosotros, para el ciudadano y turista que venga al Mercado Municipal a disfrutar de sus comidas, de la variedad de productos regionales\u201d, mencion\u00f3 Migdelina Castillo Moreno, presidenta de los locatarios del Mercado.<\/p>\n","protected":false},"excerpt":{"rendered":"<p>El Mercado Municipal no.1 \u201cJos\u00e9 Mar\u00eda Pino Su\u00e1rez\u201d ser\u00e1 un lugar tur\u00edstico por su historia, asever\u00f3 el gobernador Alfonso Durazo Monta\u00f1o, al supervisar el avance del 75 por ciento de la obra de rehabilitaci\u00f3n, para la que se destin\u00f3 una inversi\u00f3n superior a los 58 millones de pesos. El jefe del Ejecutivo estatal detall\u00f3 que&#8230;<\/p>\n","protected":false},"author":2,"featured_media":62610,"comment_status":"closed","ping_status":"closed","sticky":false,"template":"","format":"standard","meta":{"_crdt_document":"","_exactmetrics_skip_tracking":false,"_exactmetrics_sitenote_active":false,"_exactmetrics_sitenote_note":"","_exactmetrics_sitenote_category":0,"footnotes":""},"categories":[36,22,26,31,27,69],"tags":[71,72,30],"class_list":["post-62608","post","type-post","status-publish","format-standard","has-post-thumbnail","hentry","category-economia","category-escena","category-local","category-politica","category-sonora","category-ultimas-noticias","tag-alfonso-durazo","tag-claudia-sheinbaum","tag-sonora-tierra-de-oportunidades"],"_links":{"self":[{"href":"https:\/\/elpajaritonews.com\/index.php?rest_route=\/wp\/v2\/posts\/62608","targetHints":{"allow":["GET"]}}],"collection":[{"href":"https:\/\/elpajaritonews.com\/index.php?rest_route=\/wp\/v2\/posts"}],"about":[{"href":"https:\/\/elpajaritonews.com\/index.php?rest_route=\/wp\/v2\/types\/post"}],"author":[{"embeddable":true,"href":"https:\/\/elpajaritonews.com\/index.php?rest_route=\/wp\/v2\/users\/2"}],"replies":[{"embeddable":true,"href":"https:\/\/elpajaritonews.com\/index.php?rest_route=%2Fwp%2Fv2%2Fcomments&post=62608"}],"version-history":[{"count":1,"href":"https:\/\/elpajaritonews.com\/index.php?rest_route=\/wp\/v2\/posts\/62608\/revisions"}],"predecessor-version":[{"id":62612,"href":"https:\/\/elpajaritonews.com\/index.php?rest_route=\/wp\/v2\/posts\/62608\/revisions\/62612"}],"wp:featuredmedia":[{"embeddable":true,"href":"https:\/\/elpajaritonews.com\/index.php?rest_route=\/wp\/v2\/media\/62610"}],"wp:attachment":[{"href":"https:\/\/elpajaritonews.com\/index.php?rest_route=%2Fwp%2Fv2%2Fmedia&parent=62608"}],"wp:term":[{"taxonomy":"category","embeddable":true,"href":"https:\/\/elpajaritonews.com\/index.php?rest_route=%2Fwp%2Fv2%2Fcategories&post=62608"},{"taxonomy":"post_tag","embeddable":true,"href":"https:\/\/elpajaritonews.com\/index.php?rest_route=%2Fwp%2Fv2%2Ftags&post=62608"}],"curies":[{"name":"wp","href":"https:\/\/api.w.org\/{rel}","templated":true}]}}