{"id":62619,"date":"2024-10-30T22:27:00","date_gmt":"2024-10-31T05:27:00","guid":{"rendered":"https:\/\/elpajaritonews.com\/?p=62619"},"modified":"2024-10-30T22:27:02","modified_gmt":"2024-10-31T05:27:02","slug":"supervisa-gobernador-durazo-avance-del-60-de-rehabilitacion-de-la-sauceda","status":"publish","type":"post","link":"https:\/\/elpajaritonews.com\/?p=62619","title":{"rendered":"SUPERVISA GOBERNADOR DURAZO AVANCE DEL 60% DE REHABILITACI\u00d3N DE LA SAUCEDA"},"content":{"rendered":"\n<p class=\"wp-block-paragraph\">Los trabajos de rehabilitaci\u00f3n del parque recreativo La Sauceda, en su primera etapa presentan un avance del 60 por ciento, con una inversi\u00f3n de 200 millones de pesos, se busca ofrecer un \u00e1rea de esparcimiento para la ciudadan\u00eda, inform\u00f3 el gobernador Alfonso Durazo Monta\u00f1o.<\/p>\n\n\n\n<figure class=\"wp-block-image size-large\"><img loading=\"lazy\" decoding=\"async\" width=\"1024\" height=\"682\" src=\"https:\/\/elpajaritonews.com\/wp-content\/uploads\/2024\/10\/8535b7e3-8a68-4499-8d99-5f4d66e75d01-1024x682.jpg\" alt=\"\" class=\"wp-image-62620\" srcset=\"https:\/\/elpajaritonews.com\/wp-content\/uploads\/2024\/10\/8535b7e3-8a68-4499-8d99-5f4d66e75d01-1024x682.jpg 1024w, https:\/\/elpajaritonews.com\/wp-content\/uploads\/2024\/10\/8535b7e3-8a68-4499-8d99-5f4d66e75d01-300x200.jpg 300w, https:\/\/elpajaritonews.com\/wp-content\/uploads\/2024\/10\/8535b7e3-8a68-4499-8d99-5f4d66e75d01-768x512.jpg 768w, https:\/\/elpajaritonews.com\/wp-content\/uploads\/2024\/10\/8535b7e3-8a68-4499-8d99-5f4d66e75d01-1536x1023.jpg 1536w, https:\/\/elpajaritonews.com\/wp-content\/uploads\/2024\/10\/8535b7e3-8a68-4499-8d99-5f4d66e75d01-600x400.jpg 600w, https:\/\/elpajaritonews.com\/wp-content\/uploads\/2024\/10\/8535b7e3-8a68-4499-8d99-5f4d66e75d01.jpg 1600w\" sizes=\"auto, (max-width: 1024px) 100vw, 1024px\" \/><\/figure>\n\n\n\n<p class=\"wp-block-paragraph\">Acompa\u00f1ado por Paulina Oca\u00f1a Encinas, jefa de la Oficina del Ejecutivo Estatal; Alejandra Castro Valencia, secretaria de Infraestructura y Desarrollo Urbano (Sidur); y representantes de la sociedad civil, el mandatario estatal realiz\u00f3 un recorrido de supervisi\u00f3n para constatar los avances de la obra, la cual contempla en esta primera etapa 10 hect\u00e1reas con infraestructura y 14.5 hect\u00e1reas con arboledas.<\/p>\n\n\n\n<figure class=\"wp-block-image size-large\"><img loading=\"lazy\" decoding=\"async\" width=\"1024\" height=\"682\" src=\"https:\/\/elpajaritonews.com\/wp-content\/uploads\/2024\/10\/0efcb403-f4c8-43ff-bfc9-51b3d0524903-1024x682.jpg\" alt=\"\" class=\"wp-image-62621\" srcset=\"https:\/\/elpajaritonews.com\/wp-content\/uploads\/2024\/10\/0efcb403-f4c8-43ff-bfc9-51b3d0524903-1024x682.jpg 1024w, https:\/\/elpajaritonews.com\/wp-content\/uploads\/2024\/10\/0efcb403-f4c8-43ff-bfc9-51b3d0524903-300x200.jpg 300w, https:\/\/elpajaritonews.com\/wp-content\/uploads\/2024\/10\/0efcb403-f4c8-43ff-bfc9-51b3d0524903-768x512.jpg 768w, https:\/\/elpajaritonews.com\/wp-content\/uploads\/2024\/10\/0efcb403-f4c8-43ff-bfc9-51b3d0524903-1536x1023.jpg 1536w, https:\/\/elpajaritonews.com\/wp-content\/uploads\/2024\/10\/0efcb403-f4c8-43ff-bfc9-51b3d0524903-600x400.jpg 600w, https:\/\/elpajaritonews.com\/wp-content\/uploads\/2024\/10\/0efcb403-f4c8-43ff-bfc9-51b3d0524903.jpg 1600w\" sizes=\"auto, (max-width: 1024px) 100vw, 1024px\" \/><\/figure>\n\n\n\n<p class=\"wp-block-paragraph\">El gobernador Durazo coment\u00f3 que pr\u00f3ximamente La Sauceda contar\u00e1 tambi\u00e9n con un \u00e1rea conocida como El Foro, que ser\u00e1 ofertada para la celebraci\u00f3n de eventos culturales y conciertos, y cuyos ingresos que genere ser\u00e1n destinados al mantenimiento del parque.<\/p>\n\n\n\n<figure class=\"wp-block-image size-large\"><img loading=\"lazy\" decoding=\"async\" width=\"1024\" height=\"682\" src=\"https:\/\/elpajaritonews.com\/wp-content\/uploads\/2024\/10\/dec442d8-0da4-46ca-bc82-7cbf4dac62d9-1024x682.jpg\" alt=\"\" class=\"wp-image-62622\" srcset=\"https:\/\/elpajaritonews.com\/wp-content\/uploads\/2024\/10\/dec442d8-0da4-46ca-bc82-7cbf4dac62d9-1024x682.jpg 1024w, https:\/\/elpajaritonews.com\/wp-content\/uploads\/2024\/10\/dec442d8-0da4-46ca-bc82-7cbf4dac62d9-300x200.jpg 300w, https:\/\/elpajaritonews.com\/wp-content\/uploads\/2024\/10\/dec442d8-0da4-46ca-bc82-7cbf4dac62d9-768x512.jpg 768w, https:\/\/elpajaritonews.com\/wp-content\/uploads\/2024\/10\/dec442d8-0da4-46ca-bc82-7cbf4dac62d9-1536x1023.jpg 1536w, https:\/\/elpajaritonews.com\/wp-content\/uploads\/2024\/10\/dec442d8-0da4-46ca-bc82-7cbf4dac62d9-600x400.jpg 600w, https:\/\/elpajaritonews.com\/wp-content\/uploads\/2024\/10\/dec442d8-0da4-46ca-bc82-7cbf4dac62d9.jpg 1600w\" sizes=\"auto, (max-width: 1024px) 100vw, 1024px\" \/><\/figure>\n\n\n\n<p class=\"wp-block-paragraph\">Como parte del proyecto se est\u00e1n reacondicionando instalaciones el\u00e9ctricas, ba\u00f1os, sistemas de riego, guarniciones, acabados, adoquines, alba\u00f1iler\u00eda en general, adem\u00e1s de instalaci\u00f3n de bancas, estructuras met\u00e1licas, retiro de mobiliario existente, habilitaci\u00f3n de juegos y andador principal.<\/p>\n\n\n\n<p class=\"wp-block-paragraph\">El gobernador Durazo supervis\u00f3 tambi\u00e9n el avance de la Cl\u00ednica de Bienestar Animal, donde a la fecha se han hecho trabajos de cimentaciones, acabados, muros, alba\u00f1iler\u00eda, puertas y ventanas, aire acondicionados, sistema contra incendios y \u00e1reas verdes.<\/p>\n","protected":false},"excerpt":{"rendered":"<p>Los trabajos de rehabilitaci\u00f3n del parque recreativo La Sauceda, en su primera etapa presentan un avance del 60 por ciento, con una inversi\u00f3n de 200 millones de pesos, se busca ofrecer un \u00e1rea de esparcimiento para la ciudadan\u00eda, inform\u00f3 el gobernador Alfonso Durazo Monta\u00f1o. Acompa\u00f1ado por Paulina Oca\u00f1a Encinas, jefa de la Oficina del Ejecutivo&#8230;<\/p>\n","protected":false},"author":2,"featured_media":62623,"comment_status":"closed","ping_status":"closed","sticky":false,"template":"","format":"standard","meta":{"_crdt_document":"","_exactmetrics_skip_tracking":false,"_exactmetrics_sitenote_active":false,"_exactmetrics_sitenote_note":"","_exactmetrics_sitenote_category":0,"footnotes":""},"categories":[36,31,27,69],"tags":[72,74,30],"class_list":["post-62619","post","type-post","status-publish","format-standard","has-post-thumbnail","hentry","category-economia","category-politica","category-sonora","category-ultimas-noticias","tag-claudia-sheinbaum","tag-hermosillo","tag-sonora-tierra-de-oportunidades"],"_links":{"self":[{"href":"https:\/\/elpajaritonews.com\/index.php?rest_route=\/wp\/v2\/posts\/62619","targetHints":{"allow":["GET"]}}],"collection":[{"href":"https:\/\/elpajaritonews.com\/index.php?rest_route=\/wp\/v2\/posts"}],"about":[{"href":"https:\/\/elpajaritonews.com\/index.php?rest_route=\/wp\/v2\/types\/post"}],"author":[{"embeddable":true,"href":"https:\/\/elpajaritonews.com\/index.php?rest_route=\/wp\/v2\/users\/2"}],"replies":[{"embeddable":true,"href":"https:\/\/elpajaritonews.com\/index.php?rest_route=%2Fwp%2Fv2%2Fcomments&post=62619"}],"version-history":[{"count":1,"href":"https:\/\/elpajaritonews.com\/index.php?rest_route=\/wp\/v2\/posts\/62619\/revisions"}],"predecessor-version":[{"id":62624,"href":"https:\/\/elpajaritonews.com\/index.php?rest_route=\/wp\/v2\/posts\/62619\/revisions\/62624"}],"wp:featuredmedia":[{"embeddable":true,"href":"https:\/\/elpajaritonews.com\/index.php?rest_route=\/wp\/v2\/media\/62623"}],"wp:attachment":[{"href":"https:\/\/elpajaritonews.com\/index.php?rest_route=%2Fwp%2Fv2%2Fmedia&parent=62619"}],"wp:term":[{"taxonomy":"category","embeddable":true,"href":"https:\/\/elpajaritonews.com\/index.php?rest_route=%2Fwp%2Fv2%2Fcategories&post=62619"},{"taxonomy":"post_tag","embeddable":true,"href":"https:\/\/elpajaritonews.com\/index.php?rest_route=%2Fwp%2Fv2%2Ftags&post=62619"}],"curies":[{"name":"wp","href":"https:\/\/api.w.org\/{rel}","templated":true}]}}