{"id":62644,"date":"2024-10-31T20:56:54","date_gmt":"2024-11-01T03:56:54","guid":{"rendered":"https:\/\/elpajaritonews.com\/?p=62644"},"modified":"2024-10-31T20:56:56","modified_gmt":"2024-11-01T03:56:56","slug":"vivienda-para-los-trabajadores-diputado-oscar-ortiz-arvayo","status":"publish","type":"post","link":"https:\/\/elpajaritonews.com\/?p=62644","title":{"rendered":"VIVIENDA PARA LOS TRABAJADORES:  DIPUTADO OSCAR ORTIZ ARVAYO"},"content":{"rendered":"\n<p class=\"wp-block-paragraph\">El Diputado Oscar Ortiz Arvayo expres\u00f3 su respaldo a la minuta de Reforma Constitucional en Materia de Vivienda, aprobada por unanimidad en el Congreso del Estado. Esta reforma representa un avance hist\u00f3rico para asegurar el derecho a una vivienda digna para los trabajadores de M\u00e9xico, proponiendo un sistema de vivienda orientado al bienestar social y enfocado en reconocer la dignidad de quienes sostienen la econom\u00eda nacional.<\/p>\n\n\n\n<p class=\"wp-block-paragraph\">Con esta reforma, el INFONAVIT no solo otorgar\u00e1 cr\u00e9ditos, sino que tambi\u00e9n construir\u00e1 viviendas para arrendamiento social, permitiendo a las personas trabajadoras habitar una casa con mensualidades que no excedan el 30% de su salario y, tras 10 a\u00f1os de arrendamiento, adquirirla como patrimonio familiar.<\/p>\n\n\n\n<p class=\"wp-block-paragraph\">\u201cA pesar del actual grave d\u00e9ficit de vivienda de inter\u00e9s social, tenemos que reconocer los beneficios de esta reforma, que no se limitan solo al \u00e1mbito econ\u00f3mico; tambi\u00e9n son un reconocimiento a la dignidad y el esfuerzo, y yo, como sindicalista, es algo que debo de reconocer y aplaudir, porque por muchos a\u00f1os hemos luchado por lograr este beneficio,\u201d declar\u00f3 Ortiz Arvayo.<\/p>\n\n\n\n<p class=\"wp-block-paragraph\">La iniciativa priorizar\u00e1 a quienes tengan mayor antig\u00fcedad en sus contribuciones y no posean vivienda, promoviendo as\u00ed justicia y equidad. Adem\u00e1s, la reforma incorpora lenguaje igualitario, en consonancia con los avances en igualdad de g\u00e9nero que el pa\u00eds ha alcanzado.<\/p>\n\n\n\n<p class=\"wp-block-paragraph\">El diputado Cetemista subray\u00f3 que la reforma permitir\u00e1 recuperar viviendas abandonadas, las cuales podr\u00e1n ser aprovechadas para atender el d\u00e9ficit habitacional, optimizando los recursos disponibles y beneficiando a millones de familias.<\/p>\n\n\n\n<p class=\"wp-block-paragraph\">\u201cEstamos marcando un antes y un despu\u00e9s en la historia de los derechos de las personas trabajadoras en M\u00e9xico.<\/p>\n\n\n\n<p class=\"wp-block-paragraph\">Hoy damos un paso hacia una naci\u00f3n m\u00e1s justa y solidaria, donde cada trabajador pueda contar con un hogar seguro, accesible y digno\u201d, concluy\u00f3.<\/p>\n","protected":false},"excerpt":{"rendered":"<p>El Diputado Oscar Ortiz Arvayo expres\u00f3 su respaldo a la minuta de Reforma Constitucional en Materia de Vivienda, aprobada por unanimidad en el Congreso del Estado. Esta reforma representa un avance hist\u00f3rico para asegurar el derecho a una vivienda digna para los trabajadores de M\u00e9xico, proponiendo un sistema de vivienda orientado al bienestar social y&#8230;<\/p>\n","protected":false},"author":2,"featured_media":62645,"comment_status":"closed","ping_status":"closed","sticky":false,"template":"","format":"standard","meta":{"_crdt_document":"","_exactmetrics_skip_tracking":false,"_exactmetrics_sitenote_active":false,"_exactmetrics_sitenote_note":"","_exactmetrics_sitenote_category":0,"footnotes":""},"categories":[20,36,26,31,27,69],"tags":[72,73,30],"class_list":["post-62644","post","type-post","status-publish","format-standard","has-post-thumbnail","hentry","category-congreso","category-economia","category-local","category-politica","category-sonora","category-ultimas-noticias","tag-claudia-sheinbaum","tag-congreso-del-estado-de-sonora","tag-sonora-tierra-de-oportunidades"],"_links":{"self":[{"href":"https:\/\/elpajaritonews.com\/index.php?rest_route=\/wp\/v2\/posts\/62644","targetHints":{"allow":["GET"]}}],"collection":[{"href":"https:\/\/elpajaritonews.com\/index.php?rest_route=\/wp\/v2\/posts"}],"about":[{"href":"https:\/\/elpajaritonews.com\/index.php?rest_route=\/wp\/v2\/types\/post"}],"author":[{"embeddable":true,"href":"https:\/\/elpajaritonews.com\/index.php?rest_route=\/wp\/v2\/users\/2"}],"replies":[{"embeddable":true,"href":"https:\/\/elpajaritonews.com\/index.php?rest_route=%2Fwp%2Fv2%2Fcomments&post=62644"}],"version-history":[{"count":1,"href":"https:\/\/elpajaritonews.com\/index.php?rest_route=\/wp\/v2\/posts\/62644\/revisions"}],"predecessor-version":[{"id":62646,"href":"https:\/\/elpajaritonews.com\/index.php?rest_route=\/wp\/v2\/posts\/62644\/revisions\/62646"}],"wp:featuredmedia":[{"embeddable":true,"href":"https:\/\/elpajaritonews.com\/index.php?rest_route=\/wp\/v2\/media\/62645"}],"wp:attachment":[{"href":"https:\/\/elpajaritonews.com\/index.php?rest_route=%2Fwp%2Fv2%2Fmedia&parent=62644"}],"wp:term":[{"taxonomy":"category","embeddable":true,"href":"https:\/\/elpajaritonews.com\/index.php?rest_route=%2Fwp%2Fv2%2Fcategories&post=62644"},{"taxonomy":"post_tag","embeddable":true,"href":"https:\/\/elpajaritonews.com\/index.php?rest_route=%2Fwp%2Fv2%2Ftags&post=62644"}],"curies":[{"name":"wp","href":"https:\/\/api.w.org\/{rel}","templated":true}]}}