{"id":62663,"date":"2024-11-03T07:42:00","date_gmt":"2024-11-03T14:42:00","guid":{"rendered":"https:\/\/elpajaritonews.com\/?p=62663"},"modified":"2024-11-29T22:58:54","modified_gmt":"2024-11-30T05:58:54","slug":"dialoga-gobierno-de-sonora-con-ejidatarios-del-sur-del-estado","status":"publish","type":"post","link":"https:\/\/elpajaritonews.com\/?p=62663","title":{"rendered":"DIALOGA GOBIERNO DE SONORA CON EJIDATARIOS DEL SUR DEL ESTADO"},"content":{"rendered":"\n<p class=\"wp-block-paragraph\">La mejor manera de resolver c\u00f3mo salir de la contingencia h\u00eddrica hist\u00f3rica por la que atraviesa Sonora, es escuchar a todos, por eso el Gobierno del Estado, a trav\u00e9s de la Secretar\u00eda de Agricultura, Ganader\u00eda, Recursos Hidr\u00e1ulicos, Pesca y Acuacultura (Sagarhpa), dialog\u00f3 con ejidatarios del sur de la entidad.<\/p>\n\n\n\n<figure class=\"wp-block-image size-large\"><img loading=\"lazy\" decoding=\"async\" width=\"1024\" height=\"682\" src=\"https:\/\/elpajaritonews.com\/wp-content\/uploads\/2024\/11\/69ffa821-6540-4ba6-995b-be4432a86a1b-1024x682.jpg\" alt=\"\" class=\"wp-image-62664\" srcset=\"https:\/\/elpajaritonews.com\/wp-content\/uploads\/2024\/11\/69ffa821-6540-4ba6-995b-be4432a86a1b-1024x682.jpg 1024w, https:\/\/elpajaritonews.com\/wp-content\/uploads\/2024\/11\/69ffa821-6540-4ba6-995b-be4432a86a1b-300x200.jpg 300w, https:\/\/elpajaritonews.com\/wp-content\/uploads\/2024\/11\/69ffa821-6540-4ba6-995b-be4432a86a1b-768x512.jpg 768w, https:\/\/elpajaritonews.com\/wp-content\/uploads\/2024\/11\/69ffa821-6540-4ba6-995b-be4432a86a1b-600x400.jpg 600w, https:\/\/elpajaritonews.com\/wp-content\/uploads\/2024\/11\/69ffa821-6540-4ba6-995b-be4432a86a1b.jpg 1280w\" sizes=\"auto, (max-width: 1024px) 100vw, 1024px\" \/><\/figure>\n\n\n\n<p class=\"wp-block-paragraph\">La titular de la Sagarhpa, Celida L\u00f3pez C\u00e1rdenas, se reuni\u00f3 en las instalaciones del ejido del Valle del Yaqui, con los pobladores que expusieron sus necesidades y mostraron inter\u00e9s por conocer los proyectos de reconversi\u00f3n de cultivos promovido por el gobernador Alfonso Durazo.<\/p>\n\n\n\n<p class=\"wp-block-paragraph\">Trinidad S\u00e1nchez Lara, presidente de la Coalici\u00f3n de Ejidos Colectivos de los Valles del Yaqui y Mayo, expuso que ante la falta de agua existir\u00e1 problem\u00e1tica social en la regi\u00f3n, por lo que se requiere de programas de apoyo extraordinarios para el campo.<\/p>\n\n\n\n<p class=\"wp-block-paragraph\">L\u00f3pez C\u00e1rdenas expres\u00f3 que como Gobierno de Sonora se atienden las demandas de los productores, para que tanto la Sagarhpa como el mandatario estatal, gestionen ante la Federaci\u00f3n las acciones que permitan mitigar o resolver la situaci\u00f3n actual por la que atraviesa el campo.<\/p>\n\n\n\n<p class=\"wp-block-paragraph\">Nuestro gobernador est\u00e1 informado y al pendiente de la situaci\u00f3n, por eso se ha reunido con Julio Berdegu\u00e9 Sacrist\u00e1n, titular de la Secretar\u00eda de Agricultura y Desarrollo Rural (Sader), para solicitar su apoyo e intervenci\u00f3n para la atracci\u00f3n de programas federales para el Sur de Sonora.<\/p>\n","protected":false},"excerpt":{"rendered":"<p>La mejor manera de resolver c\u00f3mo salir de la contingencia h\u00eddrica hist\u00f3rica por la que atraviesa Sonora, es escuchar a todos, por eso el Gobierno del Estado, a trav\u00e9s de la Secretar\u00eda de Agricultura, Ganader\u00eda, Recursos Hidr\u00e1ulicos, Pesca y Acuacultura (Sagarhpa), dialog\u00f3 con ejidatarios del sur de la entidad. La titular de la Sagarhpa, Celida&#8230;<\/p>\n","protected":false},"author":2,"featured_media":62665,"comment_status":"closed","ping_status":"closed","sticky":false,"template":"","format":"standard","meta":{"_crdt_document":"","_exactmetrics_skip_tracking":false,"_exactmetrics_sitenote_active":false,"_exactmetrics_sitenote_note":"","_exactmetrics_sitenote_category":0,"footnotes":""},"categories":[36,88,31,27,69],"tags":[71,72,30],"class_list":["post-62663","post","type-post","status-publish","format-standard","has-post-thumbnail","hentry","category-economia","category-justicia","category-politica","category-sonora","category-ultimas-noticias","tag-alfonso-durazo","tag-claudia-sheinbaum","tag-sonora-tierra-de-oportunidades"],"_links":{"self":[{"href":"https:\/\/elpajaritonews.com\/index.php?rest_route=\/wp\/v2\/posts\/62663","targetHints":{"allow":["GET"]}}],"collection":[{"href":"https:\/\/elpajaritonews.com\/index.php?rest_route=\/wp\/v2\/posts"}],"about":[{"href":"https:\/\/elpajaritonews.com\/index.php?rest_route=\/wp\/v2\/types\/post"}],"author":[{"embeddable":true,"href":"https:\/\/elpajaritonews.com\/index.php?rest_route=\/wp\/v2\/users\/2"}],"replies":[{"embeddable":true,"href":"https:\/\/elpajaritonews.com\/index.php?rest_route=%2Fwp%2Fv2%2Fcomments&post=62663"}],"version-history":[{"count":1,"href":"https:\/\/elpajaritonews.com\/index.php?rest_route=\/wp\/v2\/posts\/62663\/revisions"}],"predecessor-version":[{"id":62666,"href":"https:\/\/elpajaritonews.com\/index.php?rest_route=\/wp\/v2\/posts\/62663\/revisions\/62666"}],"wp:featuredmedia":[{"embeddable":true,"href":"https:\/\/elpajaritonews.com\/index.php?rest_route=\/wp\/v2\/media\/62665"}],"wp:attachment":[{"href":"https:\/\/elpajaritonews.com\/index.php?rest_route=%2Fwp%2Fv2%2Fmedia&parent=62663"}],"wp:term":[{"taxonomy":"category","embeddable":true,"href":"https:\/\/elpajaritonews.com\/index.php?rest_route=%2Fwp%2Fv2%2Fcategories&post=62663"},{"taxonomy":"post_tag","embeddable":true,"href":"https:\/\/elpajaritonews.com\/index.php?rest_route=%2Fwp%2Fv2%2Ftags&post=62663"}],"curies":[{"name":"wp","href":"https:\/\/api.w.org\/{rel}","templated":true}]}}