{"id":62667,"date":"2024-11-04T18:09:07","date_gmt":"2024-11-05T01:09:07","guid":{"rendered":"https:\/\/elpajaritonews.com\/?p=62667"},"modified":"2024-11-04T18:15:18","modified_gmt":"2024-11-05T01:15:18","slug":"hay-36-personas-detenidas-vinculadas-a-los-hechos-registrados-en-2019-en-la-comunidad-de-la-mora-en-bavispe-claudia-sheinbaum","status":"publish","type":"post","link":"https:\/\/elpajaritonews.com\/?p=62667","title":{"rendered":"\u00abHAY 36 PERSONAS DETENIDAS VINCULADAS A LOS HECHOS REGISTRADOS EN 2019, EN LA COMUNIDAD DE LA MORA, EN BAVISPE\u00bb: CLAUDIA SHEINBAUM"},"content":{"rendered":"\n<p class=\"wp-block-paragraph\">Este d\u00eda, durante la conferencia de prensa en Palacio Nacional, la Presidenta Claudia Sheinbaum Pardo se\u00f1al\u00f3 que al momento hay 36 personas detenidas vinculadas a los hechos registrados en 2019, en la comunidad de La Mora, en Bavispe, donde murieron nueve miembros de la familia LeBar\u00f3n.<\/p>\n\n\n\n<p class=\"wp-block-paragraph\">Agreg\u00f3 que la Secretar\u00eda de Gobernaci\u00f3n brinda seguimiento en atenci\u00f3n a la familia LeBar\u00f3n, adem\u00e1s que ma\u00f1ana autoridades de la Fiscal\u00eda General de la Rep\u00fablica sostendr\u00e1n una reuni\u00f3n con los mismos familiares de las v\u00edctimas de este hecho.<\/p>\n\n\n\n<p class=\"wp-block-paragraph\"><a href=\"https:\/\/twitter.com\/i\/status\/1853605775739854962\">https:\/\/twitter.com\/i\/status\/1853605775739854962<\/a><\/p>\n","protected":false},"excerpt":{"rendered":"<p>Este d\u00eda, durante la conferencia de prensa en Palacio Nacional, la Presidenta Claudia Sheinbaum Pardo se\u00f1al\u00f3 que al momento hay 36 personas detenidas vinculadas a los hechos registrados en 2019, en la comunidad de La Mora, en Bavispe, donde murieron nueve miembros de la familia LeBar\u00f3n. Agreg\u00f3 que la Secretar\u00eda de Gobernaci\u00f3n brinda seguimiento en&#8230;<\/p>\n","protected":false},"author":2,"featured_media":62668,"comment_status":"closed","ping_status":"closed","sticky":false,"template":"","format":"standard","meta":{"_crdt_document":"","_exactmetrics_skip_tracking":false,"_exactmetrics_sitenote_active":false,"_exactmetrics_sitenote_note":"","_exactmetrics_sitenote_category":0,"footnotes":""},"categories":[88,26,23,82,31,1,27,69],"tags":[71,72,74,75,30],"class_list":["post-62667","post","type-post","status-publish","format-standard","has-post-thumbnail","hentry","category-justicia","category-local","category-mexico","category-poder-judicial","category-politica","category-seguridad","category-sonora","category-ultimas-noticias","tag-alfonso-durazo","tag-claudia-sheinbaum","tag-hermosillo","tag-seguridad-publica","tag-sonora-tierra-de-oportunidades"],"_links":{"self":[{"href":"https:\/\/elpajaritonews.com\/index.php?rest_route=\/wp\/v2\/posts\/62667","targetHints":{"allow":["GET"]}}],"collection":[{"href":"https:\/\/elpajaritonews.com\/index.php?rest_route=\/wp\/v2\/posts"}],"about":[{"href":"https:\/\/elpajaritonews.com\/index.php?rest_route=\/wp\/v2\/types\/post"}],"author":[{"embeddable":true,"href":"https:\/\/elpajaritonews.com\/index.php?rest_route=\/wp\/v2\/users\/2"}],"replies":[{"embeddable":true,"href":"https:\/\/elpajaritonews.com\/index.php?rest_route=%2Fwp%2Fv2%2Fcomments&post=62667"}],"version-history":[{"count":3,"href":"https:\/\/elpajaritonews.com\/index.php?rest_route=\/wp\/v2\/posts\/62667\/revisions"}],"predecessor-version":[{"id":62672,"href":"https:\/\/elpajaritonews.com\/index.php?rest_route=\/wp\/v2\/posts\/62667\/revisions\/62672"}],"wp:featuredmedia":[{"embeddable":true,"href":"https:\/\/elpajaritonews.com\/index.php?rest_route=\/wp\/v2\/media\/62668"}],"wp:attachment":[{"href":"https:\/\/elpajaritonews.com\/index.php?rest_route=%2Fwp%2Fv2%2Fmedia&parent=62667"}],"wp:term":[{"taxonomy":"category","embeddable":true,"href":"https:\/\/elpajaritonews.com\/index.php?rest_route=%2Fwp%2Fv2%2Fcategories&post=62667"},{"taxonomy":"post_tag","embeddable":true,"href":"https:\/\/elpajaritonews.com\/index.php?rest_route=%2Fwp%2Fv2%2Ftags&post=62667"}],"curies":[{"name":"wp","href":"https:\/\/api.w.org\/{rel}","templated":true}]}}