{"id":62680,"date":"2024-11-04T21:16:43","date_gmt":"2024-11-05T04:16:43","guid":{"rendered":"https:\/\/elpajaritonews.com\/?p=62680"},"modified":"2024-12-05T17:15:07","modified_gmt":"2024-12-06T00:15:07","slug":"se-reune-comision-de-bienestar-social-del-congreso-de-sonora","status":"publish","type":"post","link":"https:\/\/elpajaritonews.com\/?p=62680","title":{"rendered":"SE RE\u00daNE COMISI\u00d3N DE BIENESTAR SOCIAL DEL CONGRESO DE SONORA"},"content":{"rendered":"\n<p class=\"wp-block-paragraph\">El d\u00eda de hoy, la Comisi\u00f3n de Bienestar Social llev\u00f3 a cabo una reuni\u00f3n de trabajo con el objetivo de coordinar pol\u00edticas p\u00fablicas enfocadas en el bienestar social, as\u00ed como de promover programas a favor del desarrollo integral de las y los sonorenses.<\/p>\n\n\n\n<figure class=\"wp-block-image size-full is-resized\"><img loading=\"lazy\" decoding=\"async\" width=\"802\" height=\"99\" src=\"https:\/\/elpajaritonews.com\/wp-content\/uploads\/2024\/11\/BANER-marzo-1.jpg\" alt=\"\" class=\"wp-image-63372\" style=\"width:840px;height:auto\" srcset=\"https:\/\/elpajaritonews.com\/wp-content\/uploads\/2024\/11\/BANER-marzo-1.jpg 802w, https:\/\/elpajaritonews.com\/wp-content\/uploads\/2024\/11\/BANER-marzo-1-300x37.jpg 300w, https:\/\/elpajaritonews.com\/wp-content\/uploads\/2024\/11\/BANER-marzo-1-768x95.jpg 768w\" sizes=\"auto, (max-width: 802px) 100vw, 802px\" \/><\/figure>\n\n\n\n<figure class=\"wp-block-image size-large\"><img loading=\"lazy\" decoding=\"async\" width=\"1024\" height=\"580\" src=\"https:\/\/elpajaritonews.com\/wp-content\/uploads\/2024\/11\/eb895056-d154-4ccc-9683-8e827fba761d-1024x580.jpg\" alt=\"\" class=\"wp-image-62682\" srcset=\"https:\/\/elpajaritonews.com\/wp-content\/uploads\/2024\/11\/eb895056-d154-4ccc-9683-8e827fba761d-1024x580.jpg 1024w, https:\/\/elpajaritonews.com\/wp-content\/uploads\/2024\/11\/eb895056-d154-4ccc-9683-8e827fba761d-300x170.jpg 300w, https:\/\/elpajaritonews.com\/wp-content\/uploads\/2024\/11\/eb895056-d154-4ccc-9683-8e827fba761d-768x435.jpg 768w, https:\/\/elpajaritonews.com\/wp-content\/uploads\/2024\/11\/eb895056-d154-4ccc-9683-8e827fba761d-1536x871.jpg 1536w, https:\/\/elpajaritonews.com\/wp-content\/uploads\/2024\/11\/eb895056-d154-4ccc-9683-8e827fba761d.jpg 1600w\" sizes=\"auto, (max-width: 1024px) 100vw, 1024px\" \/><\/figure>\n\n\n\n<p class=\"wp-block-paragraph\">La presidenta de la comisi\u00f3n, Mar\u00eda Eduwiges Espinoza Tapia (Morena), destac\u00f3 la importancia de esta comisi\u00f3n en la creaci\u00f3n de estrategias que atiendan las necesidades de los grupos m\u00e1s vulnerables de la sociedad. Enfatiz\u00f3 la necesidad de fortalecer las leyes que promuevan el desarrollo y el empoderamiento de las comunidades.<\/p>\n\n\n\n<p class=\"wp-block-paragraph\">Durante la reuni\u00f3n, las y los invitados especiales manifestaron su disposici\u00f3n para trabajar de manera coordinada con organizaciones civiles, instituciones y ciudadan\u00eda para fomentar un Sonora m\u00e1s justo y equitativo.<\/p>\n\n\n\n<figure class=\"wp-block-image size-large\"><img loading=\"lazy\" decoding=\"async\" width=\"1024\" height=\"682\" src=\"https:\/\/elpajaritonews.com\/wp-content\/uploads\/2024\/11\/8ea63fac-d4b7-436c-af89-42410b71520b-1024x682.jpg\" alt=\"\" class=\"wp-image-62683\" srcset=\"https:\/\/elpajaritonews.com\/wp-content\/uploads\/2024\/11\/8ea63fac-d4b7-436c-af89-42410b71520b-1024x682.jpg 1024w, https:\/\/elpajaritonews.com\/wp-content\/uploads\/2024\/11\/8ea63fac-d4b7-436c-af89-42410b71520b-300x200.jpg 300w, https:\/\/elpajaritonews.com\/wp-content\/uploads\/2024\/11\/8ea63fac-d4b7-436c-af89-42410b71520b-768x512.jpg 768w, https:\/\/elpajaritonews.com\/wp-content\/uploads\/2024\/11\/8ea63fac-d4b7-436c-af89-42410b71520b-1536x1023.jpg 1536w, https:\/\/elpajaritonews.com\/wp-content\/uploads\/2024\/11\/8ea63fac-d4b7-436c-af89-42410b71520b-600x400.jpg 600w, https:\/\/elpajaritonews.com\/wp-content\/uploads\/2024\/11\/8ea63fac-d4b7-436c-af89-42410b71520b.jpg 1600w\" sizes=\"auto, (max-width: 1024px) 100vw, 1024px\" \/><\/figure>\n\n\n\n<p class=\"wp-block-paragraph\">Estuvieron presentes: Norberto Barraza Almaz\u00e1n, diputado por el Partido Encuentro Solidario (PES); Lorenia Valles Sampedro y Heriberto Aguilar Castillo, senadores de la Rep\u00fablica por Morena; Octavio Almada Palafox, delegado de Bienestar en Sonora; Alejandra Castro Valencia, secretaria de Infraestructura y Desarrollo Urbano (Sidur); y Fernando Rojo de la Vega, secretario de Bienestar estatal.<\/p>\n\n\n\n<p class=\"wp-block-paragraph\">Tambi\u00e9n asistieron Lizeth V\u00e1squez Ochoa, directora del Sistema DIF Sonora; Stephan\u00eda Duarte Federico, regidora de Morena en el Ayuntamiento de Hermosillo; y Martha Guzm\u00e1n Maldonado, presidenta de la Junta de Asistencia Privada de la Secretar\u00eda de Salud.<\/p>\n","protected":false},"excerpt":{"rendered":"<p>El d\u00eda de hoy, la Comisi\u00f3n de Bienestar Social llev\u00f3 a cabo una reuni\u00f3n de trabajo con el objetivo de coordinar pol\u00edticas p\u00fablicas enfocadas en el bienestar social, as\u00ed como de promover programas a favor del desarrollo integral de las y los sonorenses. La presidenta de la comisi\u00f3n, Mar\u00eda Eduwiges Espinoza Tapia (Morena), destac\u00f3 la&#8230;<\/p>\n","protected":false},"author":2,"featured_media":62681,"comment_status":"closed","ping_status":"closed","sticky":false,"template":"","format":"standard","meta":{"_crdt_document":"","_exactmetrics_skip_tracking":false,"_exactmetrics_sitenote_active":false,"_exactmetrics_sitenote_note":"","_exactmetrics_sitenote_category":0,"footnotes":""},"categories":[20,36,26,23,31,27,69],"tags":[72,73,30],"class_list":["post-62680","post","type-post","status-publish","format-standard","has-post-thumbnail","hentry","category-congreso","category-economia","category-local","category-mexico","category-politica","category-sonora","category-ultimas-noticias","tag-claudia-sheinbaum","tag-congreso-del-estado-de-sonora","tag-sonora-tierra-de-oportunidades"],"_links":{"self":[{"href":"https:\/\/elpajaritonews.com\/index.php?rest_route=\/wp\/v2\/posts\/62680","targetHints":{"allow":["GET"]}}],"collection":[{"href":"https:\/\/elpajaritonews.com\/index.php?rest_route=\/wp\/v2\/posts"}],"about":[{"href":"https:\/\/elpajaritonews.com\/index.php?rest_route=\/wp\/v2\/types\/post"}],"author":[{"embeddable":true,"href":"https:\/\/elpajaritonews.com\/index.php?rest_route=\/wp\/v2\/users\/2"}],"replies":[{"embeddable":true,"href":"https:\/\/elpajaritonews.com\/index.php?rest_route=%2Fwp%2Fv2%2Fcomments&post=62680"}],"version-history":[{"count":3,"href":"https:\/\/elpajaritonews.com\/index.php?rest_route=\/wp\/v2\/posts\/62680\/revisions"}],"predecessor-version":[{"id":63373,"href":"https:\/\/elpajaritonews.com\/index.php?rest_route=\/wp\/v2\/posts\/62680\/revisions\/63373"}],"wp:featuredmedia":[{"embeddable":true,"href":"https:\/\/elpajaritonews.com\/index.php?rest_route=\/wp\/v2\/media\/62681"}],"wp:attachment":[{"href":"https:\/\/elpajaritonews.com\/index.php?rest_route=%2Fwp%2Fv2%2Fmedia&parent=62680"}],"wp:term":[{"taxonomy":"category","embeddable":true,"href":"https:\/\/elpajaritonews.com\/index.php?rest_route=%2Fwp%2Fv2%2Fcategories&post=62680"},{"taxonomy":"post_tag","embeddable":true,"href":"https:\/\/elpajaritonews.com\/index.php?rest_route=%2Fwp%2Fv2%2Ftags&post=62680"}],"curies":[{"name":"wp","href":"https:\/\/api.w.org\/{rel}","templated":true}]}}