{"id":62702,"date":"2024-11-05T13:59:20","date_gmt":"2024-11-05T20:59:20","guid":{"rendered":"https:\/\/elpajaritonews.com\/?p=62702"},"modified":"2024-11-05T13:59:21","modified_gmt":"2024-11-05T20:59:21","slug":"a-partir-de-hoy-y-hasta-noviembre-de-2025-podran-importarse-autos-usados-que-autos-no-se-podran-importar","status":"publish","type":"post","link":"https:\/\/elpajaritonews.com\/?p=62702","title":{"rendered":"A PARTIR DE HOY Y HASTA NOVIEMBRE DE 2025 PODR\u00c1N IMPORTARSE AUTOS USADOS. \u00bfQU\u00c9 AUTOS NO SE PODR\u00c1N IMPORTAR?"},"content":{"rendered":"\n<p class=\"wp-block-paragraph\">El lunes se public\u00f3 en el Diario Oficial de la Federaci\u00f3n el \u201cDecreto por el que se regula la importaci\u00f3n definitiva de veh\u00edculos usados\u00bb<\/p>\n\n\n\n<p class=\"wp-block-paragraph\">A pesar de la pol\u00e9mica que hay en torno a la entrada de unidades usadas, por Decreto presidencial, a partir de este 5 de noviembre y hasta el 4 de noviembre del pr\u00f3ximo a\u00f1o podr\u00e1n importarse en definitiva veh\u00edculos usados.<\/p>\n\n\n\n<p class=\"wp-block-paragraph\">Esto aplica para veh\u00edculos de pasajeros, incluso para aquellos que transporten m\u00e1s de 10 personas, unidades de transporte de mercanc\u00edas, tractores de carretera, para semirremolques y camiones hormigonera, siempre y cuando su a\u00f1o-modelo sea de ocho a nueve a\u00f1os anteriores al a\u00f1o en que se realice la importaci\u00f3n.<\/p>\n\n\n\n<p class=\"wp-block-paragraph\">En el documento, firmado por la presidenta Claudia Sheinbaum, que public\u00f3 en el Diario Oficial de la Federaci\u00f3n la Secretar\u00eda de Econom\u00eda, se asegura que se podr\u00e1n importar veh\u00edculos por residentes de la franja fronteriza Norte los siguientes veh\u00edculos:<\/p>\n\n\n\n<p class=\"wp-block-paragraph\">\u00bfQu\u00e9 autos no se podr\u00e1n importar?<\/p>\n\n\n\n<p class=\"wp-block-paragraph\">Se advirti\u00f3 que: \u201cno podr\u00e1n importarse en forma definitiva al territorio nacional los veh\u00edculos usados que en el pa\u00eds de procedencia, por sus caracter\u00edsticas o por cuestiones t\u00e9cnicas, est\u00e9 restringida o prohibida su circulaci\u00f3n.<\/p>\n\n\n\n<p class=\"wp-block-paragraph\">\u201cCuando no cumplan con las condiciones f\u00edsico mec\u00e1nicas o de protecci\u00f3n al medio ambiente de conformidad con las disposiciones aplicables, o cuando el veh\u00edculo haya sido reportado como robado\u201d.<\/p>\n\n\n\n<p class=\"wp-block-paragraph\">El lunes por la noche se public\u00f3 en el Diario Oficial de la Federaci\u00f3n el \u201cDecreto por el que se regula la importaci\u00f3n definitiva de veh\u00edculos usados\u201d, por la que el gobierno pretende \u201cdar seguridad jur\u00eddica a los importadores y propietarios de estos veh\u00edculos usados sobre la legal estancia y tenencia de \u00e9stos para circular en territorio nacional\u201d.<\/p>\n\n\n\n<p class=\"wp-block-paragraph\">Esta disposici\u00f3n est\u00e1 vigente desde hoy y hasta por un a\u00f1o, tiempo en el que los interesados en importar autom\u00f3viles deber\u00e1n de cumplir con ciertos requisitos, como presentar el certificado de origen del autom\u00f3vil para que se le d\u00e9 trato arancelario preferencial, si proviene de pa\u00edses con los que tenemos tratado de libre comercio.<\/p>\n","protected":false},"excerpt":{"rendered":"<p>El lunes se public\u00f3 en el Diario Oficial de la Federaci\u00f3n el \u201cDecreto por el que se regula la importaci\u00f3n definitiva de veh\u00edculos usados\u00bb A pesar de la pol\u00e9mica que hay en torno a la entrada de unidades usadas, por Decreto presidencial, a partir de este 5 de noviembre y hasta el 4 de noviembre&#8230;<\/p>\n","protected":false},"author":2,"featured_media":62703,"comment_status":"closed","ping_status":"closed","sticky":false,"template":"","format":"standard","meta":{"_crdt_document":"","_exactmetrics_skip_tracking":false,"_exactmetrics_sitenote_active":false,"_exactmetrics_sitenote_note":"","_exactmetrics_sitenote_category":0,"footnotes":""},"categories":[17,36,26,23,1,27,69],"tags":[72,76,75],"class_list":["post-62702","post","type-post","status-publish","format-standard","has-post-thumbnail","hentry","category-arizona","category-economia","category-local","category-mexico","category-seguridad","category-sonora","category-ultimas-noticias","tag-claudia-sheinbaum","tag-medio-ambiente","tag-seguridad-publica"],"_links":{"self":[{"href":"https:\/\/elpajaritonews.com\/index.php?rest_route=\/wp\/v2\/posts\/62702","targetHints":{"allow":["GET"]}}],"collection":[{"href":"https:\/\/elpajaritonews.com\/index.php?rest_route=\/wp\/v2\/posts"}],"about":[{"href":"https:\/\/elpajaritonews.com\/index.php?rest_route=\/wp\/v2\/types\/post"}],"author":[{"embeddable":true,"href":"https:\/\/elpajaritonews.com\/index.php?rest_route=\/wp\/v2\/users\/2"}],"replies":[{"embeddable":true,"href":"https:\/\/elpajaritonews.com\/index.php?rest_route=%2Fwp%2Fv2%2Fcomments&post=62702"}],"version-history":[{"count":1,"href":"https:\/\/elpajaritonews.com\/index.php?rest_route=\/wp\/v2\/posts\/62702\/revisions"}],"predecessor-version":[{"id":62704,"href":"https:\/\/elpajaritonews.com\/index.php?rest_route=\/wp\/v2\/posts\/62702\/revisions\/62704"}],"wp:featuredmedia":[{"embeddable":true,"href":"https:\/\/elpajaritonews.com\/index.php?rest_route=\/wp\/v2\/media\/62703"}],"wp:attachment":[{"href":"https:\/\/elpajaritonews.com\/index.php?rest_route=%2Fwp%2Fv2%2Fmedia&parent=62702"}],"wp:term":[{"taxonomy":"category","embeddable":true,"href":"https:\/\/elpajaritonews.com\/index.php?rest_route=%2Fwp%2Fv2%2Fcategories&post=62702"},{"taxonomy":"post_tag","embeddable":true,"href":"https:\/\/elpajaritonews.com\/index.php?rest_route=%2Fwp%2Fv2%2Ftags&post=62702"}],"curies":[{"name":"wp","href":"https:\/\/api.w.org\/{rel}","templated":true}]}}