{"id":62708,"date":"2024-11-05T16:10:12","date_gmt":"2024-11-05T23:10:12","guid":{"rendered":"https:\/\/elpajaritonews.com\/?p=62708"},"modified":"2024-11-05T16:10:15","modified_gmt":"2024-11-05T23:10:15","slug":"reforma-judicial-va-fracasa-proyecto-de-gonzalez-alcantara-carranca-en-la-suprema-corte","status":"publish","type":"post","link":"https:\/\/elpajaritonews.com\/?p=62708","title":{"rendered":"REFORMA JUDICIAL VA; FRACASA PROYECTO DE GONZ\u00c1LEZ ALC\u00c1NTARA CARRANC\u00c1 EN LA SUPREMA CORTE"},"content":{"rendered":"\n<p class=\"wp-block-paragraph\">La discusi\u00f3n respecto a si el decreto de la reforma al Poder Judicial es o no constitucional est\u00e1 cerca a llegar a su conclusi\u00f3n<\/p>\n\n\n\n<p class=\"wp-block-paragraph\">Este martes 5 de noviembre las y los ministros de la Suprema Corte de Justicia de la Naci\u00f3n (SCJN) discutir\u00e1n y votar\u00e1n el proyecto del ministro Juan Luis Gonz\u00e1lez Alc\u00e1ntara Carranc\u00e1, el cual responde a una acci\u00f3n de inconstitucionalidad.<\/p>\n\n\n\n<p class=\"wp-block-paragraph\">La reforma proh\u00edbe al pueblo y a los partidos pol\u00edticos promover un juicio de amparo, acci\u00f3n de constitucional o controversia contra cualquier iniciativa que sea aprobada.<\/p>\n\n\n\n<p class=\"wp-block-paragraph\">Reforma Judicial va; fracasa proyecto de Gonz\u00e1lez Alc\u00e1ntara Carranca<\/p>\n\n\n\n<p class=\"wp-block-paragraph\">Por unanimidad de votos, la Suprema Corte de Justicia de la Naci\u00f3n (SCJN) determin\u00f3 desestimar las acciones de inconstitucionalidad que partidos pol\u00edticos de oposici\u00f3n presentaron contra la reforma judicial.<\/p>\n\n\n\n<p class=\"wp-block-paragraph\">8 votos para validez de inconstitucional a reforma judicial<\/p>\n\n\n\n<p class=\"wp-block-paragraph\">La Suprema Corte de Justicia de la Naci\u00f3n reconoci\u00f3 que es necesario el voto de ocho ministros para una mayor\u00eda calificada.<\/p>\n\n\n\n<p class=\"wp-block-paragraph\">Reinicia discusi\u00f3n de invalidez de reforma judicial<\/p>\n\n\n\n<p class=\"wp-block-paragraph\">Tras receso, el pleno de la Corte reanuda la sesi\u00f3n para definir la votaci\u00f3n en acciones de inconstitucionalidad.<\/p>\n\n\n\n<p class=\"wp-block-paragraph\">Los manifestantes observan el desarrollo de la sesi\u00f3n de la Corte en silencio.<\/p>\n\n\n\n<figure class=\"wp-block-embed is-type-video is-provider-youtube wp-block-embed-youtube wp-embed-aspect-16-9 wp-has-aspect-ratio\"><div class=\"wp-block-embed__wrapper\">\n<iframe loading=\"lazy\" title=\"Sesi\u00f3n P\u00fablica del del Pleno de La Corte (SCJN) del 5 de noviembre 2024.\" width=\"640\" height=\"360\" src=\"https:\/\/www.youtube.com\/embed\/ME4_8kMms5M?feature=oembed\" frameborder=\"0\" allow=\"accelerometer; autoplay; clipboard-write; encrypted-media; gyroscope; picture-in-picture; web-share\" referrerpolicy=\"strict-origin-when-cross-origin\" allowfullscreen><\/iframe>\n<\/div><\/figure>\n","protected":false},"excerpt":{"rendered":"<p>La discusi\u00f3n respecto a si el decreto de la reforma al Poder Judicial es o no constitucional est\u00e1 cerca a llegar a su conclusi\u00f3n Este martes 5 de noviembre las y los ministros de la Suprema Corte de Justicia de la Naci\u00f3n (SCJN) discutir\u00e1n y votar\u00e1n el proyecto del ministro Juan Luis Gonz\u00e1lez Alc\u00e1ntara Carranc\u00e1,&#8230;<\/p>\n","protected":false},"author":2,"featured_media":62709,"comment_status":"closed","ping_status":"closed","sticky":false,"template":"","format":"standard","meta":{"_crdt_document":"","_exactmetrics_skip_tracking":false,"_exactmetrics_sitenote_active":false,"_exactmetrics_sitenote_note":"","_exactmetrics_sitenote_category":0,"footnotes":""},"categories":[23,82,31,1,69,65],"tags":[71,72,75],"class_list":["post-62708","post","type-post","status-publish","format-standard","has-post-thumbnail","hentry","category-mexico","category-poder-judicial","category-politica","category-seguridad","category-ultimas-noticias","category-videos","tag-alfonso-durazo","tag-claudia-sheinbaum","tag-seguridad-publica"],"_links":{"self":[{"href":"https:\/\/elpajaritonews.com\/index.php?rest_route=\/wp\/v2\/posts\/62708","targetHints":{"allow":["GET"]}}],"collection":[{"href":"https:\/\/elpajaritonews.com\/index.php?rest_route=\/wp\/v2\/posts"}],"about":[{"href":"https:\/\/elpajaritonews.com\/index.php?rest_route=\/wp\/v2\/types\/post"}],"author":[{"embeddable":true,"href":"https:\/\/elpajaritonews.com\/index.php?rest_route=\/wp\/v2\/users\/2"}],"replies":[{"embeddable":true,"href":"https:\/\/elpajaritonews.com\/index.php?rest_route=%2Fwp%2Fv2%2Fcomments&post=62708"}],"version-history":[{"count":1,"href":"https:\/\/elpajaritonews.com\/index.php?rest_route=\/wp\/v2\/posts\/62708\/revisions"}],"predecessor-version":[{"id":62710,"href":"https:\/\/elpajaritonews.com\/index.php?rest_route=\/wp\/v2\/posts\/62708\/revisions\/62710"}],"wp:featuredmedia":[{"embeddable":true,"href":"https:\/\/elpajaritonews.com\/index.php?rest_route=\/wp\/v2\/media\/62709"}],"wp:attachment":[{"href":"https:\/\/elpajaritonews.com\/index.php?rest_route=%2Fwp%2Fv2%2Fmedia&parent=62708"}],"wp:term":[{"taxonomy":"category","embeddable":true,"href":"https:\/\/elpajaritonews.com\/index.php?rest_route=%2Fwp%2Fv2%2Fcategories&post=62708"},{"taxonomy":"post_tag","embeddable":true,"href":"https:\/\/elpajaritonews.com\/index.php?rest_route=%2Fwp%2Fv2%2Ftags&post=62708"}],"curies":[{"name":"wp","href":"https:\/\/api.w.org\/{rel}","templated":true}]}}