{"id":62740,"date":"2024-11-08T15:52:09","date_gmt":"2024-11-08T22:52:09","guid":{"rendered":"https:\/\/elpajaritonews.com\/?p=62740"},"modified":"2024-11-08T15:52:15","modified_gmt":"2024-11-08T22:52:15","slug":"transforma-gobernador-durazo-calles-y-edificios-publicos-del-centro-historico-de-hermosillo","status":"publish","type":"post","link":"https:\/\/elpajaritonews.com\/?p=62740","title":{"rendered":"TRANSFORMA GOBERNADOR DURAZO CALLES Y EDIFICIOS P\u00daBLICOS DEL CENTRO HIST\u00d3RICO DE HERMOSILLO"},"content":{"rendered":"\n<p class=\"wp-block-paragraph\">El centro hist\u00f3rico de Hermosillo tiene un nuevo rostro; con la modernizaci\u00f3n de calles y edificios p\u00fablicos el gobernador Alfonso Durazo Monta\u00f1o regres\u00f3 a esta zona emblem\u00e1tica de la capital sonorense el valor tur\u00edstico, cultural y econ\u00f3mico, misma en la que este viernes fueron inauguradas la remodelaci\u00f3n de la avenida \u00c1lvaro Obreg\u00f3n y la calle Garmendia con la finalidad de mejorar la calidad de vida de las y los hermosillenses.<\/p>\n\n\n\n<figure class=\"wp-block-image size-large\"><img loading=\"lazy\" decoding=\"async\" width=\"1024\" height=\"682\" src=\"https:\/\/elpajaritonews.com\/wp-content\/uploads\/2024\/11\/1bb2c978-1cc0-439e-9514-a777bb30021d-1024x682.jpg\" alt=\"\" class=\"wp-image-62742\" srcset=\"https:\/\/elpajaritonews.com\/wp-content\/uploads\/2024\/11\/1bb2c978-1cc0-439e-9514-a777bb30021d-1024x682.jpg 1024w, https:\/\/elpajaritonews.com\/wp-content\/uploads\/2024\/11\/1bb2c978-1cc0-439e-9514-a777bb30021d-300x200.jpg 300w, https:\/\/elpajaritonews.com\/wp-content\/uploads\/2024\/11\/1bb2c978-1cc0-439e-9514-a777bb30021d-768x512.jpg 768w, https:\/\/elpajaritonews.com\/wp-content\/uploads\/2024\/11\/1bb2c978-1cc0-439e-9514-a777bb30021d-1536x1023.jpg 1536w, https:\/\/elpajaritonews.com\/wp-content\/uploads\/2024\/11\/1bb2c978-1cc0-439e-9514-a777bb30021d-600x400.jpg 600w, https:\/\/elpajaritonews.com\/wp-content\/uploads\/2024\/11\/1bb2c978-1cc0-439e-9514-a777bb30021d.jpg 1600w\" sizes=\"auto, (max-width: 1024px) 100vw, 1024px\" \/><\/figure>\n\n\n\n<p class=\"wp-block-paragraph\">El mandatario estatal destac\u00f3 el impacto positivo de esta modernizaci\u00f3n en el desarrollo econ\u00f3mico y tur\u00edstico de Hermosillo, subrayando su compromiso de seguir transformando Sonora con proyectos estrat\u00e9gicos en beneficio de las y los ciudadanos.&nbsp; La entrega de estas vialidades representa un paso significativo hacia la consolidaci\u00f3n de un centro hist\u00f3rico moderno, accesible y atractivo tanto para residentes como visitantes.<\/p>\n\n\n\n<figure class=\"wp-block-image size-large\"><img loading=\"lazy\" decoding=\"async\" width=\"1024\" height=\"576\" src=\"https:\/\/elpajaritonews.com\/wp-content\/uploads\/2024\/11\/9bffd7bc-826b-43c0-84fe-8c3f12a2a736-1024x576.jpg\" alt=\"\" class=\"wp-image-62743\" srcset=\"https:\/\/elpajaritonews.com\/wp-content\/uploads\/2024\/11\/9bffd7bc-826b-43c0-84fe-8c3f12a2a736-1024x576.jpg 1024w, https:\/\/elpajaritonews.com\/wp-content\/uploads\/2024\/11\/9bffd7bc-826b-43c0-84fe-8c3f12a2a736-300x169.jpg 300w, https:\/\/elpajaritonews.com\/wp-content\/uploads\/2024\/11\/9bffd7bc-826b-43c0-84fe-8c3f12a2a736-768x432.jpg 768w, https:\/\/elpajaritonews.com\/wp-content\/uploads\/2024\/11\/9bffd7bc-826b-43c0-84fe-8c3f12a2a736-1536x864.jpg 1536w, https:\/\/elpajaritonews.com\/wp-content\/uploads\/2024\/11\/9bffd7bc-826b-43c0-84fe-8c3f12a2a736.jpg 1600w\" sizes=\"auto, (max-width: 1024px) 100vw, 1024px\" \/><\/figure>\n\n\n\n<p class=\"wp-block-paragraph\">\u201cEl centro hist\u00f3rico es el coraz\u00f3n de la capital, y representa una de las \u00e1reas muy probablemente m\u00e1s emblem\u00e1ticas de todo el estado.&nbsp; Tenemos que rescatar el centro y convertirlo en un punto de atracci\u00f3n tur\u00edstica\u201d, manifest\u00f3.<\/p>\n\n\n\n<figure class=\"wp-block-image size-large\"><img loading=\"lazy\" decoding=\"async\" width=\"1024\" height=\"682\" src=\"https:\/\/elpajaritonews.com\/wp-content\/uploads\/2024\/11\/2c178679-b086-4c43-9209-7863cf8cfdee-1024x682.jpg\" alt=\"\" class=\"wp-image-62744\" srcset=\"https:\/\/elpajaritonews.com\/wp-content\/uploads\/2024\/11\/2c178679-b086-4c43-9209-7863cf8cfdee-1024x682.jpg 1024w, https:\/\/elpajaritonews.com\/wp-content\/uploads\/2024\/11\/2c178679-b086-4c43-9209-7863cf8cfdee-300x200.jpg 300w, https:\/\/elpajaritonews.com\/wp-content\/uploads\/2024\/11\/2c178679-b086-4c43-9209-7863cf8cfdee-768x512.jpg 768w, https:\/\/elpajaritonews.com\/wp-content\/uploads\/2024\/11\/2c178679-b086-4c43-9209-7863cf8cfdee-600x400.jpg 600w, https:\/\/elpajaritonews.com\/wp-content\/uploads\/2024\/11\/2c178679-b086-4c43-9209-7863cf8cfdee.jpg 1280w\" sizes=\"auto, (max-width: 1024px) 100vw, 1024px\" \/><\/figure>\n\n\n\n<p class=\"wp-block-paragraph\">Este proyecto forma parte de un ambicioso paquete de modernizaci\u00f3n que abarca 14 calles en el coraz\u00f3n c\u00edvico y cultural de la capital sonorense. La transformaci\u00f3n de la Avenida Obreg\u00f3n (tramo entre Gral. Y\u00e1\u00f1ez y Mariano Abasolo) y la Calle Garmendia (entre Sufragio Efectivo y Serd\u00e1n) requiri\u00f3 una inversi\u00f3n conjunta de m\u00e1s de 28 millones de pesos, financiados por el cr\u00e9dito de infraestructura de 2 mil 100 millones de pesos.<\/p>\n\n\n\n<p class=\"wp-block-paragraph\">Esta obra marca el inicio de una nueva era para el Centro Hist\u00f3rico de Hermosillo, donde se prioriza la accesibilidad vial y peatonal, el atractivo tur\u00edstico y la integraci\u00f3n de la comunidad.<\/p>\n\n\n\n<figure class=\"wp-block-image size-large\"><img loading=\"lazy\" decoding=\"async\" width=\"1024\" height=\"682\" src=\"https:\/\/elpajaritonews.com\/wp-content\/uploads\/2024\/11\/e5f647e6-4f65-4f8a-9f30-d2722d6c96eb-1024x682.jpg\" alt=\"\" class=\"wp-image-62745\" srcset=\"https:\/\/elpajaritonews.com\/wp-content\/uploads\/2024\/11\/e5f647e6-4f65-4f8a-9f30-d2722d6c96eb-1024x682.jpg 1024w, https:\/\/elpajaritonews.com\/wp-content\/uploads\/2024\/11\/e5f647e6-4f65-4f8a-9f30-d2722d6c96eb-300x200.jpg 300w, https:\/\/elpajaritonews.com\/wp-content\/uploads\/2024\/11\/e5f647e6-4f65-4f8a-9f30-d2722d6c96eb-768x512.jpg 768w, https:\/\/elpajaritonews.com\/wp-content\/uploads\/2024\/11\/e5f647e6-4f65-4f8a-9f30-d2722d6c96eb-1536x1023.jpg 1536w, https:\/\/elpajaritonews.com\/wp-content\/uploads\/2024\/11\/e5f647e6-4f65-4f8a-9f30-d2722d6c96eb-600x400.jpg 600w, https:\/\/elpajaritonews.com\/wp-content\/uploads\/2024\/11\/e5f647e6-4f65-4f8a-9f30-d2722d6c96eb.jpg 1600w\" sizes=\"auto, (max-width: 1024px) 100vw, 1024px\" \/><\/figure>\n\n\n\n<p class=\"wp-block-paragraph\">Luis Enrique Porchas Durazo, destac\u00f3 que este tipo de obras debieron haberse hecho desde hace varios a\u00f1os para impulsar el turismo y el comercio local, sin embargo, dijo, esta obra es el inicio para que Hermosillo cuente con un Centro Hist\u00f3rico que est\u00e9 al nivel de otras ciudades del pa\u00eds.&nbsp;<\/p>\n\n\n\n<p class=\"wp-block-paragraph\">\u201cEsta inversi\u00f3n hac\u00eda falta desde hace mucho, para poder tratar estar al nivel de otros centros hist\u00f3ricos en M\u00e9xico y las capitales de nuestros estados.&nbsp; Este es un primer paso para que la gente se sienta a gusto aqu\u00ed y que venga con la familia, que pueda andar con los hijos, en las noches con las parejas, con los amigos, y que anden seguros y tranquilos\u201d, manifest\u00f3.<\/p>\n","protected":false},"excerpt":{"rendered":"<p>El centro hist\u00f3rico de Hermosillo tiene un nuevo rostro; con la modernizaci\u00f3n de calles y edificios p\u00fablicos el gobernador Alfonso Durazo Monta\u00f1o regres\u00f3 a esta zona emblem\u00e1tica de la capital sonorense el valor tur\u00edstico, cultural y econ\u00f3mico, misma en la que este viernes fueron inauguradas la remodelaci\u00f3n de la avenida \u00c1lvaro Obreg\u00f3n y la calle&#8230;<\/p>\n","protected":false},"author":2,"featured_media":62741,"comment_status":"closed","ping_status":"closed","sticky":false,"template":"","format":"standard","meta":{"_crdt_document":"","_exactmetrics_skip_tracking":false,"_exactmetrics_sitenote_active":false,"_exactmetrics_sitenote_note":"","_exactmetrics_sitenote_category":0,"footnotes":""},"categories":[36,22,37,31,27,84,69],"tags":[71,74,30],"class_list":["post-62740","post","type-post","status-publish","format-standard","has-post-thumbnail","hentry","category-economia","category-escena","category-medio-ambiente","category-politica","category-sonora","category-turismo","category-ultimas-noticias","tag-alfonso-durazo","tag-hermosillo","tag-sonora-tierra-de-oportunidades"],"_links":{"self":[{"href":"https:\/\/elpajaritonews.com\/index.php?rest_route=\/wp\/v2\/posts\/62740","targetHints":{"allow":["GET"]}}],"collection":[{"href":"https:\/\/elpajaritonews.com\/index.php?rest_route=\/wp\/v2\/posts"}],"about":[{"href":"https:\/\/elpajaritonews.com\/index.php?rest_route=\/wp\/v2\/types\/post"}],"author":[{"embeddable":true,"href":"https:\/\/elpajaritonews.com\/index.php?rest_route=\/wp\/v2\/users\/2"}],"replies":[{"embeddable":true,"href":"https:\/\/elpajaritonews.com\/index.php?rest_route=%2Fwp%2Fv2%2Fcomments&post=62740"}],"version-history":[{"count":1,"href":"https:\/\/elpajaritonews.com\/index.php?rest_route=\/wp\/v2\/posts\/62740\/revisions"}],"predecessor-version":[{"id":62746,"href":"https:\/\/elpajaritonews.com\/index.php?rest_route=\/wp\/v2\/posts\/62740\/revisions\/62746"}],"wp:featuredmedia":[{"embeddable":true,"href":"https:\/\/elpajaritonews.com\/index.php?rest_route=\/wp\/v2\/media\/62741"}],"wp:attachment":[{"href":"https:\/\/elpajaritonews.com\/index.php?rest_route=%2Fwp%2Fv2%2Fmedia&parent=62740"}],"wp:term":[{"taxonomy":"category","embeddable":true,"href":"https:\/\/elpajaritonews.com\/index.php?rest_route=%2Fwp%2Fv2%2Fcategories&post=62740"},{"taxonomy":"post_tag","embeddable":true,"href":"https:\/\/elpajaritonews.com\/index.php?rest_route=%2Fwp%2Fv2%2Ftags&post=62740"}],"curies":[{"name":"wp","href":"https:\/\/api.w.org\/{rel}","templated":true}]}}