{"id":62775,"date":"2024-11-09T18:50:29","date_gmt":"2024-11-10T01:50:29","guid":{"rendered":"https:\/\/elpajaritonews.com\/?p=62775"},"modified":"2024-11-09T18:50:30","modified_gmt":"2024-11-10T01:50:30","slug":"marchan-miles-en-valencia-espana-para-con-gritos-de-asesino-criminal-sinverguenza-y-mazon-a-prision-entre-otros","status":"publish","type":"post","link":"https:\/\/elpajaritonews.com\/?p=62775","title":{"rendered":"MARCHAN MILES EN VALENCIA, ESPA\u00d1A PARA  CON GRITOS DE \u201cASESINO\u201d, \u201cCRIMINAL\u201d, \u201cSINVERG\u00dcENZA\u201d Y \u201cMAZ\u00d3N A PRISI\u00d3N\u201d, ENTRE OTROS"},"content":{"rendered":"\n<p class=\"wp-block-paragraph\">Con gritos de \u201casesino\u201d, \u201ccriminal\u201d, \u201csinverg\u00fcenza\u201d y \u201cMaz\u00f3n a prisi\u00f3n\u201d, entre otros, miles de personas se manifestaron en el centro de Valencia para denunciar la gesti\u00f3n de la crisis provocada por las lluvias torrenciales por parte del presidente del gobierno auton\u00f3mico valenciano, el derechista Carlos Maz\u00f3n. La protesta, convocada por plataformas y asociaciones de la izquierda y el nacionalismo de la regi\u00f3n, transcurri\u00f3 en silencio, s\u00f3lo roto por las decenas de ciudadanos que exigieron a todo pulm\u00f3n la dimisi\u00f3n de Maz\u00f3n y sus principales colaboradores, a los que tambi\u00e9n tildaron de \u201cineptos\u201d e \u201cincompetentes\u201d. Durante la marcha tambi\u00e9n se escucharon algunas cr\u00edticas a la actuaci\u00f3n del Ejecutivo espa\u00f1ol, presidido por el socialista Pedro S\u00e1nchez, con gritos como \u201cS\u00e1nchez y Maz\u00f3n, la misma mierda son\u201d, ya que seg\u00fan numerosos damnificados de las lluvias torrenciales el mandatario espa\u00f1ol no moviliz\u00f3 a tiempo a los efectivos del Ej\u00e9rcito especializados en tareas de emergencias y rescate.<\/p>\n\n\n\n<figure class=\"wp-block-image size-full\"><img loading=\"lazy\" decoding=\"async\" width=\"675\" height=\"900\" src=\"https:\/\/elpajaritonews.com\/wp-content\/uploads\/2024\/11\/Gb9nVjfWwAAHZTD.jpg\" alt=\"\" class=\"wp-image-62777\" srcset=\"https:\/\/elpajaritonews.com\/wp-content\/uploads\/2024\/11\/Gb9nVjfWwAAHZTD.jpg 675w, https:\/\/elpajaritonews.com\/wp-content\/uploads\/2024\/11\/Gb9nVjfWwAAHZTD-225x300.jpg 225w\" sizes=\"auto, (max-width: 675px) 100vw, 675px\" \/><\/figure>\n\n\n\n<p class=\"wp-block-paragraph\">Galer\u00eda: Miles marchan en Valencia para exigir la dimisi\u00f3n de Carlos Maz\u00f3n<\/p>\n\n\n\n<p class=\"wp-block-paragraph\">Por se\u00f1al de duelo y respeto a los familiares y personas que han perdido a alg\u00fan ser querido y sigue en b\u00fasqueda de saber su paradero, las asociaciones que convocaron la manifestaci\u00f3n pidieron a los asistentes que se marchara en silencio y sin que al final de la concentraci\u00f3n se realizaran discursos pol\u00edticos. El \u00fanico mensaje n\u00edtido y rotundo que quer\u00edan expresar era de la dimisi\u00f3n inmediata del m\u00e1ximo responsable en la regi\u00f3n de la gesti\u00f3n de la crisis, el derechista Carlos Maz\u00f3n, quien el mismo d\u00eda de las lluvias torrenciales lleg\u00f3 m\u00e1s de dos horas tarde a la reuni\u00f3n del comit\u00e9 de crisis y emergencia y que ha dado varias versiones sobre asuntos tan sensibles y vitales como la activaci\u00f3n de las alertas y la movilizaci\u00f3n de los equipos de emergencia. Pero finalmente el silencio se transform\u00f3 en gritos de ira y repulsa y en silbidos constantes y sonoros contra los responsables de la gesti\u00f3n de la crisis, sobre todo contra las autoridades auton\u00f3micas.<\/p>\n\n\n\n<p class=\"wp-block-paragraph\">La DANA del martes 29 de octubre en el sureste espa\u00f1ol, sobre todo en Valencia, es uno de los peores desastres naturales en la historia del pa\u00eds, con un saldo provisional de 220 personas fallecidas -de las cuales 212 fueron en Valencia- y m\u00e1s de 36 mil 500 personas rescatadas. Adem\u00e1s todav\u00eda hay en paradero desconocido 50 personas y alrededor de 71 pueblos afectados por las lluvias torrenciales, en los que viven 845 mil personas, lo que representa un 31,8 por ciento de la poblaci\u00f3n de la comunidad aut\u00f3noma.<\/p>\n\n\n\n<figure class=\"wp-block-image size-large\"><img loading=\"lazy\" decoding=\"async\" width=\"1024\" height=\"462\" src=\"https:\/\/elpajaritonews.com\/wp-content\/uploads\/2024\/11\/twittervid.com_diario_red_ee5c80-1024x462.jpeg\" alt=\"\" class=\"wp-image-62778\" srcset=\"https:\/\/elpajaritonews.com\/wp-content\/uploads\/2024\/11\/twittervid.com_diario_red_ee5c80-1024x462.jpeg 1024w, https:\/\/elpajaritonews.com\/wp-content\/uploads\/2024\/11\/twittervid.com_diario_red_ee5c80-300x135.jpeg 300w, https:\/\/elpajaritonews.com\/wp-content\/uploads\/2024\/11\/twittervid.com_diario_red_ee5c80-768x346.jpeg 768w, https:\/\/elpajaritonews.com\/wp-content\/uploads\/2024\/11\/twittervid.com_diario_red_ee5c80.jpeg 1280w\" sizes=\"auto, (max-width: 1024px) 100vw, 1024px\" \/><\/figure>\n\n\n\n<p class=\"wp-block-paragraph\">Mientras en los principales pueblos afectados, como Paiporta, Chiva, Benetusser y Massanassa, entre otros, siguen con las tareas de limpieza de las calles y viviendas y en algunos casos siguen con las labores de b\u00fasqueda de los desaparecidos, en la capital de la regi\u00f3n, en Valencia, donde apenas se registraron da\u00f1os, miles de personas recorrieron el centro de la ciudad, que transcurri\u00f3 desde la plaza del Ayuntamiento hasta la plaza Manises, que est\u00e1 justo frente al palacio de la Generalitat, sede del gobierno auton\u00f3mico.<\/p>\n\n\n\n<p class=\"wp-block-paragraph\">Entre las asociaciones que convocaron la marcha destacan Acci\u00f3 Cultural del Pa\u00eds Valenci\u00e0 a Escola Valenciana, LAMBDA, Plataforma 14 d&#8217;abril per la Rep\u00fablica, Societat Coral El Micalet, Comissi\u00f3 Ciutat-Port, Coordinadora Associacions Mem\u00f2ria Democr\u00e0tica Pa\u00eds Valenci\u00e0, Decidim-Plataforma pel dret a decidir del Pa\u00eds Valenci\u00e0 o Intersindical Valenciana, la mayor\u00eda de ellas vinculadas a los partidos de izquierda de la regi\u00f3n, como Compromis o el Partido Socialista Valenciano (PSV).<\/p>\n\n\n\n<p class=\"wp-block-paragraph\">En el comunicado conjunto, los manifestantes exigieron \u201cla depuraci\u00f3n de responsabilidades por la gesti\u00f3n deficiente de la \u00faltima DANA\u201d, por lo que \u201cTodas las organizaciones quieren mostrar sus condolencias y solidaridad con las familias y los amigos de las v\u00edctimas mortales y con las personas afectadas\u201d. Adem\u00e1s se\u00f1alaron que a Carlos Maz\u00f3n por \u201chaber demostrado una gran ineficiencia para gestionar la crisis, al actuar con 12 horas de retraso tras una previsi\u00f3n ineficaz y una gesti\u00f3n tard\u00eda\u201d.<\/p>\n\n\n\n<p class=\"wp-block-paragraph\">Los manifestantes tambi\u00e9n criticaron la respuesta de \u201caquellas empresas que exigieron a sus trabajadores acudir\u201d a sus centros de trabajo en plena crisis, como, seg\u00fan denunciaron varios partidos pol\u00edticos como Podemos, Sumar y Compromis, lo hicieran grandes empresas de la regi\u00f3n como Mercadona.<\/p>\n\n\n\n<p class=\"wp-block-paragraph\">La protesta en Valencia tuvo algunas r\u00e9plicas en otras ciudades espa\u00f1olas, como Madrid y Barcelona, donde congregaron a m\u00e1s de mil personas en cada una.<\/p>\n","protected":false},"excerpt":{"rendered":"<p>Con gritos de \u201casesino\u201d, \u201ccriminal\u201d, \u201csinverg\u00fcenza\u201d y \u201cMaz\u00f3n a prisi\u00f3n\u201d, entre otros, miles de personas se manifestaron en el centro de Valencia para denunciar la gesti\u00f3n de la crisis provocada por las lluvias torrenciales por parte del presidente del gobierno auton\u00f3mico valenciano, el derechista Carlos Maz\u00f3n. La protesta, convocada por plataformas y asociaciones de la&#8230;<\/p>\n","protected":false},"author":2,"featured_media":62776,"comment_status":"closed","ping_status":"closed","sticky":false,"template":"","format":"standard","meta":{"_crdt_document":"","_exactmetrics_skip_tracking":false,"_exactmetrics_sitenote_active":false,"_exactmetrics_sitenote_note":"","_exactmetrics_sitenote_category":0,"footnotes":""},"categories":[24,31,1,69],"tags":[76,75],"class_list":["post-62775","post","type-post","status-publish","format-standard","has-post-thumbnail","hentry","category-mundo","category-politica","category-seguridad","category-ultimas-noticias","tag-medio-ambiente","tag-seguridad-publica"],"_links":{"self":[{"href":"https:\/\/elpajaritonews.com\/index.php?rest_route=\/wp\/v2\/posts\/62775","targetHints":{"allow":["GET"]}}],"collection":[{"href":"https:\/\/elpajaritonews.com\/index.php?rest_route=\/wp\/v2\/posts"}],"about":[{"href":"https:\/\/elpajaritonews.com\/index.php?rest_route=\/wp\/v2\/types\/post"}],"author":[{"embeddable":true,"href":"https:\/\/elpajaritonews.com\/index.php?rest_route=\/wp\/v2\/users\/2"}],"replies":[{"embeddable":true,"href":"https:\/\/elpajaritonews.com\/index.php?rest_route=%2Fwp%2Fv2%2Fcomments&post=62775"}],"version-history":[{"count":1,"href":"https:\/\/elpajaritonews.com\/index.php?rest_route=\/wp\/v2\/posts\/62775\/revisions"}],"predecessor-version":[{"id":62779,"href":"https:\/\/elpajaritonews.com\/index.php?rest_route=\/wp\/v2\/posts\/62775\/revisions\/62779"}],"wp:featuredmedia":[{"embeddable":true,"href":"https:\/\/elpajaritonews.com\/index.php?rest_route=\/wp\/v2\/media\/62776"}],"wp:attachment":[{"href":"https:\/\/elpajaritonews.com\/index.php?rest_route=%2Fwp%2Fv2%2Fmedia&parent=62775"}],"wp:term":[{"taxonomy":"category","embeddable":true,"href":"https:\/\/elpajaritonews.com\/index.php?rest_route=%2Fwp%2Fv2%2Fcategories&post=62775"},{"taxonomy":"post_tag","embeddable":true,"href":"https:\/\/elpajaritonews.com\/index.php?rest_route=%2Fwp%2Fv2%2Ftags&post=62775"}],"curies":[{"name":"wp","href":"https:\/\/api.w.org\/{rel}","templated":true}]}}