{"id":62787,"date":"2024-11-09T20:39:13","date_gmt":"2024-11-10T03:39:13","guid":{"rendered":"https:\/\/elpajaritonews.com\/?p=62787"},"modified":"2024-11-09T20:39:15","modified_gmt":"2024-11-10T03:39:15","slug":"detienen-en-nuevo-leon-a-el-fantasma-presunto-capo-del-cartel-de-sinaloa","status":"publish","type":"post","link":"https:\/\/elpajaritonews.com\/?p=62787","title":{"rendered":"DETIENEN EN NUEVO LE\u00d3N A \u2018EL FANTASMA\u2019, PRESUNTO CAPO DEL C\u00c1RTEL DE SINALOA"},"content":{"rendered":"\n<p class=\"wp-block-paragraph\">En Monterrey, Nuevo Le\u00f3n, efectivos de la Guardia Nacional, del Ej\u00e9rcito Mexicano, en coordinaci\u00f3n con la Fuerza Civil de Nuevo Le\u00f3n (FCNL), detuvieron a Jos\u00e9 Enrique El Fantasma o El g\u00fcero huachicol, jefe de plaza del c\u00e1rtel de Sinaloa en los municipios de Santa Catarina y Garc\u00eda.<\/p>\n\n\n\n<p class=\"wp-block-paragraph\">La Secretar\u00eda de la Defensa Nacional (Sedena) inform\u00f3 que informaci\u00f3n obtenida por el Centro Nacional de Fusi\u00f3n de Inteligencia (CENFI), dependiente del Centro Nacional de Inteligencia (CNI), el presunto l\u00edder criminal fue detenido mientras el personal realizaba \u201cpatrullajes de vigilancia, mientras era acompa\u00f1ado de siete personas a bordo de dos veh\u00edculos\u201d.<\/p>\n\n\n\n<p class=\"wp-block-paragraph\">Las fuerzas federales y estatales detuvieron a los ocho presuntos delincuentes \u201cen flagrancia delictiva asegur\u00e1ndoles droga, cuatro armas de fuego, cuatro cargadores, 36 cartuchos y dos veh\u00edculos en la colonia Cumbres \u00c9lite 4\/0, sector de Monterrey\u201d.<\/p>\n\n\n\n<p class=\"wp-block-paragraph\">El Fantasma, precis\u00f3 la Sedena, es considerado jefe de plaza y principal generador de violencia en los municipios de Santa Catarina y Garc\u00eda para el c\u00e1rtel de Sinaloa.<\/p>\n\n\n\n<p class=\"wp-block-paragraph\">Los detenidos y lo asegurado fueron puestos a disposici\u00f3n de la Fiscal\u00eda General de Justicia del Estado de Nuevo Le\u00f3n para determinar su situaci\u00f3n jur\u00eddica y continuar con la integraci\u00f3n de la carpeta de investigaci\u00f3n.<\/p>\n","protected":false},"excerpt":{"rendered":"<p>En Monterrey, Nuevo Le\u00f3n, efectivos de la Guardia Nacional, del Ej\u00e9rcito Mexicano, en coordinaci\u00f3n con la Fuerza Civil de Nuevo Le\u00f3n (FCNL), detuvieron a Jos\u00e9 Enrique El Fantasma o El g\u00fcero huachicol, jefe de plaza del c\u00e1rtel de Sinaloa en los municipios de Santa Catarina y Garc\u00eda. La Secretar\u00eda de la Defensa Nacional (Sedena) inform\u00f3&#8230;<\/p>\n","protected":false},"author":2,"featured_media":62788,"comment_status":"closed","ping_status":"closed","sticky":false,"template":"","format":"standard","meta":{"_crdt_document":"","_exactmetrics_skip_tracking":false,"_exactmetrics_sitenote_active":false,"_exactmetrics_sitenote_note":"","_exactmetrics_sitenote_category":0,"footnotes":""},"categories":[88,23,31,1,27,69],"tags":[72,75],"class_list":["post-62787","post","type-post","status-publish","format-standard","has-post-thumbnail","hentry","category-justicia","category-mexico","category-politica","category-seguridad","category-sonora","category-ultimas-noticias","tag-claudia-sheinbaum","tag-seguridad-publica"],"_links":{"self":[{"href":"https:\/\/elpajaritonews.com\/index.php?rest_route=\/wp\/v2\/posts\/62787","targetHints":{"allow":["GET"]}}],"collection":[{"href":"https:\/\/elpajaritonews.com\/index.php?rest_route=\/wp\/v2\/posts"}],"about":[{"href":"https:\/\/elpajaritonews.com\/index.php?rest_route=\/wp\/v2\/types\/post"}],"author":[{"embeddable":true,"href":"https:\/\/elpajaritonews.com\/index.php?rest_route=\/wp\/v2\/users\/2"}],"replies":[{"embeddable":true,"href":"https:\/\/elpajaritonews.com\/index.php?rest_route=%2Fwp%2Fv2%2Fcomments&post=62787"}],"version-history":[{"count":1,"href":"https:\/\/elpajaritonews.com\/index.php?rest_route=\/wp\/v2\/posts\/62787\/revisions"}],"predecessor-version":[{"id":62789,"href":"https:\/\/elpajaritonews.com\/index.php?rest_route=\/wp\/v2\/posts\/62787\/revisions\/62789"}],"wp:featuredmedia":[{"embeddable":true,"href":"https:\/\/elpajaritonews.com\/index.php?rest_route=\/wp\/v2\/media\/62788"}],"wp:attachment":[{"href":"https:\/\/elpajaritonews.com\/index.php?rest_route=%2Fwp%2Fv2%2Fmedia&parent=62787"}],"wp:term":[{"taxonomy":"category","embeddable":true,"href":"https:\/\/elpajaritonews.com\/index.php?rest_route=%2Fwp%2Fv2%2Fcategories&post=62787"},{"taxonomy":"post_tag","embeddable":true,"href":"https:\/\/elpajaritonews.com\/index.php?rest_route=%2Fwp%2Fv2%2Ftags&post=62787"}],"curies":[{"name":"wp","href":"https:\/\/api.w.org\/{rel}","templated":true}]}}