{"id":62806,"date":"2024-11-11T14:20:55","date_gmt":"2024-11-11T21:20:55","guid":{"rendered":"https:\/\/elpajaritonews.com\/?p=62806"},"modified":"2024-11-11T14:20:59","modified_gmt":"2024-11-11T21:20:59","slug":"hoy-arranca-el-registro-en-linea-para-la-beca-universal-de-educacion-basica-rita-cetina-en-sonora","status":"publish","type":"post","link":"https:\/\/elpajaritonews.com\/?p=62806","title":{"rendered":"HOY ARRANCA EL REGISTRO EN L\u00cdNEA PARA LA BECA UNIVERSAL DE EDUCACI\u00d3N B\u00c1SICA \u201cRITA CETINA\u201d EN SONORA"},"content":{"rendered":"\n<p class=\"wp-block-paragraph\">El registro en l\u00ednea ser\u00e1 del 11 de noviembre al 18 de diciembre de 2024, en la \u00fanica p\u00e1gina oficial para el registro es <a href=\"http:\/\/www.becaritacetina.gob.mx\">www.becaritacetina.gob.mx<\/a> .<\/p>\n\n\n\n<p class=\"wp-block-paragraph\">En conferencia de prensa La Coordinaci\u00f3n Nacional de Becas para el Bienestar (CNBB) informo que hoy lunes 11 de noviembre inicio solo el registro en l\u00ednea en la pagina <a href=\"http:\/\/www.becaritacetina.gob.mx\">www.becaritacetina.gob.mx<\/a> , el cual concluye el 18 de diciembre de 2024, el registro para la beca universal de educaci\u00f3n b\u00e1sica \u201cRita Cetina\u201d dirigda por el momento a solo estudiantes de secundaria.<\/p>\n\n\n\n<p class=\"wp-block-paragraph\">El representante estatal de la Coordinaci\u00f3n Nacional de Becas del Bienestar, Adri\u00e1n Duarte Franco, explic\u00f3 que la meta es beneficiar a 124 mil 783 alumnos en 540 secundarias p\u00fablicas de Sonora.<\/p>\n\n\n\n<p class=\"wp-block-paragraph\">Tambi\u00e9n estuvo presente Nallely Ochoa, directora de operaciones en Sonora de CNBB, quien record\u00f3 y explico los pasos a seguir para el registro en l\u00ednea y que esta beca consiste en un apoyo de mil 900 pesos bimestrales para los alumnos, con 700 pesos m\u00e1s por cada estudiante de secundaria adicional que integre el n\u00facleo familiar.<\/p>\n\n\n\n<p class=\"wp-block-paragraph\">\u00abAl momento, hemos llegado a 418 localidades en el estado, en los 71 municipios que cuentan con una secundaria p\u00fablica, ya que de momento Granados no cuenta con una secundaria p\u00fablica\u00bb, coment\u00f3.<\/p>\n\n\n\n<p class=\"wp-block-paragraph\">El registro debe realizarse en l\u00ednea a trav\u00e9s del sitio <a href=\"http:\/\/www.becaritacetina.gob.mx\">www.becaritacetina.gob.mx<\/a> , y se deber\u00e1n presentar documentos como identificaci\u00f3n oficial, comprobante de domicilio, CURP de los padres o tutores y CURP de los estudiantes.<\/p>\n\n\n\n<p class=\"wp-block-paragraph\">Agreg\u00f3 que recibir otras becas del gobierno del estado no es impedimento para acceder a este apoyo federal.<\/p>\n\n\n\n<figure class=\"wp-block-embed is-type-video is-provider-youtube wp-block-embed-youtube wp-embed-aspect-16-9 wp-has-aspect-ratio\"><div class=\"wp-block-embed__wrapper\">\n<iframe loading=\"lazy\" title=\"Hoy arranca el registro en l\u00ednea para la Beca Universal de educaci\u00f3n b\u00e1sica \u201cRita Cetina\u201d en Sonora\" width=\"640\" height=\"360\" src=\"https:\/\/www.youtube.com\/embed\/C7AGbWy6y90?feature=oembed\" frameborder=\"0\" allow=\"accelerometer; autoplay; clipboard-write; encrypted-media; gyroscope; picture-in-picture; web-share\" referrerpolicy=\"strict-origin-when-cross-origin\" allowfullscreen><\/iframe>\n<\/div><\/figure>\n","protected":false},"excerpt":{"rendered":"<p>El registro en l\u00ednea ser\u00e1 del 11 de noviembre al 18 de diciembre de 2024, en la \u00fanica p\u00e1gina oficial para el registro es www.becaritacetina.gob.mx . En conferencia de prensa La Coordinaci\u00f3n Nacional de Becas para el Bienestar (CNBB) informo que hoy lunes 11 de noviembre inicio solo el registro en l\u00ednea en la pagina&#8230;<\/p>\n","protected":false},"author":2,"featured_media":62807,"comment_status":"closed","ping_status":"closed","sticky":false,"template":"","format":"standard","meta":{"_crdt_document":"","_exactmetrics_skip_tracking":false,"_exactmetrics_sitenote_active":false,"_exactmetrics_sitenote_note":"","_exactmetrics_sitenote_category":0,"footnotes":""},"categories":[1],"tags":[],"class_list":["post-62806","post","type-post","status-publish","format-standard","has-post-thumbnail","hentry","category-seguridad"],"_links":{"self":[{"href":"https:\/\/elpajaritonews.com\/index.php?rest_route=\/wp\/v2\/posts\/62806","targetHints":{"allow":["GET"]}}],"collection":[{"href":"https:\/\/elpajaritonews.com\/index.php?rest_route=\/wp\/v2\/posts"}],"about":[{"href":"https:\/\/elpajaritonews.com\/index.php?rest_route=\/wp\/v2\/types\/post"}],"author":[{"embeddable":true,"href":"https:\/\/elpajaritonews.com\/index.php?rest_route=\/wp\/v2\/users\/2"}],"replies":[{"embeddable":true,"href":"https:\/\/elpajaritonews.com\/index.php?rest_route=%2Fwp%2Fv2%2Fcomments&post=62806"}],"version-history":[{"count":1,"href":"https:\/\/elpajaritonews.com\/index.php?rest_route=\/wp\/v2\/posts\/62806\/revisions"}],"predecessor-version":[{"id":62808,"href":"https:\/\/elpajaritonews.com\/index.php?rest_route=\/wp\/v2\/posts\/62806\/revisions\/62808"}],"wp:featuredmedia":[{"embeddable":true,"href":"https:\/\/elpajaritonews.com\/index.php?rest_route=\/wp\/v2\/media\/62807"}],"wp:attachment":[{"href":"https:\/\/elpajaritonews.com\/index.php?rest_route=%2Fwp%2Fv2%2Fmedia&parent=62806"}],"wp:term":[{"taxonomy":"category","embeddable":true,"href":"https:\/\/elpajaritonews.com\/index.php?rest_route=%2Fwp%2Fv2%2Fcategories&post=62806"},{"taxonomy":"post_tag","embeddable":true,"href":"https:\/\/elpajaritonews.com\/index.php?rest_route=%2Fwp%2Fv2%2Ftags&post=62806"}],"curies":[{"name":"wp","href":"https:\/\/api.w.org\/{rel}","templated":true}]}}