{"id":62809,"date":"2024-11-11T16:43:19","date_gmt":"2024-11-11T23:43:19","guid":{"rendered":"https:\/\/elpajaritonews.com\/?p=62809"},"modified":"2024-11-11T16:43:20","modified_gmt":"2024-11-11T23:43:20","slug":"no-tienen-por-que-citarme-a-declarar-sentencia-rocha-moya","status":"publish","type":"post","link":"https:\/\/elpajaritonews.com\/?p=62809","title":{"rendered":"\u00abNO TIENEN POR QU\u00c9 CITARME A DECLARAR\u00bb, SENTENCIA ROCHA MOYA"},"content":{"rendered":"\n<p class=\"wp-block-paragraph\">\u201cNo tienen por qu\u00e9 citarme a declarar\u201d, asever\u00f3 el gobernador de Sinaloa, Rub\u00e9n Rocha Moya al ser interrogado sobre la posibilidad que se le cite en las indagatorias que la Fiscal\u00eda General de la Rep\u00fablica (FGR) sigue por el presunto secuestro del capo Ismael El Mayo Zambada.<\/p>\n\n\n\n<p class=\"wp-block-paragraph\">Al salir de Palacio Nacional de una reuni\u00f3n que gobernadores de Morena tuvieron con la presidenta Claudia Sheinbaum en torno al programa IMSS-Bienestar, el mandatario sinaloense reconoci\u00f3 que se siguen dando acciones de violencia en el estado, por lo que se tuvo que suspender la edici\u00f3n de este a\u00f1o de la tradicional Expo Ganadera que se realiza en la entidad.<\/p>\n\n\n\n<p class=\"wp-block-paragraph\">-\u00bfQu\u00e9 tan lejos est\u00e1 la pacificaci\u00f3n de Sinaloa? \u2014se le pregunt\u00f3.<\/p>\n\n\n\n<p class=\"wp-block-paragraph\">-No la puedo cuantificar, pero yo digo que llevamos un avance muy, muy importante. Veo un operativo muy consolidado con las fuerzas federales y con las autoridades estatales. Vamos bien \u2014garantiz\u00f3.<\/p>\n\n\n\n<p class=\"wp-block-paragraph\">-\u00bfLo han citado a declarar, gobernador? \u2014se le coment\u00f3 en alusi\u00f3n al caso de El Mayo Zambada y las indagatorias que se realizan.<\/p>\n\n\n\n<p class=\"wp-block-paragraph\">-No, no tienen por qu\u00e9 citarme a declarar \u2014revir\u00f3 con cierto enfado.<\/p>\n\n\n\n<p class=\"wp-block-paragraph\">Insisti\u00f3 que en la entidad se sigue combatiendo la violencia. \u201cExiste, ya se ha avanzado en ese combate, pero no nos descuidamos porque hay presencia (de miembros de los c\u00e1rteles que est\u00e1n enfrentados). Acu\u00e9rdense que hoy mismo tuvimos que suspender la Expo (Ganadera) porque ah\u00ed concurren diferentes factores que pueden generar violencia y hay que evitar cualquier tipo de problema\u201d.<\/p>\n\n\n\n<p class=\"wp-block-paragraph\">Asegur\u00f3 que fueron varios los factores que llevaron a la suspensi\u00f3n de esa actividad, que anualmente se realiza en el estado; aun cuando al gobierno corresponde dar seguridad en cualquier acto p\u00fablico.<\/p>\n\n\n\n<p class=\"wp-block-paragraph\">\u201cPero, por ejemplo, no suspendemos ni un solo juego de b\u00e9isbol, est\u00e1n llenos los estadios, pero tienen otros ingredientes y otros componentes. A todos de cualquier manera les tenemos que dar cuidado y los estamos cuidando, pero todav\u00eda tenemos brotes y mientras eso exista, no podemos decir ya terminamos\u201d.<\/p>\n\n\n\n<p class=\"wp-block-paragraph\">En medio de todos estos trajines, coment\u00f3, las amenazas ocurren.<\/p>\n","protected":false},"excerpt":{"rendered":"<p>\u201cNo tienen por qu\u00e9 citarme a declarar\u201d, asever\u00f3 el gobernador de Sinaloa, Rub\u00e9n Rocha Moya al ser interrogado sobre la posibilidad que se le cite en las indagatorias que la Fiscal\u00eda General de la Rep\u00fablica (FGR) sigue por el presunto secuestro del capo Ismael El Mayo Zambada. Al salir de Palacio Nacional de una reuni\u00f3n&#8230;<\/p>\n","protected":false},"author":2,"featured_media":62810,"comment_status":"closed","ping_status":"closed","sticky":false,"template":"","format":"standard","meta":{"_crdt_document":"","_exactmetrics_skip_tracking":false,"_exactmetrics_sitenote_active":false,"_exactmetrics_sitenote_note":"","_exactmetrics_sitenote_category":0,"footnotes":""},"categories":[23,31,1,27,69],"tags":[72,75],"class_list":["post-62809","post","type-post","status-publish","format-standard","has-post-thumbnail","hentry","category-mexico","category-politica","category-seguridad","category-sonora","category-ultimas-noticias","tag-claudia-sheinbaum","tag-seguridad-publica"],"_links":{"self":[{"href":"https:\/\/elpajaritonews.com\/index.php?rest_route=\/wp\/v2\/posts\/62809","targetHints":{"allow":["GET"]}}],"collection":[{"href":"https:\/\/elpajaritonews.com\/index.php?rest_route=\/wp\/v2\/posts"}],"about":[{"href":"https:\/\/elpajaritonews.com\/index.php?rest_route=\/wp\/v2\/types\/post"}],"author":[{"embeddable":true,"href":"https:\/\/elpajaritonews.com\/index.php?rest_route=\/wp\/v2\/users\/2"}],"replies":[{"embeddable":true,"href":"https:\/\/elpajaritonews.com\/index.php?rest_route=%2Fwp%2Fv2%2Fcomments&post=62809"}],"version-history":[{"count":1,"href":"https:\/\/elpajaritonews.com\/index.php?rest_route=\/wp\/v2\/posts\/62809\/revisions"}],"predecessor-version":[{"id":62811,"href":"https:\/\/elpajaritonews.com\/index.php?rest_route=\/wp\/v2\/posts\/62809\/revisions\/62811"}],"wp:featuredmedia":[{"embeddable":true,"href":"https:\/\/elpajaritonews.com\/index.php?rest_route=\/wp\/v2\/media\/62810"}],"wp:attachment":[{"href":"https:\/\/elpajaritonews.com\/index.php?rest_route=%2Fwp%2Fv2%2Fmedia&parent=62809"}],"wp:term":[{"taxonomy":"category","embeddable":true,"href":"https:\/\/elpajaritonews.com\/index.php?rest_route=%2Fwp%2Fv2%2Fcategories&post=62809"},{"taxonomy":"post_tag","embeddable":true,"href":"https:\/\/elpajaritonews.com\/index.php?rest_route=%2Fwp%2Fv2%2Ftags&post=62809"}],"curies":[{"name":"wp","href":"https:\/\/api.w.org\/{rel}","templated":true}]}}