{"id":62855,"date":"2024-11-13T21:02:52","date_gmt":"2024-11-14T04:02:52","guid":{"rendered":"https:\/\/elpajaritonews.com\/?p=62855"},"modified":"2024-11-13T21:02:55","modified_gmt":"2024-11-14T04:02:55","slug":"gobernador-durazo-principal-gestor-para-mejorar-conectividad-aerea-roberto-gradillas","status":"publish","type":"post","link":"https:\/\/elpajaritonews.com\/?p=62855","title":{"rendered":"GOBERNADOR DURAZO, PRINCIPAL GESTOR PARA MEJORAR CONECTIVIDAD A\u00c9REA: ROBERTO GRADILLAS"},"content":{"rendered":"\n<p class=\"wp-block-paragraph\">El Gobierno de Sonora, a trav\u00e9s de la Secretar\u00eda de Econom\u00eda y Turismo, llev\u00f3 a cabo la inauguraci\u00f3n de dos nuevas rutas a\u00e9reas por parte de la aerol\u00ednea Volaris.<\/p>\n\n\n\n<figure class=\"wp-block-image size-large\"><img loading=\"lazy\" decoding=\"async\" width=\"682\" height=\"1024\" src=\"https:\/\/elpajaritonews.com\/wp-content\/uploads\/2024\/11\/25bde7e9-99d3-4f6f-8248-11db05a816a4-682x1024.jpg\" alt=\"\" class=\"wp-image-62857\" srcset=\"https:\/\/elpajaritonews.com\/wp-content\/uploads\/2024\/11\/25bde7e9-99d3-4f6f-8248-11db05a816a4-682x1024.jpg 682w, https:\/\/elpajaritonews.com\/wp-content\/uploads\/2024\/11\/25bde7e9-99d3-4f6f-8248-11db05a816a4-200x300.jpg 200w, https:\/\/elpajaritonews.com\/wp-content\/uploads\/2024\/11\/25bde7e9-99d3-4f6f-8248-11db05a816a4-768x1153.jpg 768w, https:\/\/elpajaritonews.com\/wp-content\/uploads\/2024\/11\/25bde7e9-99d3-4f6f-8248-11db05a816a4-1023x1536.jpg 1023w, https:\/\/elpajaritonews.com\/wp-content\/uploads\/2024\/11\/25bde7e9-99d3-4f6f-8248-11db05a816a4.jpg 1066w\" sizes=\"auto, (max-width: 682px) 100vw, 682px\" \/><\/figure>\n\n\n\n<p class=\"wp-block-paragraph\">Dichas rutas comprenden de Hermosillo a Monterrey, con salidas diarias y de Ciudad Obreg\u00f3n a Monterrey con frecuencia de salida los lunes, mi\u00e9rcoles y viernes, dando inicio sus actividades el pasado 3 y 4 de noviembre, respectivamente.<\/p>\n\n\n\n<p class=\"wp-block-paragraph\">El secretario de Econom\u00eda y Turismo, Roberto Gradillas Pineda, coment\u00f3 que se est\u00e1 llevando a cabo un arduo trabajo en estrategias de conectividad, con el fin de aumentar el turismo en el estado y esto se convierta en derrama econ\u00f3mica para las familias sonorenses.<\/p>\n\n\n\n<figure class=\"wp-block-image size-large\"><img loading=\"lazy\" decoding=\"async\" width=\"1024\" height=\"682\" src=\"https:\/\/elpajaritonews.com\/wp-content\/uploads\/2024\/11\/0249aa5e-d358-4b78-b4a6-09452de5ef39-1024x682.jpg\" alt=\"\" class=\"wp-image-62858\" srcset=\"https:\/\/elpajaritonews.com\/wp-content\/uploads\/2024\/11\/0249aa5e-d358-4b78-b4a6-09452de5ef39-1024x682.jpg 1024w, https:\/\/elpajaritonews.com\/wp-content\/uploads\/2024\/11\/0249aa5e-d358-4b78-b4a6-09452de5ef39-300x200.jpg 300w, https:\/\/elpajaritonews.com\/wp-content\/uploads\/2024\/11\/0249aa5e-d358-4b78-b4a6-09452de5ef39-768x512.jpg 768w, https:\/\/elpajaritonews.com\/wp-content\/uploads\/2024\/11\/0249aa5e-d358-4b78-b4a6-09452de5ef39-1536x1023.jpg 1536w, https:\/\/elpajaritonews.com\/wp-content\/uploads\/2024\/11\/0249aa5e-d358-4b78-b4a6-09452de5ef39-600x400.jpg 600w, https:\/\/elpajaritonews.com\/wp-content\/uploads\/2024\/11\/0249aa5e-d358-4b78-b4a6-09452de5ef39.jpg 1600w\" sizes=\"auto, (max-width: 1024px) 100vw, 1024px\" \/><\/figure>\n\n\n\n<p class=\"wp-block-paragraph\">\u201cGracias a las gestiones y el apoyo del gobernador Alfonso Durazo, se ha logrado mejorar cada vez m\u00e1s la conectividad a\u00e9rea en Sonora; su visi\u00f3n estrat\u00e9gica y su constante compromiso con el desarrollo econ\u00f3mico y tur\u00edstico de nuestro estado, se ha visto reflejado en las nuevas rutas que hoy presentamos\u201d, expres\u00f3 Roberto Gradillas.&nbsp;<\/p>\n\n\n\n<p class=\"wp-block-paragraph\">Hasta el d\u00eda de hoy, por parte de Volaris se cuentan con vuelos directos a Monterrey, Tijuana, Mexicali, Guadalajara, Le\u00f3n, Canc\u00fan y Ciudad de M\u00e9xico.<\/p>\n","protected":false},"excerpt":{"rendered":"<p>El Gobierno de Sonora, a trav\u00e9s de la Secretar\u00eda de Econom\u00eda y Turismo, llev\u00f3 a cabo la inauguraci\u00f3n de dos nuevas rutas a\u00e9reas por parte de la aerol\u00ednea Volaris. Dichas rutas comprenden de Hermosillo a Monterrey, con salidas diarias y de Ciudad Obreg\u00f3n a Monterrey con frecuencia de salida los lunes, mi\u00e9rcoles y viernes, dando&#8230;<\/p>\n","protected":false},"author":2,"featured_media":62856,"comment_status":"closed","ping_status":"closed","sticky":false,"template":"","format":"standard","meta":{"_crdt_document":"","_exactmetrics_skip_tracking":false,"_exactmetrics_sitenote_active":false,"_exactmetrics_sitenote_note":"","_exactmetrics_sitenote_category":0,"footnotes":""},"categories":[36,23,31,27,84,69],"tags":[71,72,74,30],"class_list":["post-62855","post","type-post","status-publish","format-standard","has-post-thumbnail","hentry","category-economia","category-mexico","category-politica","category-sonora","category-turismo","category-ultimas-noticias","tag-alfonso-durazo","tag-claudia-sheinbaum","tag-hermosillo","tag-sonora-tierra-de-oportunidades"],"_links":{"self":[{"href":"https:\/\/elpajaritonews.com\/index.php?rest_route=\/wp\/v2\/posts\/62855","targetHints":{"allow":["GET"]}}],"collection":[{"href":"https:\/\/elpajaritonews.com\/index.php?rest_route=\/wp\/v2\/posts"}],"about":[{"href":"https:\/\/elpajaritonews.com\/index.php?rest_route=\/wp\/v2\/types\/post"}],"author":[{"embeddable":true,"href":"https:\/\/elpajaritonews.com\/index.php?rest_route=\/wp\/v2\/users\/2"}],"replies":[{"embeddable":true,"href":"https:\/\/elpajaritonews.com\/index.php?rest_route=%2Fwp%2Fv2%2Fcomments&post=62855"}],"version-history":[{"count":1,"href":"https:\/\/elpajaritonews.com\/index.php?rest_route=\/wp\/v2\/posts\/62855\/revisions"}],"predecessor-version":[{"id":62859,"href":"https:\/\/elpajaritonews.com\/index.php?rest_route=\/wp\/v2\/posts\/62855\/revisions\/62859"}],"wp:featuredmedia":[{"embeddable":true,"href":"https:\/\/elpajaritonews.com\/index.php?rest_route=\/wp\/v2\/media\/62856"}],"wp:attachment":[{"href":"https:\/\/elpajaritonews.com\/index.php?rest_route=%2Fwp%2Fv2%2Fmedia&parent=62855"}],"wp:term":[{"taxonomy":"category","embeddable":true,"href":"https:\/\/elpajaritonews.com\/index.php?rest_route=%2Fwp%2Fv2%2Fcategories&post=62855"},{"taxonomy":"post_tag","embeddable":true,"href":"https:\/\/elpajaritonews.com\/index.php?rest_route=%2Fwp%2Fv2%2Ftags&post=62855"}],"curies":[{"name":"wp","href":"https:\/\/api.w.org\/{rel}","templated":true}]}}