{"id":62939,"date":"2024-11-17T12:37:54","date_gmt":"2024-11-17T19:37:54","guid":{"rendered":"https:\/\/elpajaritonews.com\/?p=62939"},"modified":"2024-11-17T12:37:56","modified_gmt":"2024-11-17T19:37:56","slug":"claudia-sheinbaum-ya-viaja-a-brasil-para-participar-en-la-cumbre-del-g20","status":"publish","type":"post","link":"https:\/\/elpajaritonews.com\/?p=62939","title":{"rendered":"CLAUDIA SHEINBAUM YA VIAJA A BRASIL PARA PARTICIPAR EN LA CUMBRE DEL G20"},"content":{"rendered":"\n<p class=\"wp-block-paragraph\">La presidenta Claudia Sheinbaum detall\u00f3 que este domingo sali\u00f3 rumbo a Brasil, donde asistir\u00e1 a la Cumbre de L\u00edderes del G20.<\/p>\n\n\n\n<p class=\"wp-block-paragraph\">\u201cSaliendo de la Ciudad de M\u00e9xico hacia Brasil para participar ma\u00f1ana en la Cumbre de L\u00edderes del G20\u201d, se\u00f1al\u00f3 esta ma\u00f1ana por medio de redes sociales.<\/p>\n\n\n\n<p class=\"wp-block-paragraph\">Se trata de su primera gira internacional a la que acudir\u00e1n mandatarios de las naciones que integran este grupo. Tiene previsto que su vuelo rumbo al pa\u00eds sudamericano haga escala en Panam\u00e1, antes de llegar a R\u00edo de Janeiro a la medianoche.<\/p>\n\n\n\n<p class=\"wp-block-paragraph\">El lunes tendr\u00e1 dos intervenciones y tiene confirmadas reuniones con ocho mandatarios y jefes de Estado, entre ellos, el presidente de Brasil, Luiz In\u00e1cio Lula da Silva; de Francia, Emmanuel Macron, y el primer ministro de Canad\u00e1, Justin Trudeau. Tras ello, regresar\u00e1 el martes a la Ciudad de M\u00e9xico.<\/p>\n\n\n\n<p class=\"wp-block-paragraph\">Durante la semana, detall\u00f3 que uno de los temas que presentar\u00e1 ser\u00e1 el programa Sembrando Vida, con el objetivo de que sea una v\u00eda para reducir el gasto armamentista, que contribuya a la disminuci\u00f3n de la pobreza y la migraci\u00f3n.<\/p>\n","protected":false},"excerpt":{"rendered":"<p>La presidenta Claudia Sheinbaum detall\u00f3 que este domingo sali\u00f3 rumbo a Brasil, donde asistir\u00e1 a la Cumbre de L\u00edderes del G20. \u201cSaliendo de la Ciudad de M\u00e9xico hacia Brasil para participar ma\u00f1ana en la Cumbre de L\u00edderes del G20\u201d, se\u00f1al\u00f3 esta ma\u00f1ana por medio de redes sociales. Se trata de su primera gira internacional a&#8230;<\/p>\n","protected":false},"author":2,"featured_media":62940,"comment_status":"closed","ping_status":"closed","sticky":false,"template":"","format":"standard","meta":{"_crdt_document":"","_exactmetrics_skip_tracking":false,"_exactmetrics_sitenote_active":false,"_exactmetrics_sitenote_note":"","_exactmetrics_sitenote_category":0,"footnotes":""},"categories":[23,24,31,1,69],"tags":[72,75],"class_list":["post-62939","post","type-post","status-publish","format-standard","has-post-thumbnail","hentry","category-mexico","category-mundo","category-politica","category-seguridad","category-ultimas-noticias","tag-claudia-sheinbaum","tag-seguridad-publica"],"_links":{"self":[{"href":"https:\/\/elpajaritonews.com\/index.php?rest_route=\/wp\/v2\/posts\/62939","targetHints":{"allow":["GET"]}}],"collection":[{"href":"https:\/\/elpajaritonews.com\/index.php?rest_route=\/wp\/v2\/posts"}],"about":[{"href":"https:\/\/elpajaritonews.com\/index.php?rest_route=\/wp\/v2\/types\/post"}],"author":[{"embeddable":true,"href":"https:\/\/elpajaritonews.com\/index.php?rest_route=\/wp\/v2\/users\/2"}],"replies":[{"embeddable":true,"href":"https:\/\/elpajaritonews.com\/index.php?rest_route=%2Fwp%2Fv2%2Fcomments&post=62939"}],"version-history":[{"count":1,"href":"https:\/\/elpajaritonews.com\/index.php?rest_route=\/wp\/v2\/posts\/62939\/revisions"}],"predecessor-version":[{"id":62941,"href":"https:\/\/elpajaritonews.com\/index.php?rest_route=\/wp\/v2\/posts\/62939\/revisions\/62941"}],"wp:featuredmedia":[{"embeddable":true,"href":"https:\/\/elpajaritonews.com\/index.php?rest_route=\/wp\/v2\/media\/62940"}],"wp:attachment":[{"href":"https:\/\/elpajaritonews.com\/index.php?rest_route=%2Fwp%2Fv2%2Fmedia&parent=62939"}],"wp:term":[{"taxonomy":"category","embeddable":true,"href":"https:\/\/elpajaritonews.com\/index.php?rest_route=%2Fwp%2Fv2%2Fcategories&post=62939"},{"taxonomy":"post_tag","embeddable":true,"href":"https:\/\/elpajaritonews.com\/index.php?rest_route=%2Fwp%2Fv2%2Ftags&post=62939"}],"curies":[{"name":"wp","href":"https:\/\/api.w.org\/{rel}","templated":true}]}}