{"id":62949,"date":"2024-11-17T16:09:09","date_gmt":"2024-11-17T23:09:09","guid":{"rendered":"https:\/\/elpajaritonews.com\/?p=62949"},"modified":"2024-11-17T16:09:11","modified_gmt":"2024-11-17T23:09:11","slug":"gobernador-durazo-fortalece-desarrollo-integral-de-jovenes-de-casa-hogar-jineseki","status":"publish","type":"post","link":"https:\/\/elpajaritonews.com\/?p=62949","title":{"rendered":"GOBERNADOR DURAZO FORTALECE DESARROLLO INTEGRAL DE J\u00d3VENES DE CASA HOGAR JINESEKI"},"content":{"rendered":"\n<p class=\"wp-block-paragraph\">El mandatario estatal inaugur\u00f3 el Proyecto Horizonte, una iniciativa que promueve la autonom\u00eda y el crecimiento personal de los adolescentes que residen en la instituci\u00f3n.<\/p>\n\n\n\n<p class=\"wp-block-paragraph\">Para impulsar el desarrollo y la autonom\u00eda de los j\u00f3venes que residen en la Casa Hogar Jineseki, el gobernador de Sonora, Alfonso Durazo Monta\u00f1o, inaugur\u00f3 el Proyecto Horizonte. Esta iniciativa representa un paso fundamental para los adolescentes de 16 a 20 a\u00f1os que habitan en este hogar temporal.<\/p>\n\n\n\n<figure class=\"wp-block-image size-large\"><img loading=\"lazy\" decoding=\"async\" width=\"1024\" height=\"682\" src=\"https:\/\/elpajaritonews.com\/wp-content\/uploads\/2024\/11\/32c72048-ab83-49d4-86d6-47c464c8984d-1024x682.jpg\" alt=\"\" class=\"wp-image-62951\" srcset=\"https:\/\/elpajaritonews.com\/wp-content\/uploads\/2024\/11\/32c72048-ab83-49d4-86d6-47c464c8984d-1024x682.jpg 1024w, https:\/\/elpajaritonews.com\/wp-content\/uploads\/2024\/11\/32c72048-ab83-49d4-86d6-47c464c8984d-300x200.jpg 300w, https:\/\/elpajaritonews.com\/wp-content\/uploads\/2024\/11\/32c72048-ab83-49d4-86d6-47c464c8984d-768x512.jpg 768w, https:\/\/elpajaritonews.com\/wp-content\/uploads\/2024\/11\/32c72048-ab83-49d4-86d6-47c464c8984d-600x400.jpg 600w, https:\/\/elpajaritonews.com\/wp-content\/uploads\/2024\/11\/32c72048-ab83-49d4-86d6-47c464c8984d.jpg 1280w\" sizes=\"auto, (max-width: 1024px) 100vw, 1024px\" \/><\/figure>\n\n\n\n<p class=\"wp-block-paragraph\">El programa tiene como objetivo brindar a estos j\u00f3venes, que carecen de cuidados parentales en un n\u00facleo familiar, las herramientas psicoemocionales y habilidades pr\u00e1cticas necesarias para facilitar su transici\u00f3n hacia una vida adulta independiente y plena.<\/p>\n\n\n\n<figure class=\"wp-block-image size-large\"><img loading=\"lazy\" decoding=\"async\" width=\"1024\" height=\"817\" src=\"https:\/\/elpajaritonews.com\/wp-content\/uploads\/2024\/11\/0534093d-4129-4c18-b179-7d25c423fbf7-1024x817.jpg\" alt=\"\" class=\"wp-image-62952\" srcset=\"https:\/\/elpajaritonews.com\/wp-content\/uploads\/2024\/11\/0534093d-4129-4c18-b179-7d25c423fbf7-1024x817.jpg 1024w, https:\/\/elpajaritonews.com\/wp-content\/uploads\/2024\/11\/0534093d-4129-4c18-b179-7d25c423fbf7-300x239.jpg 300w, https:\/\/elpajaritonews.com\/wp-content\/uploads\/2024\/11\/0534093d-4129-4c18-b179-7d25c423fbf7-768x612.jpg 768w, https:\/\/elpajaritonews.com\/wp-content\/uploads\/2024\/11\/0534093d-4129-4c18-b179-7d25c423fbf7-1536x1225.jpg 1536w, https:\/\/elpajaritonews.com\/wp-content\/uploads\/2024\/11\/0534093d-4129-4c18-b179-7d25c423fbf7.jpg 1600w\" sizes=\"auto, (max-width: 1024px) 100vw, 1024px\" \/><\/figure>\n\n\n\n<p class=\"wp-block-paragraph\">Acompa\u00f1ado por su hija, Mar\u00eda del Mar Durazo Ch\u00e1vez, presidenta honoraria del Voluntariado del Sistema DIF Sonora, y Lizeth V\u00e1zquez, directora general del Sistema DIF Sonora, el mandatario estatal destac\u00f3 que el Proyecto Horizonte es una de las primeras acciones de su administraci\u00f3n dirigidas a fortalecer la autonom\u00eda y el crecimiento personal de los adolescentes en Jineseki. El prop\u00f3sito es que, al momento de su egreso, los j\u00f3venes cuenten con las herramientas necesarias para enfrentar con \u00e9xito los desaf\u00edos de la vida adulta.<\/p>\n\n\n\n<figure class=\"wp-block-image size-large\"><img loading=\"lazy\" decoding=\"async\" width=\"1024\" height=\"682\" src=\"https:\/\/elpajaritonews.com\/wp-content\/uploads\/2024\/11\/fd126be6-b0d9-4b20-bf97-a2b7f0950d1d-1024x682.jpg\" alt=\"\" class=\"wp-image-62953\" srcset=\"https:\/\/elpajaritonews.com\/wp-content\/uploads\/2024\/11\/fd126be6-b0d9-4b20-bf97-a2b7f0950d1d-1024x682.jpg 1024w, https:\/\/elpajaritonews.com\/wp-content\/uploads\/2024\/11\/fd126be6-b0d9-4b20-bf97-a2b7f0950d1d-300x200.jpg 300w, https:\/\/elpajaritonews.com\/wp-content\/uploads\/2024\/11\/fd126be6-b0d9-4b20-bf97-a2b7f0950d1d-768x512.jpg 768w, https:\/\/elpajaritonews.com\/wp-content\/uploads\/2024\/11\/fd126be6-b0d9-4b20-bf97-a2b7f0950d1d-1536x1023.jpg 1536w, https:\/\/elpajaritonews.com\/wp-content\/uploads\/2024\/11\/fd126be6-b0d9-4b20-bf97-a2b7f0950d1d-600x400.jpg 600w, https:\/\/elpajaritonews.com\/wp-content\/uploads\/2024\/11\/fd126be6-b0d9-4b20-bf97-a2b7f0950d1d.jpg 1600w\" sizes=\"auto, (max-width: 1024px) 100vw, 1024px\" \/><\/figure>\n\n\n\n<p class=\"wp-block-paragraph\">\u201cSi no hacemos una apuesta por la juventud, es muy dif\u00edcil que apostemos por un buen futuro para el estado. Sin una juventud bien atendida y con oportunidades adecuadas, dif\u00edcilmente podemos construir una sociedad transitable, particularmente en paz y tranquilidad. Estos j\u00f3venes requieren no solo de nuestro apoyo y colaboraci\u00f3n, sino de oportunidades, especialmente de car\u00e1cter econ\u00f3mico y acad\u00e9mico, que les permitan transitar en la vida sin voltear jam\u00e1s hacia actividades al margen de la legalidad, como lamentablemente sucede a muchos\u201d, coment\u00f3 el gobernador.<\/p>\n\n\n\n<p class=\"wp-block-paragraph\">El Proyecto Horizonte cuenta con una infraestructura cuidadosamente dise\u00f1ada para apoyar a los j\u00f3venes en un entorno seguro y funcional. Entre sus instalaciones destacan dormitorios c\u00f3modos, una sala de tecnolog\u00eda de la informaci\u00f3n y comunicaci\u00f3n (TIC), despachos para asesor\u00edas, cocina y comedor comunitario, \u00e1reas verdes y un cuarto de lavander\u00eda. Este espacio inclusivo y moderno permite que los adolescentes desarrollen habilidades de autogesti\u00f3n y refuercen su confianza mientras se preparan para una vida independiente.<\/p>\n\n\n\n<p class=\"wp-block-paragraph\">El modelo de \u201cautonom\u00eda progresiva\u201d propuesto por el gobernador Durazo como parte de su compromiso con el bienestar de la juventud de Sonora incluye programas de consejer\u00eda, vinculaci\u00f3n laboral, continuidad educativa, becas acad\u00e9micas y deportivas, capacitaci\u00f3n para el trabajo y actividades extracurriculares. Con este enfoque, se busca que los j\u00f3venes de Jineseki, al dejar el centro, enfrenten con \u00e9xito los retos de la vida adulta y contribuyan positivamente a la sociedad.<\/p>\n\n\n\n<p class=\"wp-block-paragraph\">En representaci\u00f3n de los 44 adolescentes que residen en la Casa Hogar Jineseki, Neytan Alonso Arvizu Ba\u00f1uelos agradeci\u00f3 al gobernador Alfonso Durazo por la implementaci\u00f3n de este programa, destacando que les permitir\u00e1 enfrentar con \u00e9xito los desaf\u00edos de la vida adulta y convertirse en miembros productivos de la sociedad.<\/p>\n","protected":false},"excerpt":{"rendered":"<p>El mandatario estatal inaugur\u00f3 el Proyecto Horizonte, una iniciativa que promueve la autonom\u00eda y el crecimiento personal de los adolescentes que residen en la instituci\u00f3n. Para impulsar el desarrollo y la autonom\u00eda de los j\u00f3venes que residen en la Casa Hogar Jineseki, el gobernador de Sonora, Alfonso Durazo Monta\u00f1o, inaugur\u00f3 el Proyecto Horizonte. Esta iniciativa&#8230;<\/p>\n","protected":false},"author":2,"featured_media":62950,"comment_status":"closed","ping_status":"closed","sticky":false,"template":"","format":"standard","meta":{"_crdt_document":"","_exactmetrics_skip_tracking":false,"_exactmetrics_sitenote_active":false,"_exactmetrics_sitenote_note":"","_exactmetrics_sitenote_category":0,"footnotes":""},"categories":[36,22,26,27,69],"tags":[71,74,30],"class_list":["post-62949","post","type-post","status-publish","format-standard","has-post-thumbnail","hentry","category-economia","category-escena","category-local","category-sonora","category-ultimas-noticias","tag-alfonso-durazo","tag-hermosillo","tag-sonora-tierra-de-oportunidades"],"_links":{"self":[{"href":"https:\/\/elpajaritonews.com\/index.php?rest_route=\/wp\/v2\/posts\/62949","targetHints":{"allow":["GET"]}}],"collection":[{"href":"https:\/\/elpajaritonews.com\/index.php?rest_route=\/wp\/v2\/posts"}],"about":[{"href":"https:\/\/elpajaritonews.com\/index.php?rest_route=\/wp\/v2\/types\/post"}],"author":[{"embeddable":true,"href":"https:\/\/elpajaritonews.com\/index.php?rest_route=\/wp\/v2\/users\/2"}],"replies":[{"embeddable":true,"href":"https:\/\/elpajaritonews.com\/index.php?rest_route=%2Fwp%2Fv2%2Fcomments&post=62949"}],"version-history":[{"count":1,"href":"https:\/\/elpajaritonews.com\/index.php?rest_route=\/wp\/v2\/posts\/62949\/revisions"}],"predecessor-version":[{"id":62954,"href":"https:\/\/elpajaritonews.com\/index.php?rest_route=\/wp\/v2\/posts\/62949\/revisions\/62954"}],"wp:featuredmedia":[{"embeddable":true,"href":"https:\/\/elpajaritonews.com\/index.php?rest_route=\/wp\/v2\/media\/62950"}],"wp:attachment":[{"href":"https:\/\/elpajaritonews.com\/index.php?rest_route=%2Fwp%2Fv2%2Fmedia&parent=62949"}],"wp:term":[{"taxonomy":"category","embeddable":true,"href":"https:\/\/elpajaritonews.com\/index.php?rest_route=%2Fwp%2Fv2%2Fcategories&post=62949"},{"taxonomy":"post_tag","embeddable":true,"href":"https:\/\/elpajaritonews.com\/index.php?rest_route=%2Fwp%2Fv2%2Ftags&post=62949"}],"curies":[{"name":"wp","href":"https:\/\/api.w.org\/{rel}","templated":true}]}}