{"id":62958,"date":"2024-11-17T19:31:32","date_gmt":"2024-11-18T02:31:32","guid":{"rendered":"https:\/\/elpajaritonews.com\/?p=62958"},"modified":"2024-11-17T19:31:34","modified_gmt":"2024-11-18T02:31:34","slug":"contara-sonora-con-mayores-participaciones-federales","status":"publish","type":"post","link":"https:\/\/elpajaritonews.com\/?p=62958","title":{"rendered":"CONTAR\u00c1 SONORA CON MAYORES PARTICIPACIONES FEDERALES"},"content":{"rendered":"\n<p class=\"wp-block-paragraph\">Al conocer oficialmente el incremento en las participaciones federales que recibir\u00e1 Sonora en 2025, el Gobierno del Estado trabajar\u00e1 de manera coordinada con el Congreso del Estado en el ajuste del Paquete Fiscal Estatal 2025, para el mayor beneficio de las y los sonorenses.<\/p>\n\n\n\n<p class=\"wp-block-paragraph\">En el marco de la presentaci\u00f3n del Paquete Econ\u00f3mico Federal, que se dio a conocer debido a un cambio en el calendario, el mismo d\u00eda en que se entreg\u00f3 el paquete presupuestal estatal al Congreso Local, se anunciaron las participaciones federales, las cuales resultaron ser mayores a las contempladas originalmente por la Secretar\u00eda de Hacienda. Esto se debe a una estimaci\u00f3n prudente y responsable de los ingresos federales, basada en los Precriterios Generales de Pol\u00edtica Econ\u00f3mica de marzo de 2024.<\/p>\n\n\n\n<p class=\"wp-block-paragraph\">Ante esta situaci\u00f3n, el Gobierno de Sonora, a trav\u00e9s de la Secretar\u00eda de Hacienda, trabajar\u00e1 con el Congreso del Estado para realizar las modificaciones pertinentes debido a que se contar\u00e1 con m\u00e1s participaciones federales de las planificadas originalmente. Con estas acciones, se reitera el compromiso de no crear nuevos impuestos ni aumentarlos en t\u00e9rminos reales, en beneficio de las familias sonorenses.<\/p>\n","protected":false},"excerpt":{"rendered":"<p>Al conocer oficialmente el incremento en las participaciones federales que recibir\u00e1 Sonora en 2025, el Gobierno del Estado trabajar\u00e1 de manera coordinada con el Congreso del Estado en el ajuste del Paquete Fiscal Estatal 2025, para el mayor beneficio de las y los sonorenses. En el marco de la presentaci\u00f3n del Paquete Econ\u00f3mico Federal, que&#8230;<\/p>\n","protected":false},"author":2,"featured_media":62959,"comment_status":"closed","ping_status":"closed","sticky":false,"template":"","format":"standard","meta":{"_crdt_document":"","_exactmetrics_skip_tracking":false,"_exactmetrics_sitenote_active":false,"_exactmetrics_sitenote_note":"","_exactmetrics_sitenote_category":0,"footnotes":""},"categories":[36,23,31,27,69],"tags":[71,72,73,74,30],"class_list":["post-62958","post","type-post","status-publish","format-standard","has-post-thumbnail","hentry","category-economia","category-mexico","category-politica","category-sonora","category-ultimas-noticias","tag-alfonso-durazo","tag-claudia-sheinbaum","tag-congreso-del-estado-de-sonora","tag-hermosillo","tag-sonora-tierra-de-oportunidades"],"_links":{"self":[{"href":"https:\/\/elpajaritonews.com\/index.php?rest_route=\/wp\/v2\/posts\/62958","targetHints":{"allow":["GET"]}}],"collection":[{"href":"https:\/\/elpajaritonews.com\/index.php?rest_route=\/wp\/v2\/posts"}],"about":[{"href":"https:\/\/elpajaritonews.com\/index.php?rest_route=\/wp\/v2\/types\/post"}],"author":[{"embeddable":true,"href":"https:\/\/elpajaritonews.com\/index.php?rest_route=\/wp\/v2\/users\/2"}],"replies":[{"embeddable":true,"href":"https:\/\/elpajaritonews.com\/index.php?rest_route=%2Fwp%2Fv2%2Fcomments&post=62958"}],"version-history":[{"count":1,"href":"https:\/\/elpajaritonews.com\/index.php?rest_route=\/wp\/v2\/posts\/62958\/revisions"}],"predecessor-version":[{"id":62960,"href":"https:\/\/elpajaritonews.com\/index.php?rest_route=\/wp\/v2\/posts\/62958\/revisions\/62960"}],"wp:featuredmedia":[{"embeddable":true,"href":"https:\/\/elpajaritonews.com\/index.php?rest_route=\/wp\/v2\/media\/62959"}],"wp:attachment":[{"href":"https:\/\/elpajaritonews.com\/index.php?rest_route=%2Fwp%2Fv2%2Fmedia&parent=62958"}],"wp:term":[{"taxonomy":"category","embeddable":true,"href":"https:\/\/elpajaritonews.com\/index.php?rest_route=%2Fwp%2Fv2%2Fcategories&post=62958"},{"taxonomy":"post_tag","embeddable":true,"href":"https:\/\/elpajaritonews.com\/index.php?rest_route=%2Fwp%2Fv2%2Ftags&post=62958"}],"curies":[{"name":"wp","href":"https:\/\/api.w.org\/{rel}","templated":true}]}}