{"id":63008,"date":"2024-11-19T20:52:38","date_gmt":"2024-11-20T03:52:38","guid":{"rendered":"https:\/\/elpajaritonews.com\/?p=63008"},"modified":"2024-11-19T20:52:39","modified_gmt":"2024-11-20T03:52:39","slug":"comisiones-unidas-del-congreso-de-sonora-impulsan-la-proteccion-integral-de-la-ninez-y-adolescencia","status":"publish","type":"post","link":"https:\/\/elpajaritonews.com\/?p=63008","title":{"rendered":"COMISIONES UNIDAS DEL CONGRESO DE SONORA IMPULSAN LA PROTECCI\u00d3N INTEGRAL DE LA NI\u00d1EZ Y ADOLESCENCIA"},"content":{"rendered":"\n<p class=\"wp-block-paragraph\">Con el objetivo de fortalecer las acciones legislativas orientadas a garantizar un entorno seguro para la ni\u00f1ez y adolescencia sonorense, las comisiones unidas de Justicia, Derechos de la Ni\u00f1ez y Parlamento Abierto llevaron a cabo una reuni\u00f3n de trabajo.<\/p>\n\n\n\n<p class=\"wp-block-paragraph\">Durante el encuentro, se coincidi\u00f3 en la necesidad de avanzar en el fortalecimiento de pol\u00edticas p\u00fablicas que no solo garanticen el bienestar integral de ni\u00f1as, ni\u00f1os y adolescentes, sino que tambi\u00e9n atiendan las problem\u00e1ticas que afectan su calidad de vida.<\/p>\n\n\n\n<p class=\"wp-block-paragraph\">Se resalt\u00f3 la importancia de trabajar en coordinaci\u00f3n con autoridades locales y organismos de la sociedad civil para asegurar una legislaci\u00f3n estatal que permita a ni\u00f1as, ni\u00f1os y adolescentes desarrollarse en un entorno seguro y libre de violencia.<\/p>\n\n\n\n<figure class=\"wp-block-image size-large\"><img loading=\"lazy\" decoding=\"async\" width=\"1024\" height=\"576\" src=\"https:\/\/elpajaritonews.com\/wp-content\/uploads\/2024\/11\/be1acc8f-e571-4659-b8f7-9bc018f45358-1024x576.jpg\" alt=\"\" class=\"wp-image-63010\" srcset=\"https:\/\/elpajaritonews.com\/wp-content\/uploads\/2024\/11\/be1acc8f-e571-4659-b8f7-9bc018f45358-1024x576.jpg 1024w, https:\/\/elpajaritonews.com\/wp-content\/uploads\/2024\/11\/be1acc8f-e571-4659-b8f7-9bc018f45358-300x169.jpg 300w, https:\/\/elpajaritonews.com\/wp-content\/uploads\/2024\/11\/be1acc8f-e571-4659-b8f7-9bc018f45358-768x432.jpg 768w, https:\/\/elpajaritonews.com\/wp-content\/uploads\/2024\/11\/be1acc8f-e571-4659-b8f7-9bc018f45358-1536x864.jpg 1536w, https:\/\/elpajaritonews.com\/wp-content\/uploads\/2024\/11\/be1acc8f-e571-4659-b8f7-9bc018f45358.jpg 1600w\" sizes=\"auto, (max-width: 1024px) 100vw, 1024px\" \/><\/figure>\n\n\n\n<p class=\"wp-block-paragraph\">Asimismo, se destac\u00f3 la necesidad de abordar temas clave como la prevenci\u00f3n y atenci\u00f3n de la violencia intrafamiliar, as\u00ed como el combate al reclutamiento forzado de ni\u00f1as, ni\u00f1os y adolescentes por parte de grupos delictivos.<\/p>\n\n\n\n<p class=\"wp-block-paragraph\">A la reuni\u00f3n asistieron las y los diputados Ren\u00e9 Garc\u00eda Rojo (PT), Deni Gast\u00e9lum Barreras (Morena), Rebeca Silva Gallardo (NAS), Jazm\u00edn G\u00f3mez Liz\u00e1rraga (PT), Alicia Gayt\u00e1n S\u00e1nchez (Morena), Gabriela F\u00e9lix Boj\u00f3rquez (MC), Ana Gabriela Tapia Fonllem (PRD) y Claudia Bours Corral (PVEM), C\u00e9sar Salazar L\u00f3pez (NAS), Emeterio Ochoa Baz\u00faa (PRI), y Ra\u00fal Gonz\u00e1lez de la Vega.<\/p>\n\n\n\n<p class=\"wp-block-paragraph\">Tambi\u00e9n estuvieron presentes Axay\u00e1catl Yeomans Rosas, procurador de Protecci\u00f3n de Ni\u00f1as, Ni\u00f1os y Adolescentes; Carmen Mungu\u00eda Gallegos, secretaria ejecutiva del Sistema de Protecci\u00f3n Integral de Ni\u00f1as, Ni\u00f1os y Adolescentes (Sipinna); Juan Pablo Rodr\u00edguez, especialista en protecci\u00f3n a la infancia de la Oficina del Fondo de las Naciones Unidas para la Infancia (Unicef); as\u00ed como Gabriela Garc\u00eda Figueroa y Francisco Landeros Jaime, representantes del Observatorio de Investigaci\u00f3n con las Infancias del Centro de Estudios de Gobierno y Asuntos P\u00fablicos de El Colegio de Sonora.<\/p>\n\n\n\n<p class=\"wp-block-paragraph\">Aplican caducidad legislativa a asuntos de la anterior legislatura del Congreso de Sonora<\/p>\n\n\n\n<p class=\"wp-block-paragraph\">Con el objetivo de desahogar el tr\u00e1mite de caducidad legislativa para diversas iniciativas de la 63 Legislatura, se reunieron las y los integrantes de la Comisi\u00f3n de Justicia y Derechos Humanos.<\/p>\n\n\n\n<p class=\"wp-block-paragraph\">El diputado Ren\u00e9 Edmundo Garc\u00eda Rojo (PT), presidente de la comisi\u00f3n, someti\u00f3 a consideraci\u00f3n el dictamen para desechar iniciativas de la legislatura anterior, al haberse cumplido los supuestos previstos en el art\u00edculo 97 de la Ley Org\u00e1nica del Poder Legislativo del Estado de Sonora.<\/p>\n\n\n\n<p class=\"wp-block-paragraph\">Durante la sesi\u00f3n, los ciudadanos Mois\u00e9s Barraza Ayala y Silvia Rodr\u00edguez Ibarra presentaron propuestas en materia de derechos humanos de la poblaci\u00f3n l\u00e9sbica, gay, bisexual, trans y m\u00e1s (LGBT+). Las propuestas buscan que la comisi\u00f3n legisle en temas prioritarios para garantizar la dignidad y el bienestar de esta comunidad.<\/p>\n\n\n\n<p class=\"wp-block-paragraph\">A la reuni\u00f3n asistieron las diputadas Claudia Zulema Bours Corral (PVEM) y Ana Gabriela Tapia Fonllem (PRD), as\u00ed como los diputados Julio C\u00e9sar Navarro Contreras (Morena) y Emeterio Ochoa Baz\u00faa (PRI).<\/p>\n","protected":false},"excerpt":{"rendered":"<p>Con el objetivo de fortalecer las acciones legislativas orientadas a garantizar un entorno seguro para la ni\u00f1ez y adolescencia sonorense, las comisiones unidas de Justicia, Derechos de la Ni\u00f1ez y Parlamento Abierto llevaron a cabo una reuni\u00f3n de trabajo. Durante el encuentro, se coincidi\u00f3 en la necesidad de avanzar en el fortalecimiento de pol\u00edticas p\u00fablicas&#8230;<\/p>\n","protected":false},"author":2,"featured_media":63009,"comment_status":"closed","ping_status":"closed","sticky":false,"template":"","format":"standard","meta":{"_crdt_document":"","_exactmetrics_skip_tracking":false,"_exactmetrics_sitenote_active":false,"_exactmetrics_sitenote_note":"","_exactmetrics_sitenote_category":0,"footnotes":""},"categories":[20,26,31,27,69],"tags":[73],"class_list":["post-63008","post","type-post","status-publish","format-standard","has-post-thumbnail","hentry","category-congreso","category-local","category-politica","category-sonora","category-ultimas-noticias","tag-congreso-del-estado-de-sonora"],"_links":{"self":[{"href":"https:\/\/elpajaritonews.com\/index.php?rest_route=\/wp\/v2\/posts\/63008","targetHints":{"allow":["GET"]}}],"collection":[{"href":"https:\/\/elpajaritonews.com\/index.php?rest_route=\/wp\/v2\/posts"}],"about":[{"href":"https:\/\/elpajaritonews.com\/index.php?rest_route=\/wp\/v2\/types\/post"}],"author":[{"embeddable":true,"href":"https:\/\/elpajaritonews.com\/index.php?rest_route=\/wp\/v2\/users\/2"}],"replies":[{"embeddable":true,"href":"https:\/\/elpajaritonews.com\/index.php?rest_route=%2Fwp%2Fv2%2Fcomments&post=63008"}],"version-history":[{"count":1,"href":"https:\/\/elpajaritonews.com\/index.php?rest_route=\/wp\/v2\/posts\/63008\/revisions"}],"predecessor-version":[{"id":63011,"href":"https:\/\/elpajaritonews.com\/index.php?rest_route=\/wp\/v2\/posts\/63008\/revisions\/63011"}],"wp:featuredmedia":[{"embeddable":true,"href":"https:\/\/elpajaritonews.com\/index.php?rest_route=\/wp\/v2\/media\/63009"}],"wp:attachment":[{"href":"https:\/\/elpajaritonews.com\/index.php?rest_route=%2Fwp%2Fv2%2Fmedia&parent=63008"}],"wp:term":[{"taxonomy":"category","embeddable":true,"href":"https:\/\/elpajaritonews.com\/index.php?rest_route=%2Fwp%2Fv2%2Fcategories&post=63008"},{"taxonomy":"post_tag","embeddable":true,"href":"https:\/\/elpajaritonews.com\/index.php?rest_route=%2Fwp%2Fv2%2Ftags&post=63008"}],"curies":[{"name":"wp","href":"https:\/\/api.w.org\/{rel}","templated":true}]}}