{"id":63012,"date":"2024-11-19T22:12:44","date_gmt":"2024-11-20T05:12:44","guid":{"rendered":"https:\/\/elpajaritonews.com\/?p=63012"},"modified":"2024-11-19T22:12:46","modified_gmt":"2024-11-20T05:12:46","slug":"mas-de-700-artistas-integran-programa-festival-faot-de-sonora","status":"publish","type":"post","link":"https:\/\/elpajaritonews.com\/?p=63012","title":{"rendered":"M\u00c1S DE 700 ARTISTAS INTEGRAN PROGRAMA FESTIVAL FAOT DE SONORA"},"content":{"rendered":"\n<p class=\"wp-block-paragraph\">Cada enero, \u00c1lamos, Sonora se convierte en un lienzo en blanco donde convergen las notas de la \u00f3pera, los acordes del mariachi y las expresiones de las culturas originarias, para la celebraci\u00f3n que transforma este pueblo m\u00e1gico en el epicentro cultural del noroeste de M\u00e9xico: el Festival Alfonso Ortiz Tirado (FAOT).<\/p>\n\n\n\n<p class=\"wp-block-paragraph\">El gobernador Alfonso Durazo Monta\u00f1o present\u00f3 la edici\u00f3n 2025, destacando la participaci\u00f3n de 752 artistas que, del 24 de enero al 1 de febrero, llenar\u00e1n de vida cada rinc\u00f3n del pueblo con su talento. \u201cEste festival es m\u00e1s que un evento cultural, es un tributo a nuestra identidad y una plataforma que lleva la esencia de Sonora al mundo\u201d, afirm\u00f3 Durazo.<\/p>\n\n\n\n<p class=\"wp-block-paragraph\">En esta edici\u00f3n, artistas de renombre como Ana Torroja, Monsieur Perin\u00e9 y Edith M\u00e1rquez compartir\u00e1n cartelera con exponentes regionales, mostrando que el talento de Sonora tiene ra\u00edces profundas y alas inmensas.<\/p>\n\n\n\n<p class=\"wp-block-paragraph\">Con una inversi\u00f3n de 35 millones de pesos y un compromiso firme de mantener el acceso gratuito, el FAOT 2025 no solo aspira a superar los 71 mil visitantes de su edici\u00f3n anterior, sino a llegar a 100 mil personas, reafirmando que el arte no tiene barreras ni fronteras.<\/p>\n\n\n\n<p class=\"wp-block-paragraph\">\u201cEn \u00c1lamos, el arte se respira y se vive. Este festival es una fiesta del pueblo, para el pueblo\u201d, expres\u00f3 Durazo. En un mundo que a veces parece apresurado y fragmentado, el FAOT nos recuerda que, en los acordes de una guitarra o en el vibrato de una voz, podemos encontrar la unidad, la memoria y la esperanza.<\/p>\n\n\n\n<p class=\"wp-block-paragraph\">La Plaza de Armas, el Callej\u00f3n del Templo y el Museo Costumbrista de Sonora ser\u00e1n solo algunos de los foros donde las historias se contar\u00e1n con m\u00fasica y poes\u00eda. No faltar\u00e1n los talleres escolares ni los espect\u00e1culos callejeros, que convierten las avenidas de \u00c1lamos en un escenario al aire libre donde las familias encuentran arte en cada esquina. El Festival Alfonso Ortiz Tirado naci\u00f3 para honrar al tenor y m\u00e9dico originario de \u00c1lamos que llev\u00f3 su voz a escenarios internacionales. Cuatro d\u00e9cadas despu\u00e9s, este evento no solo perpet\u00faa su legado, sino que tambi\u00e9n simboliza el esfuerzo de una comunidad que entiende que el arte y la cultura son pilares para construir una mejor socieda<\/p>\n","protected":false},"excerpt":{"rendered":"<p>Cada enero, \u00c1lamos, Sonora se convierte en un lienzo en blanco donde convergen las notas de la \u00f3pera, los acordes del mariachi y las expresiones de las culturas originarias, para la celebraci\u00f3n que transforma este pueblo m\u00e1gico en el epicentro cultural del noroeste de M\u00e9xico: el Festival Alfonso Ortiz Tirado (FAOT). El gobernador Alfonso Durazo&#8230;<\/p>\n","protected":false},"author":2,"featured_media":63013,"comment_status":"closed","ping_status":"closed","sticky":false,"template":"","format":"standard","meta":{"_crdt_document":"","_exactmetrics_skip_tracking":false,"_exactmetrics_sitenote_active":false,"_exactmetrics_sitenote_note":"","_exactmetrics_sitenote_category":0,"footnotes":""},"categories":[22,23,31,27,64,84,69],"tags":[71,72,30],"class_list":["post-63012","post","type-post","status-publish","format-standard","has-post-thumbnail","hentry","category-escena","category-mexico","category-politica","category-sonora","category-travel","category-turismo","category-ultimas-noticias","tag-alfonso-durazo","tag-claudia-sheinbaum","tag-sonora-tierra-de-oportunidades"],"_links":{"self":[{"href":"https:\/\/elpajaritonews.com\/index.php?rest_route=\/wp\/v2\/posts\/63012","targetHints":{"allow":["GET"]}}],"collection":[{"href":"https:\/\/elpajaritonews.com\/index.php?rest_route=\/wp\/v2\/posts"}],"about":[{"href":"https:\/\/elpajaritonews.com\/index.php?rest_route=\/wp\/v2\/types\/post"}],"author":[{"embeddable":true,"href":"https:\/\/elpajaritonews.com\/index.php?rest_route=\/wp\/v2\/users\/2"}],"replies":[{"embeddable":true,"href":"https:\/\/elpajaritonews.com\/index.php?rest_route=%2Fwp%2Fv2%2Fcomments&post=63012"}],"version-history":[{"count":1,"href":"https:\/\/elpajaritonews.com\/index.php?rest_route=\/wp\/v2\/posts\/63012\/revisions"}],"predecessor-version":[{"id":63014,"href":"https:\/\/elpajaritonews.com\/index.php?rest_route=\/wp\/v2\/posts\/63012\/revisions\/63014"}],"wp:featuredmedia":[{"embeddable":true,"href":"https:\/\/elpajaritonews.com\/index.php?rest_route=\/wp\/v2\/media\/63013"}],"wp:attachment":[{"href":"https:\/\/elpajaritonews.com\/index.php?rest_route=%2Fwp%2Fv2%2Fmedia&parent=63012"}],"wp:term":[{"taxonomy":"category","embeddable":true,"href":"https:\/\/elpajaritonews.com\/index.php?rest_route=%2Fwp%2Fv2%2Fcategories&post=63012"},{"taxonomy":"post_tag","embeddable":true,"href":"https:\/\/elpajaritonews.com\/index.php?rest_route=%2Fwp%2Fv2%2Ftags&post=63012"}],"curies":[{"name":"wp","href":"https:\/\/api.w.org\/{rel}","templated":true}]}}