{"id":63015,"date":"2024-11-20T15:39:21","date_gmt":"2024-11-20T22:39:21","guid":{"rendered":"https:\/\/elpajaritonews.com\/?p=63015"},"modified":"2024-11-20T15:39:23","modified_gmt":"2024-11-20T22:39:23","slug":"comisiones-de-transparencia-y-asuntos-fronterizos-fortalecen-sus-planes-de-trabajo","status":"publish","type":"post","link":"https:\/\/elpajaritonews.com\/?p=63015","title":{"rendered":"COMISIONES DE TRANSPARENCIA Y ASUNTOS FRONTERIZOS FORTALECEN SUS PLANES DE TRABAJO"},"content":{"rendered":"\n<p class=\"wp-block-paragraph\">Integrantes de la Comisi\u00f3n de Transparencia y de la Comisi\u00f3n de Asuntos Fronterizos y Atenci\u00f3n a Migrantes del Congreso de Sonora realizaron aportaciones para fortalecer y asegurar un enfoque integral en los planes de trabajo que seguir\u00e1n durante la LXIV Legislatura.<\/p>\n\n\n\n<p class=\"wp-block-paragraph\">El presidente de ambas comisiones, David Figueroa Ortega (PVEM), enfatiz\u00f3 que las propuestas presentadas buscan consolidar un gobierno m\u00e1s transparente y comprometido con la rendici\u00f3n de cuentas, adem\u00e1s de fortalecer temas prioritarios relacionados con los derechos humanos de las personas en situaci\u00f3n de migraci\u00f3n y los municipios fronterizos.<\/p>\n\n\n\n<figure class=\"wp-block-image size-large\"><img loading=\"lazy\" decoding=\"async\" width=\"1024\" height=\"682\" src=\"https:\/\/elpajaritonews.com\/wp-content\/uploads\/2024\/11\/03874d8e-7495-46b1-8e47-54d6c41efc8b-1024x682.jpg\" alt=\"\" class=\"wp-image-63017\" srcset=\"https:\/\/elpajaritonews.com\/wp-content\/uploads\/2024\/11\/03874d8e-7495-46b1-8e47-54d6c41efc8b-1024x682.jpg 1024w, https:\/\/elpajaritonews.com\/wp-content\/uploads\/2024\/11\/03874d8e-7495-46b1-8e47-54d6c41efc8b-300x200.jpg 300w, https:\/\/elpajaritonews.com\/wp-content\/uploads\/2024\/11\/03874d8e-7495-46b1-8e47-54d6c41efc8b-768x512.jpg 768w, https:\/\/elpajaritonews.com\/wp-content\/uploads\/2024\/11\/03874d8e-7495-46b1-8e47-54d6c41efc8b-1536x1023.jpg 1536w, https:\/\/elpajaritonews.com\/wp-content\/uploads\/2024\/11\/03874d8e-7495-46b1-8e47-54d6c41efc8b-600x400.jpg 600w, https:\/\/elpajaritonews.com\/wp-content\/uploads\/2024\/11\/03874d8e-7495-46b1-8e47-54d6c41efc8b.jpg 1600w\" sizes=\"auto, (max-width: 1024px) 100vw, 1024px\" \/><\/figure>\n\n\n\n<p class=\"wp-block-paragraph\">Las y los diputados Mar\u00eda Eduwiges Espinoza Tapia (Morena), Deni Gast\u00e9lum Barreras (Morena), Jazm\u00edn G\u00f3mez Liz\u00e1rraga (PT), C\u00e9sar Salazar L\u00f3pez (NAS) y Ra\u00fal Gonz\u00e1lez de la Vega destacaron la importancia de contar con una agenda legislativa que fortalezca los mecanismos de acceso a la informaci\u00f3n p\u00fablica y garantice la confianza ciudadana en las instituciones.<\/p>\n\n\n\n<p class=\"wp-block-paragraph\">Por su parte, las legisladoras Alicia Gayt\u00e1n S\u00e1nchez (Morena), Azalia Guevara Espinoza (PVEM), Paloma Ter\u00e1n Villalobos (PES), Marcela Valenzuela Nevarez (Morena) y el legislador Julio C\u00e9sar Navarro Contreras (Morena) coincidieron en la necesidad de implementar un marco jur\u00eddico que aborde de manera integral las necesidades de las personas migrantes.<\/p>\n\n\n\n<p class=\"wp-block-paragraph\">Asimismo, destacaron la relevancia de impulsar proyectos binacionales que promuevan el desarrollo econ\u00f3mico, social y cultural entre M\u00e9xico y Estados Unidos.<\/p>\n\n\n\n<p class=\"wp-block-paragraph\">Para fomentar la participaci\u00f3n ciudadana y enriquecer estos planes de trabajo, ambas comisiones acordaron organizar foros de consulta que se llevar\u00e1n a cabo en fechas pr\u00f3ximas.<\/p>\n","protected":false},"excerpt":{"rendered":"<p>Integrantes de la Comisi\u00f3n de Transparencia y de la Comisi\u00f3n de Asuntos Fronterizos y Atenci\u00f3n a Migrantes del Congreso de Sonora realizaron aportaciones para fortalecer y asegurar un enfoque integral en los planes de trabajo que seguir\u00e1n durante la LXIV Legislatura. El presidente de ambas comisiones, David Figueroa Ortega (PVEM), enfatiz\u00f3 que las propuestas presentadas&#8230;<\/p>\n","protected":false},"author":2,"featured_media":63016,"comment_status":"closed","ping_status":"closed","sticky":false,"template":"","format":"standard","meta":{"_crdt_document":"","_exactmetrics_skip_tracking":false,"_exactmetrics_sitenote_active":false,"_exactmetrics_sitenote_note":"","_exactmetrics_sitenote_category":0,"footnotes":""},"categories":[20,36,26,31,27,69],"tags":[71,73,28,29,30],"class_list":["post-63015","post","type-post","status-publish","format-standard","has-post-thumbnail","hentry","category-congreso","category-economia","category-local","category-politica","category-sonora","category-ultimas-noticias","tag-alfonso-durazo","tag-congreso-del-estado-de-sonora","tag-nogales","tag-nogales-la-gran-frontera","tag-sonora-tierra-de-oportunidades"],"_links":{"self":[{"href":"https:\/\/elpajaritonews.com\/index.php?rest_route=\/wp\/v2\/posts\/63015","targetHints":{"allow":["GET"]}}],"collection":[{"href":"https:\/\/elpajaritonews.com\/index.php?rest_route=\/wp\/v2\/posts"}],"about":[{"href":"https:\/\/elpajaritonews.com\/index.php?rest_route=\/wp\/v2\/types\/post"}],"author":[{"embeddable":true,"href":"https:\/\/elpajaritonews.com\/index.php?rest_route=\/wp\/v2\/users\/2"}],"replies":[{"embeddable":true,"href":"https:\/\/elpajaritonews.com\/index.php?rest_route=%2Fwp%2Fv2%2Fcomments&post=63015"}],"version-history":[{"count":1,"href":"https:\/\/elpajaritonews.com\/index.php?rest_route=\/wp\/v2\/posts\/63015\/revisions"}],"predecessor-version":[{"id":63018,"href":"https:\/\/elpajaritonews.com\/index.php?rest_route=\/wp\/v2\/posts\/63015\/revisions\/63018"}],"wp:featuredmedia":[{"embeddable":true,"href":"https:\/\/elpajaritonews.com\/index.php?rest_route=\/wp\/v2\/media\/63016"}],"wp:attachment":[{"href":"https:\/\/elpajaritonews.com\/index.php?rest_route=%2Fwp%2Fv2%2Fmedia&parent=63015"}],"wp:term":[{"taxonomy":"category","embeddable":true,"href":"https:\/\/elpajaritonews.com\/index.php?rest_route=%2Fwp%2Fv2%2Fcategories&post=63015"},{"taxonomy":"post_tag","embeddable":true,"href":"https:\/\/elpajaritonews.com\/index.php?rest_route=%2Fwp%2Fv2%2Ftags&post=63015"}],"curies":[{"name":"wp","href":"https:\/\/api.w.org\/{rel}","templated":true}]}}