{"id":63032,"date":"2024-11-20T20:34:51","date_gmt":"2024-11-21T03:34:51","guid":{"rendered":"https:\/\/elpajaritonews.com\/?p=63032"},"modified":"2024-11-20T20:34:53","modified_gmt":"2024-11-21T03:34:53","slug":"se-sigue-consolidando-en-sonora-el-equipo-del-2do-piso-de-la-4ta-transformacion","status":"publish","type":"post","link":"https:\/\/elpajaritonews.com\/?p=63032","title":{"rendered":"SE SIGUE CONSOLIDANDO EN SONORA EL EQUIPO DEL 2DO PISO DE LA 4TA TRANSFORMACI\u00d3N"},"content":{"rendered":"\n<p class=\"wp-block-paragraph\">Por Vinicio S\u00e1nchez<\/p>\n\n\n\n<p class=\"wp-block-paragraph\">Contin\u00faa avanzando el delegado de Bienestar Octavio Almada en uno de los programas prioritarios de la presidenta de M\u00e9xico Claudia Sheinbaum Pardo, que es VIVIENDA PARA EL BIENESTAR \ud83c\udfe0.<\/p>\n\n\n\n<figure class=\"wp-block-image size-large\"><img loading=\"lazy\" decoding=\"async\" width=\"1024\" height=\"683\" src=\"https:\/\/elpajaritonews.com\/wp-content\/uploads\/2024\/11\/Gc36KKhXUAAGyph-1024x683.jpg\" alt=\"\" class=\"wp-image-63034\" srcset=\"https:\/\/elpajaritonews.com\/wp-content\/uploads\/2024\/11\/Gc36KKhXUAAGyph-1024x683.jpg 1024w, https:\/\/elpajaritonews.com\/wp-content\/uploads\/2024\/11\/Gc36KKhXUAAGyph-300x200.jpg 300w, https:\/\/elpajaritonews.com\/wp-content\/uploads\/2024\/11\/Gc36KKhXUAAGyph-768x512.jpg 768w, https:\/\/elpajaritonews.com\/wp-content\/uploads\/2024\/11\/Gc36KKhXUAAGyph-1536x1024.jpg 1536w, https:\/\/elpajaritonews.com\/wp-content\/uploads\/2024\/11\/Gc36KKhXUAAGyph-600x400.jpg 600w, https:\/\/elpajaritonews.com\/wp-content\/uploads\/2024\/11\/Gc36KKhXUAAGyph.jpg 1620w\" sizes=\"auto, (max-width: 1024px) 100vw, 1024px\" \/><\/figure>\n\n\n\n<p class=\"wp-block-paragraph\">Donde el compromiso del gobierno del estado que encabeza el gobernador Alfonso Durazo ha sido relevante en coordinaci\u00f3n a trav\u00e9s del secretario de bienestar Fernando Rojo de la Vega para cumplir los objetivos esperados.<\/p>\n\n\n\n<figure class=\"wp-block-image size-large\"><img loading=\"lazy\" decoding=\"async\" width=\"1024\" height=\"683\" src=\"https:\/\/elpajaritonews.com\/wp-content\/uploads\/2024\/11\/Gc36KKjXgAANt93-1024x683.jpg\" alt=\"\" class=\"wp-image-63035\" srcset=\"https:\/\/elpajaritonews.com\/wp-content\/uploads\/2024\/11\/Gc36KKjXgAANt93-1024x683.jpg 1024w, https:\/\/elpajaritonews.com\/wp-content\/uploads\/2024\/11\/Gc36KKjXgAANt93-300x200.jpg 300w, https:\/\/elpajaritonews.com\/wp-content\/uploads\/2024\/11\/Gc36KKjXgAANt93-768x512.jpg 768w, https:\/\/elpajaritonews.com\/wp-content\/uploads\/2024\/11\/Gc36KKjXgAANt93-1536x1024.jpg 1536w, https:\/\/elpajaritonews.com\/wp-content\/uploads\/2024\/11\/Gc36KKjXgAANt93-600x400.jpg 600w, https:\/\/elpajaritonews.com\/wp-content\/uploads\/2024\/11\/Gc36KKjXgAANt93.jpg 1620w\" sizes=\"auto, (max-width: 1024px) 100vw, 1024px\" \/><\/figure>\n\n\n\n<p class=\"wp-block-paragraph\">Seguir\u00e1n consolidando el equipo del 2do piso de la 4ta Transformaci\u00f3n, Infonavit, Conavi, Coves, Sedatu y el Gobierno del Estado de Sonora. Con la misma visi\u00f3n de que tengan los sonorenses una vivienda digna<\/p>\n","protected":false},"excerpt":{"rendered":"<p>Por Vinicio S\u00e1nchez Contin\u00faa avanzando el delegado de Bienestar Octavio Almada en uno de los programas prioritarios de la presidenta de M\u00e9xico Claudia Sheinbaum Pardo, que es VIVIENDA PARA EL BIENESTAR \ud83c\udfe0. Donde el compromiso del gobierno del estado que encabeza el gobernador Alfonso Durazo ha sido relevante en coordinaci\u00f3n a trav\u00e9s del secretario de&#8230;<\/p>\n","protected":false},"author":2,"featured_media":63033,"comment_status":"closed","ping_status":"closed","sticky":false,"template":"","format":"standard","meta":{"_crdt_document":"","_exactmetrics_skip_tracking":false,"_exactmetrics_sitenote_active":false,"_exactmetrics_sitenote_note":"","_exactmetrics_sitenote_category":0,"footnotes":""},"categories":[36,33,26,23,31,32,27,69],"tags":[71,72,29,104,30],"class_list":["post-63032","post","type-post","status-publish","format-standard","has-post-thumbnail","hentry","category-economia","category-educacion","category-local","category-mexico","category-politica","category-salud","category-sonora","category-ultimas-noticias","tag-alfonso-durazo","tag-claudia-sheinbaum","tag-nogales-la-gran-frontera","tag-octavio-almada","tag-sonora-tierra-de-oportunidades"],"_links":{"self":[{"href":"https:\/\/elpajaritonews.com\/index.php?rest_route=\/wp\/v2\/posts\/63032","targetHints":{"allow":["GET"]}}],"collection":[{"href":"https:\/\/elpajaritonews.com\/index.php?rest_route=\/wp\/v2\/posts"}],"about":[{"href":"https:\/\/elpajaritonews.com\/index.php?rest_route=\/wp\/v2\/types\/post"}],"author":[{"embeddable":true,"href":"https:\/\/elpajaritonews.com\/index.php?rest_route=\/wp\/v2\/users\/2"}],"replies":[{"embeddable":true,"href":"https:\/\/elpajaritonews.com\/index.php?rest_route=%2Fwp%2Fv2%2Fcomments&post=63032"}],"version-history":[{"count":1,"href":"https:\/\/elpajaritonews.com\/index.php?rest_route=\/wp\/v2\/posts\/63032\/revisions"}],"predecessor-version":[{"id":63036,"href":"https:\/\/elpajaritonews.com\/index.php?rest_route=\/wp\/v2\/posts\/63032\/revisions\/63036"}],"wp:featuredmedia":[{"embeddable":true,"href":"https:\/\/elpajaritonews.com\/index.php?rest_route=\/wp\/v2\/media\/63033"}],"wp:attachment":[{"href":"https:\/\/elpajaritonews.com\/index.php?rest_route=%2Fwp%2Fv2%2Fmedia&parent=63032"}],"wp:term":[{"taxonomy":"category","embeddable":true,"href":"https:\/\/elpajaritonews.com\/index.php?rest_route=%2Fwp%2Fv2%2Fcategories&post=63032"},{"taxonomy":"post_tag","embeddable":true,"href":"https:\/\/elpajaritonews.com\/index.php?rest_route=%2Fwp%2Fv2%2Ftags&post=63032"}],"curies":[{"name":"wp","href":"https:\/\/api.w.org\/{rel}","templated":true}]}}