{"id":63037,"date":"2024-11-20T21:55:32","date_gmt":"2024-11-21T04:55:32","guid":{"rendered":"https:\/\/elpajaritonews.com\/?p=63037"},"modified":"2024-11-20T21:55:34","modified_gmt":"2024-11-21T04:55:34","slug":"aprueban-en-lo-general-reforma-para-desaparecer-organismos-autonomos","status":"publish","type":"post","link":"https:\/\/elpajaritonews.com\/?p=63037","title":{"rendered":"APRUEBAN EN LO GENERAL REFORMA PARA DESAPARECER ORGANISMOS AUT\u00d3NOMOS"},"content":{"rendered":"\n<p class=\"wp-block-paragraph\">La C\u00e1mara de Diputados aprob\u00f3 hoy en lo general la reforma mediante la cual desaparecer\u00e1n siete organismos aut\u00f3nomos (INAI, IFT, Cofece, CRE, CNH, Mejoredu y Coneval), cuyas atribuciones ser\u00e1n asumidas por diversas secretar\u00edas de Estado, y los recursos que se dedicaban a su funcionamiento ser\u00e1n destinados al gasto social.<\/p>\n\n\n\n<p class=\"wp-block-paragraph\">El dictamen \u2013mediante el cual se modificaron 13 art\u00edculos constitucionales&#8211; fue avalado por 347 votos en favor y 128 en contra, luego de un debate de seis horas, y el pleno abri\u00f3 un receso para dar ma\u00f1ana la discusi\u00f3n en lo particular.<\/p>\n\n\n\n<p class=\"wp-block-paragraph\">Ah\u00ed, Morena presentar\u00e1 una reserva para fusionar el Instituto Federal de Telecomunicaciones y la Comisi\u00f3n Federal de Competencia Econ\u00f3mica.<\/p>\n\n\n\n<p class=\"wp-block-paragraph\">El coordinador de Morena, Ricardo Monreal, adelant\u00f3 en encuentro con los medios que se propondr\u00e1 el surgimiento de una agencia o autoridad antimonopolios, que asumir\u00e1 las funciones que llevaban a cabo tanto el IFT como la Cofece.<\/p>\n\n\n\n<p class=\"wp-block-paragraph\">Los partidos mayoritarios se\u00f1alaron que las entidades que se extinguir\u00e1n no tuvieron resultados tangibles y significaron un gasto excesivo, mientras que la oposici\u00f3n alert\u00f3 que desaparecerlos significa una \u201cgrave regresi\u00f3n democr\u00e1tica\u201d.<\/p>\n\n\n\n<p class=\"wp-block-paragraph\">Luego de que fuera desechada una moci\u00f3n suspensiva del grupo parlamentario de Movimiento Ciudadano, dio inicio una serie de tres rondas de intervenciones en favor y en contra de la iniciativa que, sumadas a los posicionamientos de cada bancada, dio como resultado que m\u00e1s de 50 oradores subieran a tribuna.<\/p>\n\n\n\n<p class=\"wp-block-paragraph\">\u201cSon hijos de Slim\u201d<\/p>\n\n\n\n<p class=\"wp-block-paragraph\">Por el lado de Morena y sus aliados se hizo \u00e9nfasis de manera insistente en que los organismos aut\u00f3nomos han recibido, desde su creaci\u00f3n, m\u00e1s de 32 mil 300 millones de pesos, sin que su labor \u2013aseguraron\u2014 haya beneficiado a la ciudadan\u00eda ni haya aportado un manejo t\u00e9cnico de temas sensibles, como se argument\u00f3 para crearlos durante el sexenio de Enrique Pe\u00f1a Nieto.<\/p>\n\n\n\n<p class=\"wp-block-paragraph\">\u201cUn \u00f3rgano constitucional aut\u00f3nomo no es el \u00fanico medio, ni el m\u00e1s eficiente, para proteger derechos fundamentales, ni garantiza actuaci\u00f3n t\u00e9cnica e independiente en \u00e1reas relevantes. Es ah\u00ed donde se hace evidente la necesidad de una reestructuraci\u00f3n; de una transferencia de facultades que salvaguarde los derechos del ciudadano y que reduzca los costos de su administraci\u00f3n\u201d, se\u00f1al\u00f3 Olga S\u00e1nchez Cordero (Morena).<\/p>\n\n\n\n<p class=\"wp-block-paragraph\">La ministra en retiro insisti\u00f3 que el dictamen \u201crepresenta la posibilidad de que el dise\u00f1o institucional del pa\u00eds regrese al equilibrio entre libertad comercial y ejercicio de ciudadan\u00eda, como es el caso de nuestros dos socios comerciales de la regi\u00f3n (Estados Unidos y Canad\u00e1). Y como nosotros lo tuvimos entre 1992 y 2013 en los gobiernos de los presidentes Salinas, Zedillo, Fox y Calder\u00f3n, sin tener la naturaleza de \u00f3rganos constitucionales aut\u00f3nomos. Esc\u00fachenlo bien, con todos estos presidentes\u201d.<\/p>\n\n\n\n<p class=\"wp-block-paragraph\">Por su parte, la petista Lilia Aguilar desminti\u00f3 que la oposici\u00f3n est\u00e9 en contra de la extinci\u00f3n de los organismos aut\u00f3nomos por estar preocupados por los contrapesos democr\u00e1ticos, sino porque sirven a los intereses de los grandes empresarios del pa\u00eds que se han convertido en actores econ\u00f3micos preponderantes.<\/p>\n\n\n\n<p class=\"wp-block-paragraph\">\u201cUstedes son hijos de Carlos Slim y sobrinos de Ricardo Salinas Pliego, y no vienen a defender a los mexicanos, sino a los millonarios del pa\u00eds\u201d, les solt\u00f3 la legisladora, con sarcasmo. Para ejemplificar la ineficiencia de los aut\u00f3nomos, Aguilar record\u00f3 que el IFT le otorg\u00f3 en 2018 una concesi\u00f3n de 20 a\u00f1os a Tv Azteca, y una de 30 a\u00f1os a Telcel por el manejo de las redes 5G, adem\u00e1s de dedicarse a \u201cperdonarle multas\u201d a dicha compa\u00f1\u00eda.<\/p>\n\n\n\n<p class=\"wp-block-paragraph\">\u201cCapricho disfrazado de eficiencia\u201d<\/p>\n\n\n\n<p class=\"wp-block-paragraph\">En sentido contrario, la oposici\u00f3n recalc\u00f3 que desaparecer a los aut\u00f3nomos significa un da\u00f1o al sistema de contrapesos en M\u00e9xico, para permitir que Morena se convierta en \u201cjuez y parte\u201d y en un partido hegem\u00f3nico \u201cautoritario\u201d que termine con la transparencia y la rendici\u00f3n de cuentas.<\/p>\n\n\n\n<p class=\"wp-block-paragraph\">La coordinadora de la bancada del PAN, Noem\u00ed Luna, asegur\u00f3 que, en el caso del INAI, Morena y sus aliados proponen su extinci\u00f3n \u201cpor venganza, porque fue el instituto que transparent\u00f3 los excesos del sexenio pasado. Gracias a la transparencia supimos de la casa gris de los L\u00f3pez Beltr\u00e1n (hijos del ex presidente Andr\u00e9s Manuel L\u00f3pez Obrador) y del mega fraude de Segalmex\u201d.<\/p>\n\n\n\n<p class=\"wp-block-paragraph\">El tambi\u00e9n panista Miguel \u00c1ngel Salim alert\u00f3 que la extinci\u00f3n de los aut\u00f3nomos significa \u201cuna aut\u00e9ntica tragedia, un capricho que Morena y sus aliados quieren disfrazar de eficiencia, pero que tiene el \u00fanico objetivo de seguir eliminando los contrapesos que durante tantos a\u00f1os los mexicanos hemos construido\u201d.<\/p>\n\n\n\n<p class=\"wp-block-paragraph\">En ese mismo tono, denunci\u00f3 que los partidos mayoritarios \u201cdicen que van a ahorrar recursos, pero ese dinero no va a fortalecer la econom\u00eda ni la seguridad ni la salud, sino a terminar en programas sociales mal dise\u00f1ados que solo buscan clientelismo pol\u00edtico\u201d.<\/p>\n\n\n\n<p class=\"wp-block-paragraph\">Miguel \u00c1ngel Monraz, tambi\u00e9n del PAN, subi\u00f3 a tribuna acompa\u00f1ado de otros legisladores de su partido, con pancartas donde se mostraba al ex presidente L\u00f3pez Obrador con una corona, e hizo una de las intervenciones m\u00e1s \u00e1cidas contra la reforma.<\/p>\n\n\n\n<p class=\"wp-block-paragraph\">\u201cEste es el rostro del autoritarismo, del rey hip\u00f3crita de Macuspana que sigue destruyendo a las instituciones. Desaparecer organismos aut\u00f3nomos es promover un esquema de autoritarismo, ya que rompe los equilibrios de los poderes necesarios en una democracia moderna y plural. Los organismos aut\u00f3nomos se conciben como un contrapeso institucional a los poderes tradicionales del Estado, para evitar concentraci\u00f3n de poder y evitar excesos de los gobiernos\u201d.<\/p>\n\n\n\n<p class=\"wp-block-paragraph\">Luego de decretar un receso enla sesi\u00f3n, la Mesa Directiva cit\u00f3 para reanudar los trabajos ma\u00f1ana jueves a las 9 AM. Se espera que se presenten al menos 300 reservas al dictamen.<\/p>\n\n\n\n<figure class=\"wp-block-embed is-type-video is-provider-youtube wp-block-embed-youtube wp-embed-aspect-16-9 wp-has-aspect-ratio\"><div class=\"wp-block-embed__wrapper\">\n<iframe loading=\"lazy\" title=\"EN VIVO \/ Continuaci\u00f3n de la Sesi\u00f3n Ordinaria del 20 de noviembre de 2024\" width=\"640\" height=\"360\" src=\"https:\/\/www.youtube.com\/embed\/okKnCxc__kI?feature=oembed\" frameborder=\"0\" allow=\"accelerometer; autoplay; clipboard-write; encrypted-media; gyroscope; picture-in-picture; web-share\" referrerpolicy=\"strict-origin-when-cross-origin\" allowfullscreen><\/iframe>\n<\/div><\/figure>\n","protected":false},"excerpt":{"rendered":"<p>La C\u00e1mara de Diputados aprob\u00f3 hoy en lo general la reforma mediante la cual desaparecer\u00e1n siete organismos aut\u00f3nomos (INAI, IFT, Cofece, CRE, CNH, Mejoredu y Coneval), cuyas atribuciones ser\u00e1n asumidas por diversas secretar\u00edas de Estado, y los recursos que se dedicaban a su funcionamiento ser\u00e1n destinados al gasto social. El dictamen \u2013mediante el cual se&#8230;<\/p>\n","protected":false},"author":2,"featured_media":63038,"comment_status":"closed","ping_status":"closed","sticky":false,"template":"","format":"standard","meta":{"_crdt_document":"","_exactmetrics_skip_tracking":false,"_exactmetrics_sitenote_active":false,"_exactmetrics_sitenote_note":"","_exactmetrics_sitenote_category":0,"footnotes":""},"categories":[23,31,69],"tags":[79,72,73],"class_list":["post-63037","post","type-post","status-publish","format-standard","has-post-thumbnail","hentry","category-mexico","category-politica","category-ultimas-noticias","tag-andres-manuel-lopez-obrador","tag-claudia-sheinbaum","tag-congreso-del-estado-de-sonora"],"_links":{"self":[{"href":"https:\/\/elpajaritonews.com\/index.php?rest_route=\/wp\/v2\/posts\/63037","targetHints":{"allow":["GET"]}}],"collection":[{"href":"https:\/\/elpajaritonews.com\/index.php?rest_route=\/wp\/v2\/posts"}],"about":[{"href":"https:\/\/elpajaritonews.com\/index.php?rest_route=\/wp\/v2\/types\/post"}],"author":[{"embeddable":true,"href":"https:\/\/elpajaritonews.com\/index.php?rest_route=\/wp\/v2\/users\/2"}],"replies":[{"embeddable":true,"href":"https:\/\/elpajaritonews.com\/index.php?rest_route=%2Fwp%2Fv2%2Fcomments&post=63037"}],"version-history":[{"count":1,"href":"https:\/\/elpajaritonews.com\/index.php?rest_route=\/wp\/v2\/posts\/63037\/revisions"}],"predecessor-version":[{"id":63039,"href":"https:\/\/elpajaritonews.com\/index.php?rest_route=\/wp\/v2\/posts\/63037\/revisions\/63039"}],"wp:featuredmedia":[{"embeddable":true,"href":"https:\/\/elpajaritonews.com\/index.php?rest_route=\/wp\/v2\/media\/63038"}],"wp:attachment":[{"href":"https:\/\/elpajaritonews.com\/index.php?rest_route=%2Fwp%2Fv2%2Fmedia&parent=63037"}],"wp:term":[{"taxonomy":"category","embeddable":true,"href":"https:\/\/elpajaritonews.com\/index.php?rest_route=%2Fwp%2Fv2%2Fcategories&post=63037"},{"taxonomy":"post_tag","embeddable":true,"href":"https:\/\/elpajaritonews.com\/index.php?rest_route=%2Fwp%2Fv2%2Ftags&post=63037"}],"curies":[{"name":"wp","href":"https:\/\/api.w.org\/{rel}","templated":true}]}}