{"id":63047,"date":"2024-11-21T15:23:51","date_gmt":"2024-11-21T22:23:51","guid":{"rendered":"https:\/\/elpajaritonews.com\/?p=63047"},"modified":"2024-11-21T15:23:54","modified_gmt":"2024-11-21T22:23:54","slug":"avalan-diputados-desaparicion-de-autonomos","status":"publish","type":"post","link":"https:\/\/elpajaritonews.com\/?p=63047","title":{"rendered":"AVALAN DIPUTADOS DESAPARICI\u00d3N DE AUT\u00d3NOMOS"},"content":{"rendered":"\n<p class=\"wp-block-paragraph\">La C\u00e1mara de Diputados aprob\u00f3 hoy en lo particular la reforma mediante la cual desaparecer\u00e1n siete organismos aut\u00f3nomos (INAI, IFT, Cofece, CRE, CNH, Mejoredu y Coneval), que ya hab\u00eda sido aprobada ayer en lo general, y en la que se a\u00f1adi\u00f3 una reserva para crear una agencia antimonopolios, adscrita a la Secretar\u00eda de Infraestructura, Comunicaciones y Transportes (SICT).<\/p>\n\n\n\n<p class=\"wp-block-paragraph\">De igual forma, se acept\u00f3 una reserva presentada por el PT, con la cual se especific\u00f3 que no habr\u00e1 concesiones en materia de litio, un tema que formaba parte de la reforma aprobada el 29 de octubre pasado, que le devolvi\u00f3 a Pemex y la Comisi\u00f3n Federal de Electricidad (CFE) el car\u00e1cter de \u201cempresas p\u00fablicas del Estado\u201d.<\/p>\n\n\n\n<figure class=\"wp-block-embed is-type-video is-provider-youtube wp-block-embed-youtube wp-embed-aspect-16-9 wp-has-aspect-ratio\"><div class=\"wp-block-embed__wrapper\">\n<iframe loading=\"lazy\" title=\"EN VIVO \/ Reanudaci\u00f3n de la Sesi\u00f3n Ordinaria del 20 de noviembre de 2024\" width=\"640\" height=\"360\" src=\"https:\/\/www.youtube.com\/embed\/AJw2IkzIlJI?feature=oembed\" frameborder=\"0\" allow=\"accelerometer; autoplay; clipboard-write; encrypted-media; gyroscope; picture-in-picture; web-share\" referrerpolicy=\"strict-origin-when-cross-origin\" allowfullscreen><\/iframe>\n<\/div><\/figure>\n\n\n\n<p class=\"wp-block-paragraph\">Luego de que se reanud\u00f3 la sesi\u00f3n iniciada el mi\u00e9rcoles, el debate se extendi\u00f3 por seis horas y la enmienda de \u201csimplificaci\u00f3n administrativa\u201d fue avalada por 332 votos en favor y 119 en contra, por lo que fue enviada al Senado para su ratificaci\u00f3n.<\/p>\n\n\n\n<p class=\"wp-block-paragraph\">Una vez desahogadas cerca de 300 reservas al dictamen, en voz de m\u00e1s de 80 oradores, el vice coordinador del grupo parlamentario de Morena, Alfonso Ram\u00edrez Cu\u00e9llar, subi\u00f3 a tribuna para exponer los detalles de la creaci\u00f3n de la agencia que asumir\u00eda las labores encomendadas al Instituto Federal de Telecomunicaciones y la Comisi\u00f3n Federal de Competencia Econ\u00f3mica.<\/p>\n\n\n\n<p class=\"wp-block-paragraph\">En el texto de la mencionada reserva, se defini\u00f3 que el Ejecutivo Federal, \u201ca trav\u00e9s de la autoridad en materia de libre competencia y concurrencia, ejercer\u00e1 en forma exclusiva las facultades de competencia econ\u00f3mica para regular de forma asim\u00e9trica a los participantes en los mercados de telecomunicaciones y radiodifusi\u00f3n, con el objeto de eliminar eficazmente las carreras a la competencia y a la libre concurrencia\u201d.<\/p>\n\n\n\n<p class=\"wp-block-paragraph\">De igual forma, establece que la mencionada autoridad \u201cimpondr\u00e1 l\u00edmites a la concentraci\u00f3n nacional y regional de frecuencias, al concesionamiento (sic) y a la propiedad cruzada que controle varios medios de comunicaci\u00f3n concesionarios de radiodifusi\u00f3n y telecomunicaciones que sirvan a un mismo mercado o zona de cobertura geogr\u00e1fica\u201d.<\/p>\n\n\n\n<p class=\"wp-block-paragraph\">Adem\u00e1s, \u201cordenar\u00e1 la desincorporaci\u00f3n de activos, derechos o partes necesarias para asegurar el cumplimiento de estos l\u00edmites, garantizando los dispuesto en los art\u00edculos 6\u00ba y 7\u00ba\u201d de la Constituci\u00f3n.<\/p>\n\n\n\n<p class=\"wp-block-paragraph\">Para realizar dicha labor, especific\u00f3 la reserva del partido guinda, se crear\u00e1 la \u201centidad paraestatal denominada Organismo Promotor de Inversiones en Telecomunicaciones\u201d, la cual \u201cquedar\u00e1 sectorizada a la SICT\u201d.<\/p>\n\n\n\n<p class=\"wp-block-paragraph\">Dicha autoridad \u201ccontar\u00e1 con personalidad jur\u00eddica y patrimonio propio, estar\u00e1 dotada de independencia t\u00e9cnica y operativa en sus decisiones, organizaci\u00f3n y funcionamiento, y se garantizar\u00e1 la separaci\u00f3n entre la autoridad que investiga y la que resuelve los procedimientos\u201d.<\/p>\n\n\n\n<p class=\"wp-block-paragraph\">Consultado por los medios informativos, casi al final de la votaci\u00f3n sobre este tema, Ram\u00edrez Cu\u00e9llar asegur\u00f3 que la creaci\u00f3n del mencionado organismo ayudar\u00e1 a \u201cmeter en cintura\u201d a las empresas que incurren en pr\u00e1cticas monop\u00f3licas, y no significa una merma de las funciones que realizaban la Cofece y el IFT.<\/p>\n\n\n\n<p class=\"wp-block-paragraph\">\u201c\u00a1L\u00e1rgate t\u00fa!\u201d<\/p>\n\n\n\n<p class=\"wp-block-paragraph\">Durante la discusi\u00f3n de hoy, tanto los partidos mayoritarios como los de oposici\u00f3n reiteraron los argumentos que ya hab\u00edan vertido en la sesi\u00f3n iniciada ayer. Mientras los primeros enfatizaron los ahorros que se obtendr\u00e1n por la extinci\u00f3n de organismos que \u201cno dieron resultados\u201d, los segundos recalcaron que su p\u00e9rdida es un riesgo para la democracia y los sistemas de pesos y contrapesos en M\u00e9xico.<\/p>\n\n\n\n<p class=\"wp-block-paragraph\">El panista H\u00e9ctor Sa\u00fal T\u00e9llez le reproch\u00f3 a los diputados de Morena y sus aliados que \u201chan aplicado el canibalismo pol\u00edtico entre ustedes mismos\u201d, pues los organismos que crearon o avalaron en su momento, como el Instituto de Salud para el Bienestar y la Comisi\u00f3n Nacional para la Mejora Continua de la Educaci\u00f3n, los destruyeron.<\/p>\n\n\n\n<p class=\"wp-block-paragraph\">A un lado de la tribuna, se coloc\u00f3 una manta con la frase \u201cDictadura de Morena, 99 por ciento\u201d, y la figura de una especie de bater\u00eda de celular a punto de llegar al 100 por ciento de carga.<\/p>\n\n\n\n<p class=\"wp-block-paragraph\">El gobierno del ex presidente Andr\u00e9s Manuel L\u00f3pez Obrador \u201cinici\u00f3 destruyendo el Seguro Popular, sin importar si dejaban a 50 millones de personas sin accesos a los servicios de salud; crearon el Insabi y tambi\u00e9n lo llevaron a la destrucci\u00f3n, desapareciendo 400 mil millones de pesos, de los cuales no rindieron cuentas, y hoy tambi\u00e9n quieren destruir una instituci\u00f3n que han creado ustedes mismos, como Mejoredu\u201d, lament\u00f3 T\u00e9llez.<\/p>\n\n\n\n<p class=\"wp-block-paragraph\">Los cambios constitucionales, insisti\u00f3, \u201cno son de austeridad ni de simplificaci\u00f3n, se trata de cooptaci\u00f3n, de quitar l\u00edmites al gobierno y quitar los contrapesos sanos que cualquier gobierno debe de tener\u201d.<\/p>\n\n\n\n<p class=\"wp-block-paragraph\">Destac\u00f3 que los siete organismos aut\u00f3nomos que van a desaparecer \u201cdurante 10 a\u00f1os consumieron apenas mil millones de pesos costaron. Estos organismos podr\u00edan subsistir 230 a\u00f1os con los sobreprecios de las 300 megaobras que hizo el presidente\u201d L\u00f3pez Obrador. \u201cCuesta m\u00e1s cara la corrupci\u00f3n de Morena que la operaci\u00f3n de estos siete organismos necesarios\u201d.<\/p>\n\n\n\n<p class=\"wp-block-paragraph\">El discurso cal\u00f3 en las filas de Morena. Desde su curul, los diputados Zenyazen Escobar \u2013cercano al gobernador veracruzano, Cuitl\u00e1huac Garc\u00eda- y Roberto Ramos- le gritaron \u201c\u00a1b\u00e1jate!\u201d, \u201c\u00a1l\u00e1rgate!\u201d El panista respondi\u00f3: \u201c\u00a1l\u00e1rgate t\u00fa!\u201d<\/p>\n\n\n\n<p class=\"wp-block-paragraph\">Otros diputados de oposici\u00f3n enfatizaron que los gobiernos de la 4T fueron especialmente duros con el INAI, debido a que gracias a este \u00f3rgano se dieron a conocer presuntos casos de corrupci\u00f3n que involucrar\u00edan a funcionarios del sexenio anterior o sus familiares.<\/p>\n\n\n\n<p class=\"wp-block-paragraph\">Por su parte, los legisladores de Morena, PT y PVEM reiteraron que los organismos extintos \u201ceran aut\u00f3nomos del pueblo de M\u00e9xico\u201d, pero supuestamente cercanos a grupos de intereses econ\u00f3micos que, acusaron, se beneficiaron de su actuaci\u00f3n para obtener mayores beneficios.<\/p>\n\n\n\n<p class=\"wp-block-paragraph\">\u201cA lo que ponemos fin es al privilegio y al derroche de recursos en supuestos \u00f3rganos descentralizados que solo beneficiaban a las c\u00fapulas del poder pol\u00edtico y econ\u00f3mico\u201d, puntualiz\u00f3 la morenista Julieta Vences Valencia.<\/p>\n\n\n\n<p class=\"wp-block-paragraph\">Como ha ocurrido en la discusi\u00f3n de otros dict\u00e1menes, los diputados de mayor\u00eda registraron reservas s\u00f3lo para repetir los argumentos que ya hab\u00edan expuesto en diversas ocasiones, y posteriormente retirar las observaciones que har\u00edan, lo que alarg\u00f3 el debate por varias horas.<\/p>\n\n\n\n<p class=\"wp-block-paragraph\">Reserva \u201csobre las rodillas\u201d: PAN<\/p>\n\n\n\n<p class=\"wp-block-paragraph\">Cuando parec\u00eda que el debate terminar\u00eda sin mayores sorpresas, subi\u00f3 a tribuna la petista Maribel Mart\u00ednez para proponer una reserva mediante la cual se reforma el art\u00edculo 28 constitucional, para especificar que \u201ctrat\u00e1ndose de minerales radioactivos y litio, no se otorgar\u00e1n concesiones\u201d, y que los particulares, en materia de generaci\u00f3n de electricidad, \u201cen ning\u00fan caso tendr\u00e1n prevalencia sobre la industria p\u00fablica del Estado\u201d, que es la CFE.<\/p>\n\n\n\n<p class=\"wp-block-paragraph\">Lo anterior dio pie a que la oposici\u00f3n reclamara a los partidos mayoritarios que estaban tratando de enmendar una falla legislativa, pues aunque en la reforma del pasado 29 de octubre relacionadas con las \u201cempresas p\u00fablicas del Estado\u201d se especificaba que en materia de litio no habr\u00eda concesiones, en el dictamen votado ayer no figuraba ese punto.<\/p>\n\n\n\n<p class=\"wp-block-paragraph\">El PAN record\u00f3 la frase del fallecido diputado Porfirio Mu\u00f1oz Ledo de \u201c\u00a1chinguen a su madre!, \u00a1qu\u00e9 manera de legislar!\u201d y reproch\u00f3 que Morena \u201chace todo sobre las rodillas, porque se les olvid\u00f3 que en la reforma del 29 de octubre, cuando discutimos el dictamen de las empresas p\u00fablicas del Estado, dejaron fuera del litio, y ahora so pretexto del IFT, quieren volver a enderezar el entuerto de lo que hicieron mal\u201d.<\/p>\n\n\n\n<p class=\"wp-block-paragraph\">De no haberse hecho la mencionada correcci\u00f3n, hubiera tenido lugar una antinomia, pues las reformas del 29 de octubre y la votada este jueves tendr\u00edan disposiciones encontradas entre s\u00ed.<\/p>\n","protected":false},"excerpt":{"rendered":"<p>La C\u00e1mara de Diputados aprob\u00f3 hoy en lo particular la reforma mediante la cual desaparecer\u00e1n siete organismos aut\u00f3nomos (INAI, IFT, Cofece, CRE, CNH, Mejoredu y Coneval), que ya hab\u00eda sido aprobada ayer en lo general, y en la que se a\u00f1adi\u00f3 una reserva para crear una agencia antimonopolios, adscrita a la Secretar\u00eda de Infraestructura, Comunicaciones&#8230;<\/p>\n","protected":false},"author":2,"featured_media":63048,"comment_status":"closed","ping_status":"closed","sticky":false,"template":"","format":"standard","meta":{"_crdt_document":"","_exactmetrics_skip_tracking":false,"_exactmetrics_sitenote_active":false,"_exactmetrics_sitenote_note":"","_exactmetrics_sitenote_category":0,"footnotes":""},"categories":[20,80,36,88,37,23,31,27,69],"tags":[72,73],"class_list":["post-63047","post","type-post","status-publish","format-standard","has-post-thumbnail","hentry","category-congreso","category-derechos-humanos","category-economia","category-justicia","category-medio-ambiente","category-mexico","category-politica","category-sonora","category-ultimas-noticias","tag-claudia-sheinbaum","tag-congreso-del-estado-de-sonora"],"_links":{"self":[{"href":"https:\/\/elpajaritonews.com\/index.php?rest_route=\/wp\/v2\/posts\/63047","targetHints":{"allow":["GET"]}}],"collection":[{"href":"https:\/\/elpajaritonews.com\/index.php?rest_route=\/wp\/v2\/posts"}],"about":[{"href":"https:\/\/elpajaritonews.com\/index.php?rest_route=\/wp\/v2\/types\/post"}],"author":[{"embeddable":true,"href":"https:\/\/elpajaritonews.com\/index.php?rest_route=\/wp\/v2\/users\/2"}],"replies":[{"embeddable":true,"href":"https:\/\/elpajaritonews.com\/index.php?rest_route=%2Fwp%2Fv2%2Fcomments&post=63047"}],"version-history":[{"count":1,"href":"https:\/\/elpajaritonews.com\/index.php?rest_route=\/wp\/v2\/posts\/63047\/revisions"}],"predecessor-version":[{"id":63049,"href":"https:\/\/elpajaritonews.com\/index.php?rest_route=\/wp\/v2\/posts\/63047\/revisions\/63049"}],"wp:featuredmedia":[{"embeddable":true,"href":"https:\/\/elpajaritonews.com\/index.php?rest_route=\/wp\/v2\/media\/63048"}],"wp:attachment":[{"href":"https:\/\/elpajaritonews.com\/index.php?rest_route=%2Fwp%2Fv2%2Fmedia&parent=63047"}],"wp:term":[{"taxonomy":"category","embeddable":true,"href":"https:\/\/elpajaritonews.com\/index.php?rest_route=%2Fwp%2Fv2%2Fcategories&post=63047"},{"taxonomy":"post_tag","embeddable":true,"href":"https:\/\/elpajaritonews.com\/index.php?rest_route=%2Fwp%2Fv2%2Ftags&post=63047"}],"curies":[{"name":"wp","href":"https:\/\/api.w.org\/{rel}","templated":true}]}}