{"id":63050,"date":"2024-11-21T18:02:34","date_gmt":"2024-11-22T01:02:34","guid":{"rendered":"https:\/\/elpajaritonews.com\/?p=63050"},"modified":"2024-11-21T18:02:36","modified_gmt":"2024-11-22T01:02:36","slug":"avanzan-trabajos-para-el-parlamento-de-personas-con-discapacidad-2024","status":"publish","type":"post","link":"https:\/\/elpajaritonews.com\/?p=63050","title":{"rendered":"AVANZAN TRABAJOS PARA EL PARLAMENTO DE PERSONAS CON DISCAPACIDAD 2024"},"content":{"rendered":"\n<p class=\"wp-block-paragraph\">La Comisi\u00f3n de Atenci\u00f3n a Grupos Vulnerables de la Sociedad realiz\u00f3 una reuni\u00f3n de trabajo en la que analiz\u00f3 la propuesta de participantes para el Parlamento de Personas con Discapacidad 2024.<\/p>\n\n\n\n<p class=\"wp-block-paragraph\">Jazm\u00edn G\u00f3mez Liz\u00e1rraga (PT), presidenta de la comisi\u00f3n, destac\u00f3 la importancia de este espacio para visibilizar las necesidades y propuestas de las personas con discapacidad, con el prop\u00f3sito de impulsar una agenda legislativa inclusiva.<\/p>\n\n\n\n<p class=\"wp-block-paragraph\">Inform\u00f3 que se cuenta con un total de 27 personas registradas, entre ellas 10 mujeres y 17 hombres provenientes de los municipios de Hermosillo, Guaymas, Navojoa y Ciudad Obreg\u00f3n.<\/p>\n\n\n\n<figure class=\"wp-block-image size-large\"><img loading=\"lazy\" decoding=\"async\" width=\"1024\" height=\"682\" src=\"https:\/\/elpajaritonews.com\/wp-content\/uploads\/2024\/11\/c2d7046f-bd28-4d2d-b36b-f3988f0bf9ba-1024x682.jpg\" alt=\"\" class=\"wp-image-63052\" srcset=\"https:\/\/elpajaritonews.com\/wp-content\/uploads\/2024\/11\/c2d7046f-bd28-4d2d-b36b-f3988f0bf9ba-1024x682.jpg 1024w, https:\/\/elpajaritonews.com\/wp-content\/uploads\/2024\/11\/c2d7046f-bd28-4d2d-b36b-f3988f0bf9ba-300x200.jpg 300w, https:\/\/elpajaritonews.com\/wp-content\/uploads\/2024\/11\/c2d7046f-bd28-4d2d-b36b-f3988f0bf9ba-768x512.jpg 768w, https:\/\/elpajaritonews.com\/wp-content\/uploads\/2024\/11\/c2d7046f-bd28-4d2d-b36b-f3988f0bf9ba-1536x1023.jpg 1536w, https:\/\/elpajaritonews.com\/wp-content\/uploads\/2024\/11\/c2d7046f-bd28-4d2d-b36b-f3988f0bf9ba-600x400.jpg 600w, https:\/\/elpajaritonews.com\/wp-content\/uploads\/2024\/11\/c2d7046f-bd28-4d2d-b36b-f3988f0bf9ba.jpg 1600w\" sizes=\"auto, (max-width: 1024px) 100vw, 1024px\" \/><\/figure>\n\n\n\n<p class=\"wp-block-paragraph\">Las y los integrantes de la comisi\u00f3n subrayaron que se est\u00e1n afinando los preparativos de organizaci\u00f3n y log\u00edstica para garantizar que este evento se realice en un espacio accesible e incluyente.<\/p>\n\n\n\n<p class=\"wp-block-paragraph\">El parlamento tendr\u00e1 lugar el mi\u00e9rcoles 4 de diciembre de 2024, de manera presencial, en un horario de 09:00 a 14:00 horas.<\/p>\n\n\n\n<p class=\"wp-block-paragraph\">A la reuni\u00f3n asistieron la diputada Amairany Pe\u00f1a Escalante (PES) y los diputados David Figueroa Ortega (PVEM), Julio Navarro Contreras (Morena) y Emeterio Ochoa Baz\u00faa (PRI).<\/p>\n","protected":false},"excerpt":{"rendered":"<p>La Comisi\u00f3n de Atenci\u00f3n a Grupos Vulnerables de la Sociedad realiz\u00f3 una reuni\u00f3n de trabajo en la que analiz\u00f3 la propuesta de participantes para el Parlamento de Personas con Discapacidad 2024. Jazm\u00edn G\u00f3mez Liz\u00e1rraga (PT), presidenta de la comisi\u00f3n, destac\u00f3 la importancia de este espacio para visibilizar las necesidades y propuestas de las personas con&#8230;<\/p>\n","protected":false},"author":2,"featured_media":63051,"comment_status":"closed","ping_status":"closed","sticky":false,"template":"","format":"standard","meta":{"_crdt_document":"","_exactmetrics_skip_tracking":false,"_exactmetrics_sitenote_active":false,"_exactmetrics_sitenote_note":"","_exactmetrics_sitenote_category":0,"footnotes":""},"categories":[20,26,31,32,27,69],"tags":[73],"class_list":["post-63050","post","type-post","status-publish","format-standard","has-post-thumbnail","hentry","category-congreso","category-local","category-politica","category-salud","category-sonora","category-ultimas-noticias","tag-congreso-del-estado-de-sonora"],"_links":{"self":[{"href":"https:\/\/elpajaritonews.com\/index.php?rest_route=\/wp\/v2\/posts\/63050","targetHints":{"allow":["GET"]}}],"collection":[{"href":"https:\/\/elpajaritonews.com\/index.php?rest_route=\/wp\/v2\/posts"}],"about":[{"href":"https:\/\/elpajaritonews.com\/index.php?rest_route=\/wp\/v2\/types\/post"}],"author":[{"embeddable":true,"href":"https:\/\/elpajaritonews.com\/index.php?rest_route=\/wp\/v2\/users\/2"}],"replies":[{"embeddable":true,"href":"https:\/\/elpajaritonews.com\/index.php?rest_route=%2Fwp%2Fv2%2Fcomments&post=63050"}],"version-history":[{"count":1,"href":"https:\/\/elpajaritonews.com\/index.php?rest_route=\/wp\/v2\/posts\/63050\/revisions"}],"predecessor-version":[{"id":63053,"href":"https:\/\/elpajaritonews.com\/index.php?rest_route=\/wp\/v2\/posts\/63050\/revisions\/63053"}],"wp:featuredmedia":[{"embeddable":true,"href":"https:\/\/elpajaritonews.com\/index.php?rest_route=\/wp\/v2\/media\/63051"}],"wp:attachment":[{"href":"https:\/\/elpajaritonews.com\/index.php?rest_route=%2Fwp%2Fv2%2Fmedia&parent=63050"}],"wp:term":[{"taxonomy":"category","embeddable":true,"href":"https:\/\/elpajaritonews.com\/index.php?rest_route=%2Fwp%2Fv2%2Fcategories&post=63050"},{"taxonomy":"post_tag","embeddable":true,"href":"https:\/\/elpajaritonews.com\/index.php?rest_route=%2Fwp%2Fv2%2Ftags&post=63050"}],"curies":[{"name":"wp","href":"https:\/\/api.w.org\/{rel}","templated":true}]}}