{"id":63054,"date":"2024-11-21T19:06:25","date_gmt":"2024-11-22T02:06:25","guid":{"rendered":"https:\/\/elpajaritonews.com\/?p=63054"},"modified":"2024-11-21T19:06:27","modified_gmt":"2024-11-22T02:06:27","slug":"cumple-gobernador-durazo-a-poblacion-del-mayo-con-acciones-de-vivienda-vialidades-y-becas","status":"publish","type":"post","link":"https:\/\/elpajaritonews.com\/?p=63054","title":{"rendered":"CUMPLE GOBERNADOR DURAZO A POBLACI\u00d3N DEL MAYO CON ACCIONES DE VIVIENDA, VIALIDADES Y BECAS"},"content":{"rendered":"\n<p class=\"wp-block-paragraph\">Con acciones que garantizan una mejora en la calidad de vida de las familias del sur de Sonora, como la entrega de escrituras para viviendas, rehabilitaci\u00f3n de vialidades y becas a estudiantes, el gobernador Alfonso Durazo refrend\u00f3 el compromiso de su administraci\u00f3n para llevar bienestar a las comunidades de la regi\u00f3n del Mayo.<\/p>\n\n\n\n<figure class=\"wp-block-image size-large\"><img loading=\"lazy\" decoding=\"async\" width=\"1024\" height=\"682\" src=\"https:\/\/elpajaritonews.com\/wp-content\/uploads\/2024\/11\/98ef1559-ca7f-4b7f-8045-297c35b7f140-1024x682.jpg\" alt=\"\" class=\"wp-image-63056\" srcset=\"https:\/\/elpajaritonews.com\/wp-content\/uploads\/2024\/11\/98ef1559-ca7f-4b7f-8045-297c35b7f140-1024x682.jpg 1024w, https:\/\/elpajaritonews.com\/wp-content\/uploads\/2024\/11\/98ef1559-ca7f-4b7f-8045-297c35b7f140-300x200.jpg 300w, https:\/\/elpajaritonews.com\/wp-content\/uploads\/2024\/11\/98ef1559-ca7f-4b7f-8045-297c35b7f140-768x512.jpg 768w, https:\/\/elpajaritonews.com\/wp-content\/uploads\/2024\/11\/98ef1559-ca7f-4b7f-8045-297c35b7f140-600x400.jpg 600w, https:\/\/elpajaritonews.com\/wp-content\/uploads\/2024\/11\/98ef1559-ca7f-4b7f-8045-297c35b7f140.jpg 1280w\" sizes=\"auto, (max-width: 1024px) 100vw, 1024px\" \/><\/figure>\n\n\n\n<p class=\"wp-block-paragraph\">En una intensa gira de trabajo por el sur, en Navojoa el mandatario estatal entreg\u00f3 400 escrituras a familias que por d\u00e9cadas hab\u00edan estado a la espera de este documento que garantiza certeza jur\u00eddica del hogar en el que habitan para poder mantener un patrimonio para sus hijos e hijas.<\/p>\n\n\n\n<figure class=\"wp-block-image size-large\"><img loading=\"lazy\" decoding=\"async\" width=\"1024\" height=\"682\" src=\"https:\/\/elpajaritonews.com\/wp-content\/uploads\/2024\/11\/737fc222-8cbb-43a8-a91f-236b85da633f-1024x682.jpg\" alt=\"\" class=\"wp-image-63057\" srcset=\"https:\/\/elpajaritonews.com\/wp-content\/uploads\/2024\/11\/737fc222-8cbb-43a8-a91f-236b85da633f-1024x682.jpg 1024w, https:\/\/elpajaritonews.com\/wp-content\/uploads\/2024\/11\/737fc222-8cbb-43a8-a91f-236b85da633f-300x200.jpg 300w, https:\/\/elpajaritonews.com\/wp-content\/uploads\/2024\/11\/737fc222-8cbb-43a8-a91f-236b85da633f-768x511.jpg 768w, https:\/\/elpajaritonews.com\/wp-content\/uploads\/2024\/11\/737fc222-8cbb-43a8-a91f-236b85da633f-600x400.jpg 600w, https:\/\/elpajaritonews.com\/wp-content\/uploads\/2024\/11\/737fc222-8cbb-43a8-a91f-236b85da633f.jpg 1280w\" sizes=\"auto, (max-width: 1024px) 100vw, 1024px\" \/><\/figure>\n\n\n\n<p class=\"wp-block-paragraph\">En materia de infraestructura entreg\u00f3 la rehabilitaci\u00f3n de las calles Quintana Roo, Otero, Rodolfo Campod\u00f3nico, bulevar No Reelecci\u00f3n, el bulevar Cuauht\u00e9moc, y la avenida Jos\u00e9 Mar\u00eda Morelos y Pav\u00f3n, vialidades que forman parte del cr\u00e9dito de 2 mil 100 millones de pesos que fueron solicitados al Congreso del Estado para mejoras en los municipios, cuyas obras requirieron de una inversi\u00f3n de 59 millones de pesos.<\/p>\n\n\n\n<p class=\"wp-block-paragraph\">Para Etchojoa y Bacobampo entreg\u00f3 la rehabilitaci\u00f3n de 19 calles, con una inversi\u00f3n de 37.9 millones de pesos, como parte de las obras del cr\u00e9dito de 2 mil 100 millones de pesos. Adem\u00e1s otorg\u00f3 a la ciudadan\u00eda la obra terminada del tejab\u00e1n de la plaza 5 de Mayo.<\/p>\n\n\n\n<figure class=\"wp-block-image size-full\"><img loading=\"lazy\" decoding=\"async\" width=\"1018\" height=\"678\" src=\"https:\/\/elpajaritonews.com\/wp-content\/uploads\/2024\/11\/0a0f67c9-84ae-4a1d-b70b-a71c66c43d15.jpg\" alt=\"\" class=\"wp-image-63058\" srcset=\"https:\/\/elpajaritonews.com\/wp-content\/uploads\/2024\/11\/0a0f67c9-84ae-4a1d-b70b-a71c66c43d15.jpg 1018w, https:\/\/elpajaritonews.com\/wp-content\/uploads\/2024\/11\/0a0f67c9-84ae-4a1d-b70b-a71c66c43d15-300x200.jpg 300w, https:\/\/elpajaritonews.com\/wp-content\/uploads\/2024\/11\/0a0f67c9-84ae-4a1d-b70b-a71c66c43d15-768x511.jpg 768w, https:\/\/elpajaritonews.com\/wp-content\/uploads\/2024\/11\/0a0f67c9-84ae-4a1d-b70b-a71c66c43d15-600x400.jpg 600w\" sizes=\"auto, (max-width: 1018px) 100vw, 1018px\" \/><\/figure>\n\n\n\n<p class=\"wp-block-paragraph\">En beneficio de las y los estudiantes universitarios, en Etchojoa el gobernador Durazo Monta\u00f1o entreg\u00f3 695 becas que representan 6 millones 352 mil 500 pesos, adem\u00e1s de tarjetas SIM de celular al mismo n\u00famero de beneficiarios las cuales contienen llamadas y mensajes de texto sin l\u00edmite, redes sociales nacionales ilimitadas y 7 Gb mensuales para navegar en internet sin costo.<\/p>\n\n\n\n<p class=\"wp-block-paragraph\">\u201cTengo un gran inter\u00e9s en las y los j\u00f3venes sonorenses, un gran inter\u00e9s, porque quiero que las cosas cambien en el estado, y la \u00fanica manera de que cambien es entregando el futuro de la conducci\u00f3n de la entidad a las y los j\u00f3venes sonorenses, no vamos a cambiar con la gente del pasado, solamente con ustedes, pero necesitamos la garant\u00eda de que aquellas&nbsp; y aquellos j\u00f3venes a los que les vamos a entregar&nbsp; la conducci\u00f3n del estado est\u00e1n preparados, y por eso el programa&nbsp; de becas\u201d, indic\u00f3.<\/p>\n\n\n\n<figure class=\"wp-block-image size-large\"><img loading=\"lazy\" decoding=\"async\" width=\"1024\" height=\"682\" src=\"https:\/\/elpajaritonews.com\/wp-content\/uploads\/2024\/11\/737fc222-8cbb-43a8-a91f-236b85da633f-1-1024x682.jpg\" alt=\"\" class=\"wp-image-63059\" srcset=\"https:\/\/elpajaritonews.com\/wp-content\/uploads\/2024\/11\/737fc222-8cbb-43a8-a91f-236b85da633f-1-1024x682.jpg 1024w, https:\/\/elpajaritonews.com\/wp-content\/uploads\/2024\/11\/737fc222-8cbb-43a8-a91f-236b85da633f-1-300x200.jpg 300w, https:\/\/elpajaritonews.com\/wp-content\/uploads\/2024\/11\/737fc222-8cbb-43a8-a91f-236b85da633f-1-768x511.jpg 768w, https:\/\/elpajaritonews.com\/wp-content\/uploads\/2024\/11\/737fc222-8cbb-43a8-a91f-236b85da633f-1-600x400.jpg 600w, https:\/\/elpajaritonews.com\/wp-content\/uploads\/2024\/11\/737fc222-8cbb-43a8-a91f-236b85da633f-1.jpg 1280w\" sizes=\"auto, (max-width: 1024px) 100vw, 1024px\" \/><\/figure>\n\n\n\n<p class=\"wp-block-paragraph\">Adem\u00e1s, como parte programa Habitaci\u00f3n Propia, entreg\u00f3 124 cuartos dormitorios y acciones de vivienda para familias de la regi\u00f3n, con lo cual se contribuye a mejorar las condiciones de bienestar de las familias en condici\u00f3n vulnerable.<\/p>\n\n\n\n<figure class=\"wp-block-image size-large\"><img loading=\"lazy\" decoding=\"async\" width=\"1024\" height=\"740\" src=\"https:\/\/elpajaritonews.com\/wp-content\/uploads\/2024\/11\/23f123c2-1463-42bb-8ec8-3cbe31c300b0-1024x740.jpg\" alt=\"\" class=\"wp-image-63060\" srcset=\"https:\/\/elpajaritonews.com\/wp-content\/uploads\/2024\/11\/23f123c2-1463-42bb-8ec8-3cbe31c300b0-1024x740.jpg 1024w, https:\/\/elpajaritonews.com\/wp-content\/uploads\/2024\/11\/23f123c2-1463-42bb-8ec8-3cbe31c300b0-300x217.jpg 300w, https:\/\/elpajaritonews.com\/wp-content\/uploads\/2024\/11\/23f123c2-1463-42bb-8ec8-3cbe31c300b0-768x555.jpg 768w, https:\/\/elpajaritonews.com\/wp-content\/uploads\/2024\/11\/23f123c2-1463-42bb-8ec8-3cbe31c300b0-1536x1110.jpg 1536w, https:\/\/elpajaritonews.com\/wp-content\/uploads\/2024\/11\/23f123c2-1463-42bb-8ec8-3cbe31c300b0.jpg 1600w\" sizes=\"auto, (max-width: 1024px) 100vw, 1024px\" \/><\/figure>\n\n\n\n<p class=\"wp-block-paragraph\">Adicional a las acciones de mejora para la regi\u00f3n del Mayo, el gobernador encabez\u00f3 la inauguraci\u00f3n del edificio con sala de oralidad para el Primer Tribunal Laboral del Distrito Judicial de Navojoa y particip\u00f3 en la Asamblea General Ordinaria 2024 de la Asociaci\u00f3n de Organismos de Agricultores del Sur de Sonora A.C., donde se comprometi\u00f3 a seguir trabajando conjuntamente con los productores de la regi\u00f3n en favor de la actividad agr\u00edcola y su \u00f3ptimo desarrollo.<\/p>\n","protected":false},"excerpt":{"rendered":"<p>Con acciones que garantizan una mejora en la calidad de vida de las familias del sur de Sonora, como la entrega de escrituras para viviendas, rehabilitaci\u00f3n de vialidades y becas a estudiantes, el gobernador Alfonso Durazo refrend\u00f3 el compromiso de su administraci\u00f3n para llevar bienestar a las comunidades de la regi\u00f3n del Mayo. En una&#8230;<\/p>\n","protected":false},"author":2,"featured_media":63055,"comment_status":"closed","ping_status":"closed","sticky":false,"template":"","format":"standard","meta":{"_crdt_document":"","_exactmetrics_skip_tracking":false,"_exactmetrics_sitenote_active":false,"_exactmetrics_sitenote_note":"","_exactmetrics_sitenote_category":0,"footnotes":""},"categories":[36,33,31,27,69],"tags":[71,72,30],"class_list":["post-63054","post","type-post","status-publish","format-standard","has-post-thumbnail","hentry","category-economia","category-educacion","category-politica","category-sonora","category-ultimas-noticias","tag-alfonso-durazo","tag-claudia-sheinbaum","tag-sonora-tierra-de-oportunidades"],"_links":{"self":[{"href":"https:\/\/elpajaritonews.com\/index.php?rest_route=\/wp\/v2\/posts\/63054","targetHints":{"allow":["GET"]}}],"collection":[{"href":"https:\/\/elpajaritonews.com\/index.php?rest_route=\/wp\/v2\/posts"}],"about":[{"href":"https:\/\/elpajaritonews.com\/index.php?rest_route=\/wp\/v2\/types\/post"}],"author":[{"embeddable":true,"href":"https:\/\/elpajaritonews.com\/index.php?rest_route=\/wp\/v2\/users\/2"}],"replies":[{"embeddable":true,"href":"https:\/\/elpajaritonews.com\/index.php?rest_route=%2Fwp%2Fv2%2Fcomments&post=63054"}],"version-history":[{"count":1,"href":"https:\/\/elpajaritonews.com\/index.php?rest_route=\/wp\/v2\/posts\/63054\/revisions"}],"predecessor-version":[{"id":63061,"href":"https:\/\/elpajaritonews.com\/index.php?rest_route=\/wp\/v2\/posts\/63054\/revisions\/63061"}],"wp:featuredmedia":[{"embeddable":true,"href":"https:\/\/elpajaritonews.com\/index.php?rest_route=\/wp\/v2\/media\/63055"}],"wp:attachment":[{"href":"https:\/\/elpajaritonews.com\/index.php?rest_route=%2Fwp%2Fv2%2Fmedia&parent=63054"}],"wp:term":[{"taxonomy":"category","embeddable":true,"href":"https:\/\/elpajaritonews.com\/index.php?rest_route=%2Fwp%2Fv2%2Fcategories&post=63054"},{"taxonomy":"post_tag","embeddable":true,"href":"https:\/\/elpajaritonews.com\/index.php?rest_route=%2Fwp%2Fv2%2Ftags&post=63054"}],"curies":[{"name":"wp","href":"https:\/\/api.w.org\/{rel}","templated":true}]}}