{"id":63062,"date":"2024-11-21T19:38:29","date_gmt":"2024-11-22T02:38:29","guid":{"rendered":"https:\/\/elpajaritonews.com\/?p=63062"},"modified":"2024-11-21T19:38:30","modified_gmt":"2024-11-22T02:38:30","slug":"urgente-llamado-a-la-dignificacion-laboral-de-los-guardias-de-seguridad-en-sonora-diputado-oscar-ortiz-arvayo","status":"publish","type":"post","link":"https:\/\/elpajaritonews.com\/?p=63062","title":{"rendered":"URGENTE LLAMADO A LA DIGNIFICACI\u00d3N LABORAL DE LOS GUARDIAS DE SEGURIDAD EN SONORA: DIPUTADO OSCAR ORTIZ ARVAYO"},"content":{"rendered":"\n<p class=\"wp-block-paragraph\">Desde la tribuna del Congreso del Estado, el diputado Oscar Ortiz Arvayo alz\u00f3 la voz en defensa de los m\u00e1s de 28 mil guardias de seguridad privada que enfrentan condiciones laborales inaceptables en Sonora.<\/p>\n\n\n\n<p class=\"wp-block-paragraph\">\u201cEs inhumano que, en pleno siglo 21, hombres y mujeres sean sometidos a jornadas de 12, 14 o incluso 24 horas, sin recibir un pago justo, prestaciones b\u00e1sicas, ni seguridad social. Muchas veces trabajan en condiciones que rozan el abuso, incluso en instituciones p\u00fablicas,\u201d denunci\u00f3 el legislador.<\/p>\n\n\n\n<p class=\"wp-block-paragraph\">Ortiz Arvayo se\u00f1al\u00f3 que la sociedad ha normalizado estas pr\u00e1cticas laborales indignas y exhort\u00f3 a reflexionar: \u201cSi somos capaces de generar leyes para proteger a los animales, \u00bfc\u00f3mo permitimos que seres humanos vivan y trabajen en estas condiciones?\u201d cuestion\u00f3.<\/p>\n\n\n\n<p class=\"wp-block-paragraph\">El diputado hizo un en\u00e9rgico llamado a las secretar\u00edas de Seguridad, del Trabajo y de Gobierno, as\u00ed como al Consejo T\u00e9cnico responsable de regular al sector, el cual ha dejado de operar, dejando en la indefensi\u00f3n a miles de trabajadores.<\/p>\n\n\n\n<p class=\"wp-block-paragraph\">Desde la Comisi\u00f3n de Asuntos del Trabajo que preside, anunci\u00f3 que presentar\u00e1 un exhorto formal para atender esta problem\u00e1tica con la urgencia y el compromiso que merece. \u201cEs nuestra responsabilidad garantizar que los derechos laborales no sean letra muerta. Este tema no puede esperar,\u201d subray\u00f3.<\/p>\n\n\n\n<p class=\"wp-block-paragraph\">Ortiz Arvayo, quien tambi\u00e9n es dirigente sindical, apel\u00f3 a la solidaridad ciudadana e inst\u00f3 a denunciar abusos y apoyar a estos trabajadores en medida de lo posible: \u201cNo podemos heredar a las nuevas generaciones un pa\u00eds donde los derechos humanos y laborales se sigan mendigando. Un M\u00e9xico justo es aquel donde se respeta la dignidad de cada trabajador,\u201d afirm\u00f3.<\/p>\n\n\n\n<p class=\"wp-block-paragraph\">El legislador a\u00f1adi\u00f3 que, con este posicionamiento, se busca no solo visibilizar una problem\u00e1tica alarmante, sino tambi\u00e9n promover el compromiso empresarial y gubernamental para transformar la realidad de los guardias de seguridad.<\/p>\n\n\n\n<p class=\"wp-block-paragraph\">\u201cEs por nosotros, por nuestros hijos, por ese M\u00e9xico que todos queremos. Un M\u00e9xico donde se respete a los seres humanos, donde se respeten los derechos ya establecidos\u201d concluy\u00f3.<\/p>\n","protected":false},"excerpt":{"rendered":"<p>Desde la tribuna del Congreso del Estado, el diputado Oscar Ortiz Arvayo alz\u00f3 la voz en defensa de los m\u00e1s de 28 mil guardias de seguridad privada que enfrentan condiciones laborales inaceptables en Sonora. \u201cEs inhumano que, en pleno siglo 21, hombres y mujeres sean sometidos a jornadas de 12, 14 o incluso 24 horas,&#8230;<\/p>\n","protected":false},"author":2,"featured_media":63063,"comment_status":"closed","ping_status":"closed","sticky":false,"template":"","format":"standard","meta":{"_crdt_document":"","_exactmetrics_skip_tracking":false,"_exactmetrics_sitenote_active":false,"_exactmetrics_sitenote_note":"","_exactmetrics_sitenote_category":0,"footnotes":""},"categories":[20,36,88,26,31,1,27,69],"tags":[73,75],"class_list":["post-63062","post","type-post","status-publish","format-standard","has-post-thumbnail","hentry","category-congreso","category-economia","category-justicia","category-local","category-politica","category-seguridad","category-sonora","category-ultimas-noticias","tag-congreso-del-estado-de-sonora","tag-seguridad-publica"],"_links":{"self":[{"href":"https:\/\/elpajaritonews.com\/index.php?rest_route=\/wp\/v2\/posts\/63062","targetHints":{"allow":["GET"]}}],"collection":[{"href":"https:\/\/elpajaritonews.com\/index.php?rest_route=\/wp\/v2\/posts"}],"about":[{"href":"https:\/\/elpajaritonews.com\/index.php?rest_route=\/wp\/v2\/types\/post"}],"author":[{"embeddable":true,"href":"https:\/\/elpajaritonews.com\/index.php?rest_route=\/wp\/v2\/users\/2"}],"replies":[{"embeddable":true,"href":"https:\/\/elpajaritonews.com\/index.php?rest_route=%2Fwp%2Fv2%2Fcomments&post=63062"}],"version-history":[{"count":1,"href":"https:\/\/elpajaritonews.com\/index.php?rest_route=\/wp\/v2\/posts\/63062\/revisions"}],"predecessor-version":[{"id":63064,"href":"https:\/\/elpajaritonews.com\/index.php?rest_route=\/wp\/v2\/posts\/63062\/revisions\/63064"}],"wp:featuredmedia":[{"embeddable":true,"href":"https:\/\/elpajaritonews.com\/index.php?rest_route=\/wp\/v2\/media\/63063"}],"wp:attachment":[{"href":"https:\/\/elpajaritonews.com\/index.php?rest_route=%2Fwp%2Fv2%2Fmedia&parent=63062"}],"wp:term":[{"taxonomy":"category","embeddable":true,"href":"https:\/\/elpajaritonews.com\/index.php?rest_route=%2Fwp%2Fv2%2Fcategories&post=63062"},{"taxonomy":"post_tag","embeddable":true,"href":"https:\/\/elpajaritonews.com\/index.php?rest_route=%2Fwp%2Fv2%2Ftags&post=63062"}],"curies":[{"name":"wp","href":"https:\/\/api.w.org\/{rel}","templated":true}]}}