{"id":63081,"date":"2024-11-23T18:38:48","date_gmt":"2024-11-24T01:38:48","guid":{"rendered":"https:\/\/elpajaritonews.com\/?p=63081"},"modified":"2024-11-23T18:38:49","modified_gmt":"2024-11-24T01:38:49","slug":"lidera-gobernador-durazo-implementacion-de-sistema-de-salud-universal-en-sonora","status":"publish","type":"post","link":"https:\/\/elpajaritonews.com\/?p=63081","title":{"rendered":"LIDERA GOBERNADOR DURAZO IMPLEMENTACI\u00d3N DE SISTEMA DE SALUD UNIVERSAL EN SONORA"},"content":{"rendered":"\n<p class=\"wp-block-paragraph\">El mandatario estatal presidi\u00f3 la Segunda Sesi\u00f3n Ordinaria del Comando Estatal Interinstitucional del Sector Salud<\/p>\n\n\n\n<p class=\"wp-block-paragraph\">Los programas sociales son la vertiente que distingue de manera particular a los gobiernos de la Cuarta Transformaci\u00f3n, respaldados por la actual administraci\u00f3n de la presidenta Claudia Sheinbaum, asever\u00f3 el gobernador Alfonso Durazo Monta\u00f1o al encabezar la Segunda Sesi\u00f3n Ordinaria del Comando Estatal Interinstitucional del Sector Salud en Sonora.<\/p>\n\n\n\n<figure class=\"wp-block-image size-large\"><img loading=\"lazy\" decoding=\"async\" width=\"1024\" height=\"682\" src=\"https:\/\/elpajaritonews.com\/wp-content\/uploads\/2024\/11\/5165de1c-4b37-4395-a368-018fb76e129b-1024x682.jpg\" alt=\"\" class=\"wp-image-63083\" srcset=\"https:\/\/elpajaritonews.com\/wp-content\/uploads\/2024\/11\/5165de1c-4b37-4395-a368-018fb76e129b-1024x682.jpg 1024w, https:\/\/elpajaritonews.com\/wp-content\/uploads\/2024\/11\/5165de1c-4b37-4395-a368-018fb76e129b-300x200.jpg 300w, https:\/\/elpajaritonews.com\/wp-content\/uploads\/2024\/11\/5165de1c-4b37-4395-a368-018fb76e129b-768x512.jpg 768w, https:\/\/elpajaritonews.com\/wp-content\/uploads\/2024\/11\/5165de1c-4b37-4395-a368-018fb76e129b-1536x1023.jpg 1536w, https:\/\/elpajaritonews.com\/wp-content\/uploads\/2024\/11\/5165de1c-4b37-4395-a368-018fb76e129b-600x400.jpg 600w, https:\/\/elpajaritonews.com\/wp-content\/uploads\/2024\/11\/5165de1c-4b37-4395-a368-018fb76e129b.jpg 1600w\" sizes=\"auto, (max-width: 1024px) 100vw, 1024px\" \/><\/figure>\n\n\n\n<p class=\"wp-block-paragraph\">En la reuni\u00f3n de trabajo, en la que se revisaron las acciones en materia de salud realizadas en los \u00faltimos meses, el jefe del Ejecutivo estatal reconoci\u00f3 el desempe\u00f1o del personal de las instituciones m\u00e9dicas, como la Secretar\u00eda de Salud (SSA), el Instituto Mexicano del Seguro Social (IMSS) y el Instituto de Seguridad y Servicios Sociales de los Trabajadores del Estado de Sonora (Isssteson).<\/p>\n\n\n\n<p class=\"wp-block-paragraph\">\u201cCreo que el tema de la salud es una de las vertientes donde es m\u00e1s f\u00e1cil explicar ahora en qu\u00e9 consiste el segundo piso de la Cuarta Transformaci\u00f3n, que impulsa la doctora Claudia Sheinbaum; significa consolidar, continuar lo avanzado y ampliarlo\u201d, subray\u00f3.<\/p>\n\n\n\n<p class=\"wp-block-paragraph\">El gobernador Durazo record\u00f3 que el gobierno de Andr\u00e9s Manuel L\u00f3pez Obrador aport\u00f3 avances extraordinarios al desarrollo del pa\u00eds, entre los que destac\u00f3 la modificaci\u00f3n del art\u00edculo 4\u00b0 de la Constituci\u00f3n Pol\u00edtica de los Estados Unidos Mexicanos, el cual establece que toda persona tiene derecho a la protecci\u00f3n de su salud f\u00edsica y mental.<\/p>\n\n\n\n<p class=\"wp-block-paragraph\">Durante las reuniones de comando se identifican las \u00e1reas de oportunidad en los diferentes campos, tanto en la atenci\u00f3n m\u00e9dica como en la salud comunitaria o colectiva, desde un enfoque intersectorial y multidisciplinario. Como parte de las acciones, se realizan capacitaciones al personal de salud y se llevan a cabo supervisiones en los diferentes hospitales del estado, con el objetivo de revisar la calidad de los servicios que se ofrecen a los derechohabientes.<\/p>\n\n\n\n<p class=\"wp-block-paragraph\">En esta sesi\u00f3n de seguimiento participaron Jos\u00e9 Luis Alom\u00eda, secretario de Salud de Sonora; Ramiro L\u00f3pez Elizalde, subsecretario de Prevenci\u00f3n y Promoci\u00f3n de la Salud; as\u00ed como Oliva L\u00f3pez Arellano, consultora en Sistemas y Servicios de Salud de la Organizaci\u00f3n Panamericana de la Salud en M\u00e9xico.<\/p>\n","protected":false},"excerpt":{"rendered":"<p>El mandatario estatal presidi\u00f3 la Segunda Sesi\u00f3n Ordinaria del Comando Estatal Interinstitucional del Sector Salud Los programas sociales son la vertiente que distingue de manera particular a los gobiernos de la Cuarta Transformaci\u00f3n, respaldados por la actual administraci\u00f3n de la presidenta Claudia Sheinbaum, asever\u00f3 el gobernador Alfonso Durazo Monta\u00f1o al encabezar la Segunda Sesi\u00f3n Ordinaria&#8230;<\/p>\n","protected":false},"author":2,"featured_media":63082,"comment_status":"closed","ping_status":"closed","sticky":false,"template":"","format":"standard","meta":{"_crdt_document":"","_exactmetrics_skip_tracking":false,"_exactmetrics_sitenote_active":false,"_exactmetrics_sitenote_note":"","_exactmetrics_sitenote_category":0,"footnotes":""},"categories":[31,32,27,69],"tags":[71,30],"class_list":["post-63081","post","type-post","status-publish","format-standard","has-post-thumbnail","hentry","category-politica","category-salud","category-sonora","category-ultimas-noticias","tag-alfonso-durazo","tag-sonora-tierra-de-oportunidades"],"_links":{"self":[{"href":"https:\/\/elpajaritonews.com\/index.php?rest_route=\/wp\/v2\/posts\/63081","targetHints":{"allow":["GET"]}}],"collection":[{"href":"https:\/\/elpajaritonews.com\/index.php?rest_route=\/wp\/v2\/posts"}],"about":[{"href":"https:\/\/elpajaritonews.com\/index.php?rest_route=\/wp\/v2\/types\/post"}],"author":[{"embeddable":true,"href":"https:\/\/elpajaritonews.com\/index.php?rest_route=\/wp\/v2\/users\/2"}],"replies":[{"embeddable":true,"href":"https:\/\/elpajaritonews.com\/index.php?rest_route=%2Fwp%2Fv2%2Fcomments&post=63081"}],"version-history":[{"count":1,"href":"https:\/\/elpajaritonews.com\/index.php?rest_route=\/wp\/v2\/posts\/63081\/revisions"}],"predecessor-version":[{"id":63084,"href":"https:\/\/elpajaritonews.com\/index.php?rest_route=\/wp\/v2\/posts\/63081\/revisions\/63084"}],"wp:featuredmedia":[{"embeddable":true,"href":"https:\/\/elpajaritonews.com\/index.php?rest_route=\/wp\/v2\/media\/63082"}],"wp:attachment":[{"href":"https:\/\/elpajaritonews.com\/index.php?rest_route=%2Fwp%2Fv2%2Fmedia&parent=63081"}],"wp:term":[{"taxonomy":"category","embeddable":true,"href":"https:\/\/elpajaritonews.com\/index.php?rest_route=%2Fwp%2Fv2%2Fcategories&post=63081"},{"taxonomy":"post_tag","embeddable":true,"href":"https:\/\/elpajaritonews.com\/index.php?rest_route=%2Fwp%2Fv2%2Ftags&post=63081"}],"curies":[{"name":"wp","href":"https:\/\/api.w.org\/{rel}","templated":true}]}}