{"id":63093,"date":"2024-11-23T23:52:15","date_gmt":"2024-11-24T06:52:15","guid":{"rendered":"https:\/\/elpajaritonews.com\/?p=63093"},"modified":"2024-11-23T23:52:18","modified_gmt":"2024-11-24T06:52:18","slug":"fiscalia-de-sonora-informa-detencion-de-jonathan-n-y-otra-persona-por-secuestro-agravado-y-otro-ilicito","status":"publish","type":"post","link":"https:\/\/elpajaritonews.com\/?p=63093","title":{"rendered":"FISCAL\u00cdA DE SONORA INFORMA DETENCI\u00d3N DE JONATHAN \u201cN\u201d Y OTRA PERSONA POR SECUESTRO AGRAVADO Y OTRO IL\u00cdCITO"},"content":{"rendered":"\n<p class=\"wp-block-paragraph\">Tras diversas diligencias realizadas por el Ministerio P\u00fablico y la Agencia Ministerial de Investigaci\u00f3n Criminal, se obtuvieron \u00f3rdenes de aprehensi\u00f3n, ambas ejecutadas con \u00e9xito.<\/p>\n\n\n\n<p class=\"wp-block-paragraph\">Jonathan \u201cN.\u201d y una segunda persona de inter\u00e9s fueron arrestados por los delitos de secuestro agravado y otro il\u00edcito, informa la Fiscal\u00eda General de Justicia del Estado (FGJE).<\/p>\n\n\n\n<p class=\"wp-block-paragraph\">De acuerdo con la informaci\u00f3n que gir\u00f3 la Fiscal\u00eda, se\u00f1ala que tras diversas diligencias realizadas por el Ministerio P\u00fablico y la Agencia Ministerial de Investigaci\u00f3n Criminal, se obtuvieron \u00f3rdenes de aprehensi\u00f3n, ambas ejecutadas con \u00e9xito.<\/p>\n\n\n\n<p class=\"wp-block-paragraph\">Los imputados ya fueron puestos a disposici\u00f3n de la autoridad judicial.<\/p>\n\n\n\n<p class=\"wp-block-paragraph\">En estricto respeto a los principios de presunci\u00f3n de inocencia y debido proceso, la FGJE se\u00f1ala que brindar\u00e1 detalles adicionales una vez que se haya formulado imputaci\u00f3n en audiencia inicial ante el Juez de Control.<\/p>\n\n\n\n<p class=\"wp-block-paragraph\">Jonathan, de 16 a\u00f1os de edad, y su amigo Irving Gael de la misma edad, desaparecieron el pasado 19 de noviembre por noche.<\/p>\n\n\n\n<p class=\"wp-block-paragraph\">Ese d\u00eda fueron a un Oxxo a comprar pilas para el dispensador de insulina de Irving y desde entonces no se supo de ellos, hasta el pasado mi\u00e9rcoles cuando Irving fue localizado en Villa Bonita, por la noche.<\/p>\n\n\n\n<p class=\"wp-block-paragraph\">Ayer se revel\u00f3 que Jonathan fue localizado sano y salvo, luego de una jornada de protestas que realiz\u00f3 su familia, primero en el bulevar Rosales y luego con una marcha pac\u00edfica del Faro hasta el Congreso.<\/p>\n","protected":false},"excerpt":{"rendered":"<p>Tras diversas diligencias realizadas por el Ministerio P\u00fablico y la Agencia Ministerial de Investigaci\u00f3n Criminal, se obtuvieron \u00f3rdenes de aprehensi\u00f3n, ambas ejecutadas con \u00e9xito. Jonathan \u201cN.\u201d y una segunda persona de inter\u00e9s fueron arrestados por los delitos de secuestro agravado y otro il\u00edcito, informa la Fiscal\u00eda General de Justicia del Estado (FGJE). De acuerdo con&#8230;<\/p>\n","protected":false},"author":2,"featured_media":63094,"comment_status":"closed","ping_status":"closed","sticky":false,"template":"","format":"standard","meta":{"_crdt_document":"","_exactmetrics_skip_tracking":false,"_exactmetrics_sitenote_active":false,"_exactmetrics_sitenote_note":"","_exactmetrics_sitenote_category":0,"footnotes":""},"categories":[88,26,1,27,69],"tags":[72,74],"class_list":["post-63093","post","type-post","status-publish","format-standard","has-post-thumbnail","hentry","category-justicia","category-local","category-seguridad","category-sonora","category-ultimas-noticias","tag-claudia-sheinbaum","tag-hermosillo"],"_links":{"self":[{"href":"https:\/\/elpajaritonews.com\/index.php?rest_route=\/wp\/v2\/posts\/63093","targetHints":{"allow":["GET"]}}],"collection":[{"href":"https:\/\/elpajaritonews.com\/index.php?rest_route=\/wp\/v2\/posts"}],"about":[{"href":"https:\/\/elpajaritonews.com\/index.php?rest_route=\/wp\/v2\/types\/post"}],"author":[{"embeddable":true,"href":"https:\/\/elpajaritonews.com\/index.php?rest_route=\/wp\/v2\/users\/2"}],"replies":[{"embeddable":true,"href":"https:\/\/elpajaritonews.com\/index.php?rest_route=%2Fwp%2Fv2%2Fcomments&post=63093"}],"version-history":[{"count":1,"href":"https:\/\/elpajaritonews.com\/index.php?rest_route=\/wp\/v2\/posts\/63093\/revisions"}],"predecessor-version":[{"id":63095,"href":"https:\/\/elpajaritonews.com\/index.php?rest_route=\/wp\/v2\/posts\/63093\/revisions\/63095"}],"wp:featuredmedia":[{"embeddable":true,"href":"https:\/\/elpajaritonews.com\/index.php?rest_route=\/wp\/v2\/media\/63094"}],"wp:attachment":[{"href":"https:\/\/elpajaritonews.com\/index.php?rest_route=%2Fwp%2Fv2%2Fmedia&parent=63093"}],"wp:term":[{"taxonomy":"category","embeddable":true,"href":"https:\/\/elpajaritonews.com\/index.php?rest_route=%2Fwp%2Fv2%2Fcategories&post=63093"},{"taxonomy":"post_tag","embeddable":true,"href":"https:\/\/elpajaritonews.com\/index.php?rest_route=%2Fwp%2Fv2%2Ftags&post=63093"}],"curies":[{"name":"wp","href":"https:\/\/api.w.org\/{rel}","templated":true}]}}