{"id":63126,"date":"2024-11-25T11:08:53","date_gmt":"2024-11-25T18:08:53","guid":{"rendered":"https:\/\/elpajaritonews.com\/?p=63126"},"modified":"2024-11-25T11:08:55","modified_gmt":"2024-11-25T18:08:55","slug":"fue-todo-un-exito-inscripcion-de-aspirantes-a-candidaturas-para-eleccion-de-cargos-en-el-poder-judicial-claudia-sheinbaum","status":"publish","type":"post","link":"https:\/\/elpajaritonews.com\/?p=63126","title":{"rendered":"FUE TODO UN \u00c9XITO INSCRIPCI\u00d3N DE ASPIRANTES A CANDIDATURAS PARA ELECCI\u00d3N DE CARGOS EN EL PODER JUDICIAL:  CLAUDIA SHEINBAUM"},"content":{"rendered":"\n<ul class=\"wp-block-list\">\n<li>Fueron 18 mil 447 personas las que se registraron en la convocatoria del Poder Ejecutivo a una candidatura para la elecci\u00f3n de cargos del Poder Judicial<\/li>\n<\/ul>\n\n\n\n<p class=\"wp-block-paragraph\">La Presidenta de M\u00e9xico, Claudia Sheinbaum Pardo calific\u00f3 como un \u00e9xito la convocatoria de aspirantes a una candidatura para la elecci\u00f3n de cargos del Poder Judicial que se realizar\u00e1 el pr\u00f3ximo 1 de julio de 2025.<\/p>\n\n\n\n<p class=\"wp-block-paragraph\">\u201cFue todo un \u00e9xito. Algo in\u00e9dito, hist\u00f3rico, la inscripci\u00f3n de personas para ser parte del Poder Judicial\u201d, celebr\u00f3 en la conferencia matutina: \u201cLas ma\u00f1aneras del pueblo\u201d.<\/p>\n\n\n\n<p class=\"wp-block-paragraph\">Al respecto, el coordinador general de Pol\u00edtica y Gobierno de la Presidencia de la Rep\u00fablica, Arturo Zald\u00edvar Lelo de Larrea, inform\u00f3 que fueron 18 mil 447 personas las que se registraron: 6 mil 101 mujeres, 10 mil 862 hombres y 106 personas no binarias.<\/p>\n\n\n\n<p class=\"wp-block-paragraph\">\u201cA nombre del Comit\u00e9 de Evaluaci\u00f3n del Poder Ejecutivo, agradecer a las 18 mil 447 personas que se registraron en el micrositio del Poder Ejecutivo para poder participar en la elecci\u00f3n de personas juzgadoras del pr\u00f3ximo a\u00f1o\u201d, coment\u00f3.<\/p>\n\n\n\n<figure class=\"wp-block-video\"><video height=\"480\" style=\"aspect-ratio: 848 \/ 480;\" width=\"848\" controls src=\"https:\/\/elpajaritonews.com\/wp-content\/uploads\/2024\/11\/WhatsApp-Video-2024-11-25-at-8.11.33-AM.mp4\"><\/video><\/figure>\n\n\n\n<p class=\"wp-block-paragraph\">Report\u00f3 que para el cargo de:<\/p>\n\n\n\n<ul class=\"wp-block-list\">\n<li>Ministra o ministro de la Suprema Corte de Justicia de la Naci\u00f3n (SCJN) se registraron 480 personas.<\/li>\n\n\n\n<li>Magistradas o magistrados del Tribunal de Disciplina Judicial (TDJ) se registraron 333 personas.<\/li>\n\n\n\n<li>Magistradas o magistrados de la Sala Superior del Tribunal Electoral del Poder Judicial de la Federaci\u00f3n (TEPJF) se registraron 77 personas.<\/li>\n\n\n\n<li>Magistradas o magistrados de Salas Regionales del TEPJF se registraron 388 personas.<\/li>\n\n\n\n<li>Magistradas o magistrados de Circuito se registraron 5 mil 192 personas<\/li>\n\n\n\n<li>Juezas y jueces de Distrito del Poder Judicial de la Federaci\u00f3n se registraron 10 mil 599 personas<\/li>\n<\/ul>\n\n\n\n<p class=\"wp-block-paragraph\">Adem\u00e1s de que se obtuvieron mil 378 registros con errores.<\/p>\n","protected":false},"excerpt":{"rendered":"<p>La Presidenta de M\u00e9xico, Claudia Sheinbaum Pardo calific\u00f3 como un \u00e9xito la convocatoria de aspirantes a una candidatura para la elecci\u00f3n de cargos del Poder Judicial que se realizar\u00e1 el pr\u00f3ximo 1 de julio de 2025. \u201cFue todo un \u00e9xito. Algo in\u00e9dito, hist\u00f3rico, la inscripci\u00f3n de personas para ser parte del Poder Judicial\u201d, celebr\u00f3 en&#8230;<\/p>\n","protected":false},"author":2,"featured_media":63127,"comment_status":"closed","ping_status":"closed","sticky":false,"template":"","format":"standard","meta":{"_crdt_document":"","_exactmetrics_skip_tracking":false,"_exactmetrics_sitenote_active":false,"_exactmetrics_sitenote_note":"","_exactmetrics_sitenote_category":0,"footnotes":""},"categories":[23,82,31,1,27,69],"tags":[71,72,75,30],"class_list":["post-63126","post","type-post","status-publish","format-standard","has-post-thumbnail","hentry","category-mexico","category-poder-judicial","category-politica","category-seguridad","category-sonora","category-ultimas-noticias","tag-alfonso-durazo","tag-claudia-sheinbaum","tag-seguridad-publica","tag-sonora-tierra-de-oportunidades"],"_links":{"self":[{"href":"https:\/\/elpajaritonews.com\/index.php?rest_route=\/wp\/v2\/posts\/63126","targetHints":{"allow":["GET"]}}],"collection":[{"href":"https:\/\/elpajaritonews.com\/index.php?rest_route=\/wp\/v2\/posts"}],"about":[{"href":"https:\/\/elpajaritonews.com\/index.php?rest_route=\/wp\/v2\/types\/post"}],"author":[{"embeddable":true,"href":"https:\/\/elpajaritonews.com\/index.php?rest_route=\/wp\/v2\/users\/2"}],"replies":[{"embeddable":true,"href":"https:\/\/elpajaritonews.com\/index.php?rest_route=%2Fwp%2Fv2%2Fcomments&post=63126"}],"version-history":[{"count":1,"href":"https:\/\/elpajaritonews.com\/index.php?rest_route=\/wp\/v2\/posts\/63126\/revisions"}],"predecessor-version":[{"id":63129,"href":"https:\/\/elpajaritonews.com\/index.php?rest_route=\/wp\/v2\/posts\/63126\/revisions\/63129"}],"wp:featuredmedia":[{"embeddable":true,"href":"https:\/\/elpajaritonews.com\/index.php?rest_route=\/wp\/v2\/media\/63127"}],"wp:attachment":[{"href":"https:\/\/elpajaritonews.com\/index.php?rest_route=%2Fwp%2Fv2%2Fmedia&parent=63126"}],"wp:term":[{"taxonomy":"category","embeddable":true,"href":"https:\/\/elpajaritonews.com\/index.php?rest_route=%2Fwp%2Fv2%2Fcategories&post=63126"},{"taxonomy":"post_tag","embeddable":true,"href":"https:\/\/elpajaritonews.com\/index.php?rest_route=%2Fwp%2Fv2%2Ftags&post=63126"}],"curies":[{"name":"wp","href":"https:\/\/api.w.org\/{rel}","templated":true}]}}