{"id":63130,"date":"2024-11-25T20:34:55","date_gmt":"2024-11-26T03:34:55","guid":{"rendered":"https:\/\/elpajaritonews.com\/?p=63130"},"modified":"2024-11-25T20:34:56","modified_gmt":"2024-11-26T03:34:56","slug":"garantizan-gobernador-durazo-y-presidenta-sheinbaum-suministro-de-agua-para-sonora","status":"publish","type":"post","link":"https:\/\/elpajaritonews.com\/?p=63130","title":{"rendered":"GARANTIZAN GOBERNADOR DURAZO Y PRESIDENTA SHEINBAUM SUMINISTRO DE AGUA PARA SONORA"},"content":{"rendered":"\n<p class=\"wp-block-paragraph\">Con la firma del Acuerdo Nacional por el Derecho Humano al Agua y la Sustentabilidad promovido por la presidenta Claudia Sheinbaum Pardo y asumido por gobernadores emanados de todos los partidos, empresarios, instituciones acad\u00e9micas y distritos de riego, se establecen acciones concretas para garantizar el suministro del vital l\u00edquido en beneficio de las y los sonorenses, asever\u00f3 el gobernador Alfonso Durazo Monta\u00f1o.<\/p>\n\n\n\n<figure class=\"wp-block-image size-large\"><img loading=\"lazy\" decoding=\"async\" width=\"1024\" height=\"682\" src=\"https:\/\/elpajaritonews.com\/wp-content\/uploads\/2024\/11\/ba8941c1-8669-49fb-a883-eba2bf72ed2a-1024x682.jpg\" alt=\"\" class=\"wp-image-63132\" srcset=\"https:\/\/elpajaritonews.com\/wp-content\/uploads\/2024\/11\/ba8941c1-8669-49fb-a883-eba2bf72ed2a-1024x682.jpg 1024w, https:\/\/elpajaritonews.com\/wp-content\/uploads\/2024\/11\/ba8941c1-8669-49fb-a883-eba2bf72ed2a-300x200.jpg 300w, https:\/\/elpajaritonews.com\/wp-content\/uploads\/2024\/11\/ba8941c1-8669-49fb-a883-eba2bf72ed2a-768x512.jpg 768w, https:\/\/elpajaritonews.com\/wp-content\/uploads\/2024\/11\/ba8941c1-8669-49fb-a883-eba2bf72ed2a-1536x1023.jpg 1536w, https:\/\/elpajaritonews.com\/wp-content\/uploads\/2024\/11\/ba8941c1-8669-49fb-a883-eba2bf72ed2a-600x400.jpg 600w, https:\/\/elpajaritonews.com\/wp-content\/uploads\/2024\/11\/ba8941c1-8669-49fb-a883-eba2bf72ed2a.jpg 1600w\" sizes=\"auto, (max-width: 1024px) 100vw, 1024px\" \/><\/figure>\n\n\n\n<p class=\"wp-block-paragraph\">El mandatario estatal explic\u00f3 que para la entidad se destinan recursos espec\u00edficos como la construcci\u00f3n de tres presas en Hermosillo, con una inversi\u00f3n de siete mil millones de pesos en tres a\u00f1os, as\u00ed como el fortalecimiento de sistemas de riego y una revoluci\u00f3n eficiente en el uso del agua.<\/p>\n\n\n\n<p class=\"wp-block-paragraph\">\u201cMuy buenas noticias para Sonora en este acuerdo, en este programa que hoy presenta la doctora Sheinbaum, particularmente la construcci\u00f3n de las presas arriba de las cuencas del R\u00edo Sonora y del R\u00edo San Miguel, que va a garantizar entre otras cosas, el abasto de agua para la ciudad de Hermosillo por los pr\u00f3ximos 40 o 50 a\u00f1os, continuar\u00e9 informando\u201d, indic\u00f3.<\/p>\n\n\n\n<figure class=\"wp-block-image size-large\"><img loading=\"lazy\" decoding=\"async\" width=\"1024\" height=\"682\" src=\"https:\/\/elpajaritonews.com\/wp-content\/uploads\/2024\/11\/be505f24-2421-48b2-b7d4-8ab6cea3bceb-1024x682.jpg\" alt=\"\" class=\"wp-image-63133\" srcset=\"https:\/\/elpajaritonews.com\/wp-content\/uploads\/2024\/11\/be505f24-2421-48b2-b7d4-8ab6cea3bceb-1024x682.jpg 1024w, https:\/\/elpajaritonews.com\/wp-content\/uploads\/2024\/11\/be505f24-2421-48b2-b7d4-8ab6cea3bceb-300x200.jpg 300w, https:\/\/elpajaritonews.com\/wp-content\/uploads\/2024\/11\/be505f24-2421-48b2-b7d4-8ab6cea3bceb-768x512.jpg 768w, https:\/\/elpajaritonews.com\/wp-content\/uploads\/2024\/11\/be505f24-2421-48b2-b7d4-8ab6cea3bceb-1536x1023.jpg 1536w, https:\/\/elpajaritonews.com\/wp-content\/uploads\/2024\/11\/be505f24-2421-48b2-b7d4-8ab6cea3bceb-600x400.jpg 600w, https:\/\/elpajaritonews.com\/wp-content\/uploads\/2024\/11\/be505f24-2421-48b2-b7d4-8ab6cea3bceb.jpg 1600w\" sizes=\"auto, (max-width: 1024px) 100vw, 1024px\" \/><\/figure>\n\n\n\n<p class=\"wp-block-paragraph\">El Plan H\u00eddrico Nacional, incluye como uno de los principales proyectos el Plan H\u00eddrico Sonora y est\u00e1 basado en los ejes de soberan\u00eda h\u00eddrica, adaptaci\u00f3n al cambio clim\u00e1tico, justicia en el acceso al agua y gesti\u00f3n transparente, adem\u00e1s de priorizar el recurso h\u00eddrico como un derecho humano y bien nacional.<\/p>\n\n\n\n<figure class=\"wp-block-image size-large\"><img loading=\"lazy\" decoding=\"async\" width=\"1024\" height=\"768\" src=\"https:\/\/elpajaritonews.com\/wp-content\/uploads\/2024\/11\/71da8e72-7b37-4f50-897b-ac22f259d609-1024x768.jpg\" alt=\"\" class=\"wp-image-63134\" srcset=\"https:\/\/elpajaritonews.com\/wp-content\/uploads\/2024\/11\/71da8e72-7b37-4f50-897b-ac22f259d609-1024x768.jpg 1024w, https:\/\/elpajaritonews.com\/wp-content\/uploads\/2024\/11\/71da8e72-7b37-4f50-897b-ac22f259d609-300x225.jpg 300w, https:\/\/elpajaritonews.com\/wp-content\/uploads\/2024\/11\/71da8e72-7b37-4f50-897b-ac22f259d609-768x576.jpg 768w, https:\/\/elpajaritonews.com\/wp-content\/uploads\/2024\/11\/71da8e72-7b37-4f50-897b-ac22f259d609.jpg 1043w\" sizes=\"auto, (max-width: 1024px) 100vw, 1024px\" \/><\/figure>\n\n\n\n<p class=\"wp-block-paragraph\">Con este plan se busca tambi\u00e9n el reordenamiento de concesiones y creaci\u00f3n del Registro Nacional de Agua para el Bienestar, el saneamiento de r\u00edos importantes, restauraci\u00f3n de humedales y reforestaci\u00f3n para recarga de acu\u00edferos, todo esto con la participaci\u00f3n de los tres niveles de gobierno y un programa de inspecci\u00f3n nacional.<\/p>\n\n\n\n<figure class=\"wp-block-embed is-type-video is-provider-youtube wp-block-embed-youtube wp-embed-aspect-16-9 wp-has-aspect-ratio\"><div class=\"wp-block-embed__wrapper\">\n<iframe loading=\"lazy\" title=\"Acuerdo Nacional por el Derecho Humano al Agua y la Sustentabilidad. Xochimilco, Ciudad de M\u00e9xico\" width=\"640\" height=\"360\" src=\"https:\/\/www.youtube.com\/embed\/TTPnS423ETo?feature=oembed\" frameborder=\"0\" allow=\"accelerometer; autoplay; clipboard-write; encrypted-media; gyroscope; picture-in-picture; web-share\" referrerpolicy=\"strict-origin-when-cross-origin\" allowfullscreen><\/iframe>\n<\/div><\/figure>\n","protected":false},"excerpt":{"rendered":"<p>Con la firma del Acuerdo Nacional por el Derecho Humano al Agua y la Sustentabilidad promovido por la presidenta Claudia Sheinbaum Pardo y asumido por gobernadores emanados de todos los partidos, empresarios, instituciones acad\u00e9micas y distritos de riego, se establecen acciones concretas para garantizar el suministro del vital l\u00edquido en beneficio de las y los&#8230;<\/p>\n","protected":false},"author":2,"featured_media":63131,"comment_status":"closed","ping_status":"closed","sticky":false,"template":"","format":"standard","meta":{"_crdt_document":"","_exactmetrics_skip_tracking":false,"_exactmetrics_sitenote_active":false,"_exactmetrics_sitenote_note":"","_exactmetrics_sitenote_category":0,"footnotes":""},"categories":[80,36,37,23,31,27,69],"tags":[],"class_list":["post-63130","post","type-post","status-publish","format-standard","has-post-thumbnail","hentry","category-derechos-humanos","category-economia","category-medio-ambiente","category-mexico","category-politica","category-sonora","category-ultimas-noticias"],"_links":{"self":[{"href":"https:\/\/elpajaritonews.com\/index.php?rest_route=\/wp\/v2\/posts\/63130","targetHints":{"allow":["GET"]}}],"collection":[{"href":"https:\/\/elpajaritonews.com\/index.php?rest_route=\/wp\/v2\/posts"}],"about":[{"href":"https:\/\/elpajaritonews.com\/index.php?rest_route=\/wp\/v2\/types\/post"}],"author":[{"embeddable":true,"href":"https:\/\/elpajaritonews.com\/index.php?rest_route=\/wp\/v2\/users\/2"}],"replies":[{"embeddable":true,"href":"https:\/\/elpajaritonews.com\/index.php?rest_route=%2Fwp%2Fv2%2Fcomments&post=63130"}],"version-history":[{"count":1,"href":"https:\/\/elpajaritonews.com\/index.php?rest_route=\/wp\/v2\/posts\/63130\/revisions"}],"predecessor-version":[{"id":63135,"href":"https:\/\/elpajaritonews.com\/index.php?rest_route=\/wp\/v2\/posts\/63130\/revisions\/63135"}],"wp:featuredmedia":[{"embeddable":true,"href":"https:\/\/elpajaritonews.com\/index.php?rest_route=\/wp\/v2\/media\/63131"}],"wp:attachment":[{"href":"https:\/\/elpajaritonews.com\/index.php?rest_route=%2Fwp%2Fv2%2Fmedia&parent=63130"}],"wp:term":[{"taxonomy":"category","embeddable":true,"href":"https:\/\/elpajaritonews.com\/index.php?rest_route=%2Fwp%2Fv2%2Fcategories&post=63130"},{"taxonomy":"post_tag","embeddable":true,"href":"https:\/\/elpajaritonews.com\/index.php?rest_route=%2Fwp%2Fv2%2Ftags&post=63130"}],"curies":[{"name":"wp","href":"https:\/\/api.w.org\/{rel}","templated":true}]}}