{"id":63136,"date":"2024-11-25T21:18:34","date_gmt":"2024-11-26T04:18:34","guid":{"rendered":"https:\/\/elpajaritonews.com\/?p=63136"},"modified":"2024-11-25T21:18:37","modified_gmt":"2024-11-26T04:18:37","slug":"claudia-sheinbaum-firma-acuerdo-por-el-derecho-humano-al-agua-y-la-sustentabilidad","status":"publish","type":"post","link":"https:\/\/elpajaritonews.com\/?p=63136","title":{"rendered":"CLAUDIA SHEINBAUM, FIRMA ACUERDO POR EL DERECHO HUMANO AL AGUA Y LA SUSTENTABILIDAD"},"content":{"rendered":"\n<p class=\"wp-block-paragraph\">\u2022 Nos une el reconocimiento del agua como un bien nacional, como un recurso natural, el agua no como una mercanc\u00eda, sino como un derecho, asever\u00f3 la Presidenta de M\u00e9xico<\/p>\n\n\n\n<ul class=\"wp-block-list\">\n<li>Con el Plan Integral para el Riego Agr\u00edcola para el Uso Eficiente del Agua en 2025 se invertir\u00e1n 9 mil millones de pesos en tecnificaci\u00f3n para hacer m\u00e1s eficiente el uso del agua en el riego<\/li>\n\n\n\n<li>Los distritos de riego se comprometen voluntariamente a la devoluci\u00f3n de 2 mil 800 millones metros c\u00fabicos de agua y el sector industrial a 126 millones de metros c\u00fabicos: Conagua<\/li>\n\n\n\n<li>Eduardo Tricio, presidente de Grupo Lala anunci\u00f3 la devoluci\u00f3n de concesiones en Cuatro Ci\u00e9negas, Coahuila una demanda hist\u00f3rica de ambientalistas y ejidatarios; adem\u00e1s se comprometi\u00f3 con la tecnificaci\u00f3n de riego<\/li>\n<\/ul>\n\n\n\n<figure class=\"wp-block-image size-large\"><img loading=\"lazy\" decoding=\"async\" width=\"1024\" height=\"683\" src=\"https:\/\/elpajaritonews.com\/wp-content\/uploads\/2024\/11\/13cde1b8-e824-4024-80f5-f6f13133b839-1024x683.jpg\" alt=\"\" class=\"wp-image-63138\" srcset=\"https:\/\/elpajaritonews.com\/wp-content\/uploads\/2024\/11\/13cde1b8-e824-4024-80f5-f6f13133b839-1024x683.jpg 1024w, https:\/\/elpajaritonews.com\/wp-content\/uploads\/2024\/11\/13cde1b8-e824-4024-80f5-f6f13133b839-300x200.jpg 300w, https:\/\/elpajaritonews.com\/wp-content\/uploads\/2024\/11\/13cde1b8-e824-4024-80f5-f6f13133b839-768x512.jpg 768w, https:\/\/elpajaritonews.com\/wp-content\/uploads\/2024\/11\/13cde1b8-e824-4024-80f5-f6f13133b839-1536x1024.jpg 1536w, https:\/\/elpajaritonews.com\/wp-content\/uploads\/2024\/11\/13cde1b8-e824-4024-80f5-f6f13133b839-600x400.jpg 600w, https:\/\/elpajaritonews.com\/wp-content\/uploads\/2024\/11\/13cde1b8-e824-4024-80f5-f6f13133b839.jpg 1600w\" sizes=\"auto, (max-width: 1024px) 100vw, 1024px\" \/><\/figure>\n\n\n\n<p class=\"wp-block-paragraph\">La Presidenta de M\u00e9xico, Claudia Sheinbaum Pardo, reuni\u00f3 a gobernadoras y gobernadores de todos los partidos pol\u00edticos, empresarias, empresarios, instituciones acad\u00e9micas y representantes de distritos de riego, para firmar el Acuerdo Nacional por el Derecho Humano al Agua y la Sustentabilidad, en el que se contempla la inversi\u00f3n de 9 mil millones de pesos (mdp) para la tecnificaci\u00f3n de riego en 2025; as\u00ed como acciones para garantizar el agua como un bien nacional y un derecho para todas y todos los mexicanos.<\/p>\n\n\n\n<figure class=\"wp-block-image size-large\"><img loading=\"lazy\" decoding=\"async\" width=\"1024\" height=\"683\" src=\"https:\/\/elpajaritonews.com\/wp-content\/uploads\/2024\/11\/426e6dc8-f6d4-4f6e-ab4d-0d0737cb81c0-1024x683.jpg\" alt=\"\" class=\"wp-image-63139\" srcset=\"https:\/\/elpajaritonews.com\/wp-content\/uploads\/2024\/11\/426e6dc8-f6d4-4f6e-ab4d-0d0737cb81c0-1024x683.jpg 1024w, https:\/\/elpajaritonews.com\/wp-content\/uploads\/2024\/11\/426e6dc8-f6d4-4f6e-ab4d-0d0737cb81c0-300x200.jpg 300w, https:\/\/elpajaritonews.com\/wp-content\/uploads\/2024\/11\/426e6dc8-f6d4-4f6e-ab4d-0d0737cb81c0-768x512.jpg 768w, https:\/\/elpajaritonews.com\/wp-content\/uploads\/2024\/11\/426e6dc8-f6d4-4f6e-ab4d-0d0737cb81c0-1536x1024.jpg 1536w, https:\/\/elpajaritonews.com\/wp-content\/uploads\/2024\/11\/426e6dc8-f6d4-4f6e-ab4d-0d0737cb81c0-600x400.jpg 600w, https:\/\/elpajaritonews.com\/wp-content\/uploads\/2024\/11\/426e6dc8-f6d4-4f6e-ab4d-0d0737cb81c0.jpg 1600w\" sizes=\"auto, (max-width: 1024px) 100vw, 1024px\" \/><\/figure>\n\n\n\n<p class=\"wp-block-paragraph\">\u201c\u00bfDe qu\u00e9 se trata este Acuerdo por el Derecho Humano al Agua y la Sustentabilidad? Son varios ejes. El primero, es el reconocimiento. \u00bfQu\u00e9 nos une? El reconocimiento del agua como un bien nacional, como un recurso natural; el agua no como una mercanc\u00eda, sino como un derecho, en donde nos debe permitir que cada mexicano y mexicana tenga acceso al agua potable de calidad, con suficiencia. Nos une que haya agua suficiente para la producci\u00f3n de alimentos, que haya agua suficiente para el desarrollo del pa\u00eds\u201d, explic\u00f3 en el evento que se realiz\u00f3 en el Parque Ecol\u00f3gico Xochimilco, en la Ciudad de M\u00e9xico.<\/p>\n\n\n\n<figure class=\"wp-block-image size-large\"><img loading=\"lazy\" decoding=\"async\" width=\"1024\" height=\"683\" src=\"https:\/\/elpajaritonews.com\/wp-content\/uploads\/2024\/11\/1b8a7c19-cb7d-45eb-87fb-6c83753b7a05-1024x683.jpg\" alt=\"\" class=\"wp-image-63140\" srcset=\"https:\/\/elpajaritonews.com\/wp-content\/uploads\/2024\/11\/1b8a7c19-cb7d-45eb-87fb-6c83753b7a05-1024x683.jpg 1024w, https:\/\/elpajaritonews.com\/wp-content\/uploads\/2024\/11\/1b8a7c19-cb7d-45eb-87fb-6c83753b7a05-300x200.jpg 300w, https:\/\/elpajaritonews.com\/wp-content\/uploads\/2024\/11\/1b8a7c19-cb7d-45eb-87fb-6c83753b7a05-768x512.jpg 768w, https:\/\/elpajaritonews.com\/wp-content\/uploads\/2024\/11\/1b8a7c19-cb7d-45eb-87fb-6c83753b7a05-1536x1024.jpg 1536w, https:\/\/elpajaritonews.com\/wp-content\/uploads\/2024\/11\/1b8a7c19-cb7d-45eb-87fb-6c83753b7a05-600x400.jpg 600w, https:\/\/elpajaritonews.com\/wp-content\/uploads\/2024\/11\/1b8a7c19-cb7d-45eb-87fb-6c83753b7a05.jpg 1600w\" sizes=\"auto, (max-width: 1024px) 100vw, 1024px\" \/><\/figure>\n\n\n\n<p class=\"wp-block-paragraph\">Detall\u00f3 que, este gran acuerdo, \u2014que forma parte del Plan Nacional H\u00eddrico 2024-2030, presentado el pasado 21 de noviembre\u2014, se contempla poner orden a las concesiones de agua potable; eficientar el uso del agua en el riego con la tecnificaci\u00f3n del campo; la colaboraci\u00f3n de empresarias y empresarios para cumplir con las normas de tratamiento de agua; as\u00ed como la elaboraci\u00f3n de un Plan Maestro por cada estado de la Rep\u00fablica y de un Plan de Obras Estrat\u00e9gicas en coordinaci\u00f3n con los gobiernos estatales que permitan atender las zonas con mayor estr\u00e9s h\u00eddrico, as\u00ed como el saneamiento de los r\u00edos Lerma-Santiago, Tula y Atoyac.<\/p>\n\n\n\n<p class=\"wp-block-paragraph\">\u201cEso solo podemos hacerlo juntos y juntas en un programa integral, en un Plan Nacional H\u00eddrico, que nos permita, no solamente estos seis a\u00f1os sino en el largo plazo, tener una visi\u00f3n para la sustentabilidad y el desarrollo equitativo de nuestro pa\u00eds\u201d, puntualiz\u00f3.<\/p>\n\n\n\n<figure class=\"wp-block-image size-large\"><img loading=\"lazy\" decoding=\"async\" width=\"1024\" height=\"683\" src=\"https:\/\/elpajaritonews.com\/wp-content\/uploads\/2024\/11\/0b123a70-8d72-425c-bbfa-e43729f2513b-1024x683.jpg\" alt=\"\" class=\"wp-image-63141\" srcset=\"https:\/\/elpajaritonews.com\/wp-content\/uploads\/2024\/11\/0b123a70-8d72-425c-bbfa-e43729f2513b-1024x683.jpg 1024w, https:\/\/elpajaritonews.com\/wp-content\/uploads\/2024\/11\/0b123a70-8d72-425c-bbfa-e43729f2513b-300x200.jpg 300w, https:\/\/elpajaritonews.com\/wp-content\/uploads\/2024\/11\/0b123a70-8d72-425c-bbfa-e43729f2513b-768x512.jpg 768w, https:\/\/elpajaritonews.com\/wp-content\/uploads\/2024\/11\/0b123a70-8d72-425c-bbfa-e43729f2513b-1536x1024.jpg 1536w, https:\/\/elpajaritonews.com\/wp-content\/uploads\/2024\/11\/0b123a70-8d72-425c-bbfa-e43729f2513b-600x400.jpg 600w, https:\/\/elpajaritonews.com\/wp-content\/uploads\/2024\/11\/0b123a70-8d72-425c-bbfa-e43729f2513b.jpg 1600w\" sizes=\"auto, (max-width: 1024px) 100vw, 1024px\" \/><\/figure>\n\n\n\n<p class=\"wp-block-paragraph\">En este contexto de colaboraci\u00f3n, anunci\u00f3 el Plan Integral para el Riego Agr\u00edcola para el Uso Eficiente del Agua, al que se le destinar\u00e1n en 2025, 9 mil mdp, y en el cual por primera vez se involucran de manera integral la Comisi\u00f3n Nacional del Agua (Conagua) del Gobierno de M\u00e9xico; as\u00ed como las y los peque\u00f1os, medianos y grandes agricultores para la tecnificaci\u00f3n del riego.<\/p>\n\n\n\n<p class=\"wp-block-paragraph\">\u201cPara que podamos mejorar el riego y al mismo tiempo, hacer m\u00e1s eficiente el campo y destinar el agua que no utilizan los distritos de riego para otros usos, particularmente, para el consumo humano\u201d, anunci\u00f3.<\/p>\n\n\n\n<p class=\"wp-block-paragraph\">Destac\u00f3 que la firma del Acuerdo Nacional por el Derecho Humano al Agua y la Sustentabilidad marca un d\u00eda hist\u00f3rico para el pa\u00eds, puesto que se trata de una alianza que garantizar\u00e1 la justicia para las futuras generaciones.<\/p>\n\n\n\n<p class=\"wp-block-paragraph\">\u201cY estamos convencidos, o ese es el objetivo, que al cierre del sexenio podamos entregar a la naturaleza, a las futuras generaciones, a nuestros hijos, a nuestros nietos, r\u00edos saneados y un Plan Nacional H\u00eddrico que le d\u00e9 un progreso con justicia a nuestro pa\u00eds\u201d, concluy\u00f3.<\/p>\n\n\n\n<p class=\"wp-block-paragraph\">El director general de la Comisi\u00f3n Nacional del Agua (CONAGUA), Efra\u00edn Morales L\u00f3pez, resalt\u00f3 que la firma de este acuerdo marca el comienzo del Plan Nacional H\u00eddrico, el cual cambiar\u00e1 el paradigma en el consumo y uso del agua.<\/p>\n\n\n\n<p class=\"wp-block-paragraph\">Detall\u00f3 que el Acuerdo Nacional por el Derecho Humano al Agua y la Sustentabilidad est\u00e1 conformado por 10 compromisos generales:<\/p>\n\n\n\n<ol class=\"wp-block-list\">\n<li>Garantizar el derecho humano al agua en cantidad y calidad suficiente.<\/li>\n\n\n\n<li>Eficientar el uso del agua en los procesos productivos de las actividades industriales, agr\u00edcolas y pecuarias.<\/li>\n\n\n\n<li>Garantizar que todos los niveles de gobierno se comprometan a invertir de manera conjunta en materia de infraestructura. Estos proyectos se financiar\u00e1n a trav\u00e9s de programas federalizados como: PRODEP, PROSANEAR y PROAGUA.<\/li>\n\n\n\n<li>Colaborar entre el sector p\u00fablico, privado y social para realizar acciones regionales para mejorar entornos locales en materia de agua.<\/li>\n\n\n\n<li>Realizar una gesti\u00f3n eficaz, ordenada y sustentable en materia de concesiones<\/li>\n\n\n\n<li>Impulsar un programa de digitalizaci\u00f3n y simplificaci\u00f3n de tr\u00e1mites para mayor transparencia y cero corrupci\u00f3n.<\/li>\n\n\n\n<li>Impulsar la innovaci\u00f3n tecnol\u00f3gica para el tratamiento, reuso y potabilizaci\u00f3n del agua.<\/li>\n\n\n\n<li>Llevar a cabo medidas de mitigaci\u00f3n frente al cambio clim\u00e1tico.<\/li>\n\n\n\n<li>Evitar la contaminaci\u00f3n de cuencas, r\u00edos y mares, y contribuir para su restauraci\u00f3n y saneamiento.<\/li>\n\n\n\n<li>Implementar una campa\u00f1a permanente para el ahorro y uso de agua<\/li>\n<\/ol>\n\n\n\n<p class=\"wp-block-paragraph\">Inform\u00f3 que este acuerdo ya ha generado sus primeros resultados, ya que las y los representantes de los distritos y unidades de riego se han comprometido a la devoluci\u00f3n voluntaria de 2 mil 800 millones de metros c\u00fabicos de agua, lo que equivale al consumo completo de la Ciudad de M\u00e9xico durante tres a\u00f1os.<\/p>\n\n\n\n<p class=\"wp-block-paragraph\">Asimismo, report\u00f3 que empresas del sector industrial tambi\u00e9n se han comprometido con la devoluci\u00f3n de 126 millones de metros c\u00fabicos de agua, as\u00ed como a una inversi\u00f3n de 21 mil millones de pesos para eficientar, tratar y reusar el agua en sus procesos productivos, as\u00ed como para obras de car\u00e1cter comunitario en diversas regiones del pa\u00eds.<\/p>\n\n\n\n<p class=\"wp-block-paragraph\">Destac\u00f3 tambi\u00e9n la colaboraci\u00f3n de entidades educativas como la Universidad Nacional Aut\u00f3noma de M\u00e9xico (UNAM); el Instituto Polit\u00e9cnico Nacional (IPN); la Universidad Aut\u00f3noma Metropolitana (UAM); el Tecnol\u00f3gico Nacional de M\u00e9xico (TecNM); los Centros P\u00fablicos de Investigaci\u00f3n; la Universidad \u201cRosario Castellanos\u201d; las universidades aut\u00f3nomas del pa\u00eds y universidades privadas, para poner a disposici\u00f3n, a trav\u00e9s de la Red Ecoes, resultados de investigaciones e innovaciones tecnol\u00f3gicas en materia de cambio clim\u00e1tico, as\u00ed como la gesti\u00f3n, tratamiento y re\u00faso de agua.<\/p>\n\n\n\n<p class=\"wp-block-paragraph\">\u201cEs solo el inicio del trabajo que vamos a seguir haciendo en todo el pa\u00eds para seguir sumando voluntades, seguir sumando conocimiento, seguir sumando recursos y vivencias que nos permitan seguir alimentando esta gran iniciativa\u201d, agreg\u00f3.<\/p>\n\n\n\n<p class=\"wp-block-paragraph\">El secretario de Agricultura y Desarrollo Rural, Julio Berdegu\u00e9 Sacrist\u00e1n precis\u00f3 que, por medio del acuerdo, 67 distritos de riego de distintas entidades del pa\u00eds se comprometen a devolver a la naci\u00f3n m\u00e1s de 2 mil 800 millones de metros c\u00fabicos de agua conforme avance el Plan de Tecnificaci\u00f3n, que contempla a 200 mil hect\u00e1reas, lo que es equivalente a cubrir las necesidades de consumo de agua por todo un a\u00f1o de m\u00e1s de 20 millones de mexicanos y mexicanas. Producto de la tecnificaci\u00f3n, explic\u00f3, aumentar\u00e1n su productividad en 50 por ciento, es decir 50 por ciento m\u00e1s alimentos para M\u00e9xico con lo que se satisface la demanda de alimentaci\u00f3n de 7 millones de personas durante todo un a\u00f1o.<\/p>\n\n\n\n<p class=\"wp-block-paragraph\">Por su parte, la secretaria de Medio Ambiente, Alicia B\u00e1rcena Ibarra manifest\u00f3 que con el saneamiento de los r\u00edos Lerma &#8211; Santiago, Tula y Atoyac tambi\u00e9n requiere la remediaci\u00f3n y protecci\u00f3n de los bosques, lo que implica la colaboraci\u00f3n de 12 estados y m\u00e1s de 100 municipios con los que ya se ha comenzado a trabajar.<\/p>\n\n\n\n<p class=\"wp-block-paragraph\">La gobernadora de Baja California, Marina del Pilar \u00c1vila Olmeda celebr\u00f3 esta iniciativa de la Presidenta de M\u00e9xico e inform\u00f3 que a nivel estatal tambi\u00e9n impulsan proyectos sustentables y junto al Gobierno de M\u00e9xico, rehabilitan una planta de tratamiento de San Antonio los Buenos y pr\u00f3ximamente, la Planta Desalinizadora de Rosarito, que ser\u00e1 sustentable.<\/p>\n\n\n\n<p class=\"wp-block-paragraph\">En representaci\u00f3n del sector empresarial, el presidente de Grupo Lala, Eduardo Tricio Haro, asever\u00f3 que el Acuerdo por el Derecho Humano al Agua y la Sustentabilidad es un compromiso con las generaciones futuras, por ello anunci\u00f3 las acciones concretas de la empresa que preside con las que se contribuir\u00e1 a esta alianza hist\u00f3rica:<\/p>\n\n\n\n<ol class=\"wp-block-list\">\n<li>Transmisi\u00f3n de agua para consumo humano de dos concesiones en Monterrey y una en Ciudad de M\u00e9xico.<\/li>\n\n\n\n<li>Inversi\u00f3n en tecnificaci\u00f3n del riego con tecnolog\u00edas de precisi\u00f3n para consolidar a la Comarca Lagunera como el distrito m\u00e1s eficiente del pa\u00eds.<\/li>\n\n\n\n<li>Transmisi\u00f3n definitiva para la reserva ambiental de Cuatro Ci\u00e9negas, en Coahuila, de un volumen de 1.9 millones de metros c\u00fabicos.<\/li>\n\n\n\n<li>Inversi\u00f3n en Cuatro Ci\u00e9negas para la recuperaci\u00f3n de al menos 600 mil metros cuadrados de humedales del \u00c1rea Natural Protegida en coordinaci\u00f3n con Semarnat y organizaciones expertas.<\/li>\n\n\n\n<li>Inversi\u00f3n en la protecci\u00f3n de ecosistemas prioritarios en la cuenca del r\u00edo Nazas y en el \u00c1rea Natural Protegida del Ca\u00f1\u00f3n de Fern\u00e1ndez a trav\u00e9s del Fondo de Agua de La Laguna.<\/li>\n<\/ol>\n\n\n\n<p class=\"wp-block-paragraph\">Durante su intervenci\u00f3n, la presidenta del M\u00f3dulo Santa Rosa Distrito de Riego 075 en Sinaloa, Mariana Baca Mart\u00ednez manifest\u00f3 el apoyo de los representantes de los distritos de agua. \u201cCuente con nosotros, los usuarios hidroagr\u00edcolas del pa\u00eds, para crear la sinergia de la buena utilizaci\u00f3n del agua para lograr un uso m\u00e1s eficiente de ella, cuente con nosotros tambi\u00e9n para conseguir la anhelada, pero tan anhelada soberan\u00eda alimentaria\u201d, dijo.<\/p>\n\n\n\n<p class=\"wp-block-paragraph\">Finalmente, la ganadora del Premio Nacional Juvenil del Agua 2024, Rosa Mendoza Sosa y la galardonada del Premio Mundial Juvenil del Agua 2024, Shanni Valeria Mora Fajardo, destacaron la importancia de las y los j\u00f3venes como verdaderos agentes de cambio para que promuevan soluciones que ayuden a enfrentar a los retos h\u00eddricos de las comunidades.<\/p>\n\n\n\n<p class=\"wp-block-paragraph\">Al evento acudieron la gobernadora de Aguascalientes, Mar\u00eda Teresa Jim\u00e9nez Esquivel; el gobernador de Baja California Sur, V\u00edctor Manuel Castro Cos\u00edo; la gobernadora de Campeche, Layda Sansores San Rom\u00e1n; el gobernador electo de Chiapas, Eduardo Ram\u00edrez Aguilar; el gobernador de Coahuila, Manolo Jim\u00e9nez Salinas; la gobernadora de Chihuahua, Mar\u00eda Eugenia Campos Galv\u00e1n; el gobernador de Durango, Esteban Alejandro Villegas Villarreal; la gobernadora de Guanajuato, Libia Dennise Garc\u00eda Mu\u00f1oz Ledo; el gobernador de Hidalgo, Julio Menchaca Salazar; el gobernador de Jalisco, Enrique Alfaro Ram\u00edrez; el gobernador electo de Jalisco, Pablo Lemus Navarro; la gobernadora del Estado de M\u00e9xico, Delfina G\u00f3mez \u00c1lvarez; el gobernador de Michoac\u00e1n, Alfredo Ram\u00edrez Bedolla; la gobernadora de Morelos, Margarita Gonz\u00e1lez Saravia; el gobernador de Nayarit, Miguel \u00c1ngel Navarro Quintero; el gobernador de Nuevo Le\u00f3n, Samuel Garc\u00eda Sep\u00falveda; el gobernador de Oaxaca, Salom\u00f3n Jara Cruz; el gobernador electo de Puebla, Alejandro Armenta Mier; el gobernador de Quer\u00e9taro, Mauricio Kuri Gonz\u00e1lez; la gobernadora de Quintana Roo, Mar\u00eda Elena Lezama Espinosa; el gobernador de San Luis Potos\u00ed, Ricardo Gallardo Cardona; el gobernador de Sinaloa, Rub\u00e9n Rocha Moya; el gobernador de Sonora, Alfonso Durazo Monta\u00f1o; el gobernador de Tabasco, Javier May Rodr\u00edguez; el gobernador de Tamaulipas, Am\u00e9rico Villarreal Anaya; la gobernadora de Tlaxcala, Lorena Cu\u00e9llar Cisneros; el gobernador de Veracruz, Cuitl\u00e1huac Garc\u00eda Jim\u00e9nez; y el gobernador de Zacatecas, David Monreal \u00c1vila.<\/p>\n\n\n\n<figure class=\"wp-block-video\"><video height=\"480\" style=\"aspect-ratio: 848 \/ 480;\" width=\"848\" controls src=\"https:\/\/elpajaritonews.com\/wp-content\/uploads\/2024\/11\/251124-CSP-ACUERDO-POR-EL-DERECHO-HUMANO-AL-AGUA-Y-LA-SUSTENTABILIDAD.mp4\"><\/video><\/figure>\n\n\n\n<p class=\"wp-block-paragraph\">La pr\u00f3xima secretaria de Ciencia, Humanidades, Tecnolog\u00eda e Innovaci\u00f3n, Rosaura Ru\u00edz Guti\u00e9rrez; la secretaria de Energ\u00eda, Luz Elena Gonz\u00e1lez Escobar; la secretaria de Bienestar, Ariadna Montiel Reyes; la consejera jur\u00eddica de la Presidencia de la Rep\u00fablica, Ernestina Godoy Ramos; el secretario de Econom\u00eda, Marcelo Ebrard Casaubon; el director general del Instituto de los Pueblos Ind\u00edgenas, Adelfo Regino Montes; la directora general de la Comisi\u00f3n Federal de Electricidad, Emilia Esther Calleja Alor; el director general de PEMEX, V\u00edctor Rodr\u00edguez Padilla.<\/p>\n\n\n\n<p class=\"wp-block-paragraph\">Tambi\u00e9n el presidente de la C\u00e1mara de Diputados, Sergio Guti\u00e9rrez Luna; el presidente de la C\u00e1mara de Senadores, Gerardo Fern\u00e1ndez Noro\u00f1a; la coordinadora del Consejo Asesor de Desarrollo Econ\u00f3mico Regional y Relocalizaci\u00f3n de Empresas, Altagracia G\u00f3mez Sierra; el rector de la UNAM, Leonardo Lomel\u00ed Vanegas; el director general del Instituto Polit\u00e9cnico Nacional, Arturo Reyes Sandoval; el director del Tecnol\u00f3gico Nacional de M\u00e9xico, Ram\u00f3n Jim\u00e9nez L\u00f3pez; el presidente del Consejo Coordinador Empresarial, Francisco Cervantes D\u00edaz; el presidente de la Asociaci\u00f3n Nacional de Usuarios de Riego, Alejandro Salcedo Ruiz; la coordinadora de la Red de Agua de la Academia Mexicana de Ciencias, Mar\u00eda Luisa Torregrosa; el gobernador de V\u00edcam Pueblo y representante de pueblos originarios, Joaqu\u00edn Cota Buitimea.<\/p>\n","protected":false},"excerpt":{"rendered":"<p>\u2022 Nos une el reconocimiento del agua como un bien nacional, como un recurso natural, el agua no como una mercanc\u00eda, sino como un derecho, asever\u00f3 la Presidenta de M\u00e9xico La Presidenta de M\u00e9xico, Claudia Sheinbaum Pardo, reuni\u00f3 a gobernadoras y gobernadores de todos los partidos pol\u00edticos, empresarias, empresarios, instituciones acad\u00e9micas y representantes de distritos&#8230;<\/p>\n","protected":false},"author":2,"featured_media":63137,"comment_status":"closed","ping_status":"closed","sticky":false,"template":"","format":"standard","meta":{"_crdt_document":"","_exactmetrics_skip_tracking":false,"_exactmetrics_sitenote_active":false,"_exactmetrics_sitenote_note":"","_exactmetrics_sitenote_category":0,"footnotes":""},"categories":[80,36,23,31,27,69],"tags":[72,76],"class_list":["post-63136","post","type-post","status-publish","format-standard","has-post-thumbnail","hentry","category-derechos-humanos","category-economia","category-mexico","category-politica","category-sonora","category-ultimas-noticias","tag-claudia-sheinbaum","tag-medio-ambiente"],"_links":{"self":[{"href":"https:\/\/elpajaritonews.com\/index.php?rest_route=\/wp\/v2\/posts\/63136","targetHints":{"allow":["GET"]}}],"collection":[{"href":"https:\/\/elpajaritonews.com\/index.php?rest_route=\/wp\/v2\/posts"}],"about":[{"href":"https:\/\/elpajaritonews.com\/index.php?rest_route=\/wp\/v2\/types\/post"}],"author":[{"embeddable":true,"href":"https:\/\/elpajaritonews.com\/index.php?rest_route=\/wp\/v2\/users\/2"}],"replies":[{"embeddable":true,"href":"https:\/\/elpajaritonews.com\/index.php?rest_route=%2Fwp%2Fv2%2Fcomments&post=63136"}],"version-history":[{"count":1,"href":"https:\/\/elpajaritonews.com\/index.php?rest_route=\/wp\/v2\/posts\/63136\/revisions"}],"predecessor-version":[{"id":63143,"href":"https:\/\/elpajaritonews.com\/index.php?rest_route=\/wp\/v2\/posts\/63136\/revisions\/63143"}],"wp:featuredmedia":[{"embeddable":true,"href":"https:\/\/elpajaritonews.com\/index.php?rest_route=\/wp\/v2\/media\/63137"}],"wp:attachment":[{"href":"https:\/\/elpajaritonews.com\/index.php?rest_route=%2Fwp%2Fv2%2Fmedia&parent=63136"}],"wp:term":[{"taxonomy":"category","embeddable":true,"href":"https:\/\/elpajaritonews.com\/index.php?rest_route=%2Fwp%2Fv2%2Fcategories&post=63136"},{"taxonomy":"post_tag","embeddable":true,"href":"https:\/\/elpajaritonews.com\/index.php?rest_route=%2Fwp%2Fv2%2Ftags&post=63136"}],"curies":[{"name":"wp","href":"https:\/\/api.w.org\/{rel}","templated":true}]}}