{"id":63285,"date":"2024-12-02T14:52:22","date_gmt":"2024-12-02T21:52:22","guid":{"rendered":"https:\/\/elpajaritonews.com\/?p=63285"},"modified":"2024-12-02T14:52:24","modified_gmt":"2024-12-02T21:52:24","slug":"en-sonora-son-mas-de-36-mil-derechohabientes-de-la-pension-para-el-bienestar-de-las-personas-con-discapacidad-permanente","status":"publish","type":"post","link":"https:\/\/elpajaritonews.com\/?p=63285","title":{"rendered":"EN SONORA SON M\u00c1S DE 36 MIL DERECHOHABIENTES DE LA PENSI\u00d3N PARA EL BIENESTAR DE LAS PERSONAS CON DISCAPACIDAD PERMANENTE"},"content":{"rendered":"\n<p class=\"wp-block-paragraph\">El 03 de diciembre se conmemora el D\u00eda Internacional de las Personas con Discapacidad<\/p>\n\n\n\n<p class=\"wp-block-paragraph\">En el Gobierno de la Transformaci\u00f3n hay inclusi\u00f3n; se otorga una pensi\u00f3n de $3,100 pesos bimestrales, como derecho constitucional<\/p>\n\n\n\n<p class=\"wp-block-paragraph\">La Secretar\u00eda de Bienestar trabaja para lograr que las personas con discapacidad vivan en condiciones de bienestar<\/p>\n\n\n\n<figure class=\"wp-block-image size-large\"><img loading=\"lazy\" decoding=\"async\" width=\"819\" height=\"1024\" src=\"https:\/\/elpajaritonews.com\/wp-content\/uploads\/2024\/12\/e33e639a-4b2a-4884-ac4d-01b55aa043df-819x1024.jpg\" alt=\"\" class=\"wp-image-63287\" srcset=\"https:\/\/elpajaritonews.com\/wp-content\/uploads\/2024\/12\/e33e639a-4b2a-4884-ac4d-01b55aa043df-819x1024.jpg 819w, https:\/\/elpajaritonews.com\/wp-content\/uploads\/2024\/12\/e33e639a-4b2a-4884-ac4d-01b55aa043df-240x300.jpg 240w, https:\/\/elpajaritonews.com\/wp-content\/uploads\/2024\/12\/e33e639a-4b2a-4884-ac4d-01b55aa043df-768x960.jpg 768w, https:\/\/elpajaritonews.com\/wp-content\/uploads\/2024\/12\/e33e639a-4b2a-4884-ac4d-01b55aa043df-1228x1536.jpg 1228w, https:\/\/elpajaritonews.com\/wp-content\/uploads\/2024\/12\/e33e639a-4b2a-4884-ac4d-01b55aa043df-1638x2048.jpg 1638w, https:\/\/elpajaritonews.com\/wp-content\/uploads\/2024\/12\/e33e639a-4b2a-4884-ac4d-01b55aa043df.jpg 2047w\" sizes=\"auto, (max-width: 819px) 100vw, 819px\" \/><\/figure>\n\n\n\n<p class=\"wp-block-paragraph\">En el marco del D\u00eda Internacional de las Personas con Discapacidad que se conmemora este 03 de diciembre, el delegado de la Secretar\u00eda de Bienestar en Sonora, Octavio Almada Palafox, inform\u00f3 que en este gobierno que encabeza la presidenta de M\u00e9xico, Claudia Sheinbaum Pardo hay inclusi\u00f3n, primeramente con el Programa Pensi\u00f3n para el Bienestar de las Personas con Discapacidad Permanente, el cual inici\u00f3 con el Presidente Andr\u00e9s Manuel L\u00f3pez Obrador y contin\u00faa ahora con la actual presidenta ya como derecho constitucional.<\/p>\n\n\n\n<p class=\"wp-block-paragraph\">Acompa\u00f1ado por Fabiola Acosta y Francisco Olivas, derechohabientes del programa, el delegado Almada Palafox expres\u00f3 en conferencia de prensa que dentro de los 100 Compromisos para la Transformaci\u00f3n, la presidenta de la Rep\u00fablica incluye a las personas con discapacidad, y la inclusi\u00f3n se da con un apoyo tangible que no exist\u00eda en gobiernos anteriores, y hoy por hoy es una realidad al otorgar una pensi\u00f3n de $3,100 pesos bimestrales de manera directa.<\/p>\n\n\n\n<figure class=\"wp-block-image size-large\"><img loading=\"lazy\" decoding=\"async\" width=\"894\" height=\"1024\" src=\"https:\/\/elpajaritonews.com\/wp-content\/uploads\/2024\/12\/91dadbcf-7021-45a0-b87b-0c75971ffd7b-894x1024.jpg\" alt=\"\" class=\"wp-image-63288\" srcset=\"https:\/\/elpajaritonews.com\/wp-content\/uploads\/2024\/12\/91dadbcf-7021-45a0-b87b-0c75971ffd7b-894x1024.jpg 894w, https:\/\/elpajaritonews.com\/wp-content\/uploads\/2024\/12\/91dadbcf-7021-45a0-b87b-0c75971ffd7b-262x300.jpg 262w, https:\/\/elpajaritonews.com\/wp-content\/uploads\/2024\/12\/91dadbcf-7021-45a0-b87b-0c75971ffd7b-768x880.jpg 768w, https:\/\/elpajaritonews.com\/wp-content\/uploads\/2024\/12\/91dadbcf-7021-45a0-b87b-0c75971ffd7b-1341x1536.jpg 1341w, https:\/\/elpajaritonews.com\/wp-content\/uploads\/2024\/12\/91dadbcf-7021-45a0-b87b-0c75971ffd7b-1788x2048.jpg 1788w\" sizes=\"auto, (max-width: 894px) 100vw, 894px\" \/><\/figure>\n\n\n\n<p class=\"wp-block-paragraph\">En Sonora son m\u00e1s de 36 mil derechohabientes de la Pensi\u00f3n para el Bienestar de las Personas con Discapacidad Permanente, el 60% mujeres. \u201cEste a\u00f1o fueron m\u00e1s de $680 millones de pesos que llegan a la entidad para ellos, para este grupo que antes se les dec\u00eda que eran vulnerables, y que ahora en este gobierno m\u00e1s que nombrarlos as\u00ed se incluyeron en las pol\u00edticas p\u00fablicas con un apoyo para su pensi\u00f3n. Es un gobierno que incluye a todos\u201d, reiter\u00f3.<\/p>\n\n\n\n<p class=\"wp-block-paragraph\">El delegado Almada Palafox record\u00f3 que en sus inicios esta pensi\u00f3n se enfocaba en ni\u00f1os y j\u00f3venes de 0 a 29 a\u00f1os y cuando se firm\u00f3 el convenio para extenderla hasta los 64 a\u00f1os de edad, el gobernador Alfonso Durazo Monta\u00f1o fue de los primeros en levantar la mano, de tal manera que en la actualidad Gobierno Federal y Gobierno Estatal aportan los recursos a partes iguales.<\/p>\n\n\n\n<p class=\"wp-block-paragraph\">En relaci\u00f3n al nuevo Programa Pensi\u00f3n Mujeres Bienestar para mujeres de 63 y 64 a\u00f1os de edad, impulsado por la Presidenta Claudia Sheinbaum, y cuyo registro cerr\u00f3 el 30 de noviembre, el delegado Almada Palafox expuso que fueron m\u00e1s 22,500 mujeres las inscritas en Sonora, y empezar\u00e1n a recibir su pensi\u00f3n de $3 mil pesos bimestrales a partir del pr\u00f3ximo a\u00f1o.<\/p>\n\n\n\n<p class=\"wp-block-paragraph\">Agreg\u00f3 que en cuanto a la Pensi\u00f3n para el Bienestar de las Personas Adultas Mayores de 65 a\u00f1os en adelante, cuyo registro se llev\u00f3 a cabo del 19 al 30 de noviembre, se inscribieron m\u00e1s de 8,700 adultos mayores en la entidad que a partir del pr\u00f3ximo a\u00f1o empezar\u00e1n a recibir su pensi\u00f3n de $6 mil pesos bimestrales.<\/p>\n\n\n\n<p class=\"wp-block-paragraph\">Y en el Censo de Salud Casa por Casa, que se realiza desde el pasado 7 de octubre y continuar\u00e1 hasta el 31 de diciembre, a la fecha se han realizado cerca de 65 mil censos a adultos mayores y personas con discapacidad derechohabientes de programas.<\/p>\n\n\n\n<figure class=\"wp-block-image size-large\"><img loading=\"lazy\" decoding=\"async\" width=\"768\" height=\"1024\" src=\"https:\/\/elpajaritonews.com\/wp-content\/uploads\/2024\/12\/380152c1-26ee-4bcd-acef-86d95333e683-768x1024.jpg\" alt=\"\" class=\"wp-image-63289\" srcset=\"https:\/\/elpajaritonews.com\/wp-content\/uploads\/2024\/12\/380152c1-26ee-4bcd-acef-86d95333e683-768x1024.jpg 768w, https:\/\/elpajaritonews.com\/wp-content\/uploads\/2024\/12\/380152c1-26ee-4bcd-acef-86d95333e683-225x300.jpg 225w, https:\/\/elpajaritonews.com\/wp-content\/uploads\/2024\/12\/380152c1-26ee-4bcd-acef-86d95333e683-1152x1536.jpg 1152w, https:\/\/elpajaritonews.com\/wp-content\/uploads\/2024\/12\/380152c1-26ee-4bcd-acef-86d95333e683.jpg 1200w\" sizes=\"auto, (max-width: 768px) 100vw, 768px\" \/><\/figure>\n\n\n\n<p class=\"wp-block-paragraph\">\u201cAprovecho para reiterarles que vamos a seguir tocando las puertas de sus casas, van a ir las compa\u00f1eras y compa\u00f1eros servidores de la naci\u00f3n a seguir haciendo el censo, yo los voy a acompa\u00f1ar. La gente est\u00e1 muy contenta porque reciben la pensi\u00f3n, se ayudan, son personas que estuvieron alejadas de los gobiernos pasados y ahora el gobierno se acerca a ellos para darles la cara, para escucharlos y en este caso para censarlos y que tengan atenci\u00f3n m\u00e9dica a partir de febrero del pr\u00f3ximo a\u00f1o\u201d, puntualiz\u00f3 el delegado.<\/p>\n","protected":false},"excerpt":{"rendered":"<p>El 03 de diciembre se conmemora el D\u00eda Internacional de las Personas con Discapacidad En el Gobierno de la Transformaci\u00f3n hay inclusi\u00f3n; se otorga una pensi\u00f3n de $3,100 pesos bimestrales, como derecho constitucional La Secretar\u00eda de Bienestar trabaja para lograr que las personas con discapacidad vivan en condiciones de bienestar En el marco del D\u00eda&#8230;<\/p>\n","protected":false},"author":2,"featured_media":63286,"comment_status":"closed","ping_status":"closed","sticky":false,"template":"","format":"standard","meta":{"_crdt_document":"","_exactmetrics_skip_tracking":false,"_exactmetrics_sitenote_active":false,"_exactmetrics_sitenote_note":"","_exactmetrics_sitenote_category":0,"footnotes":""},"categories":[80,36,26,27,69],"tags":[71,72,74],"class_list":["post-63285","post","type-post","status-publish","format-standard","has-post-thumbnail","hentry","category-derechos-humanos","category-economia","category-local","category-sonora","category-ultimas-noticias","tag-alfonso-durazo","tag-claudia-sheinbaum","tag-hermosillo"],"_links":{"self":[{"href":"https:\/\/elpajaritonews.com\/index.php?rest_route=\/wp\/v2\/posts\/63285","targetHints":{"allow":["GET"]}}],"collection":[{"href":"https:\/\/elpajaritonews.com\/index.php?rest_route=\/wp\/v2\/posts"}],"about":[{"href":"https:\/\/elpajaritonews.com\/index.php?rest_route=\/wp\/v2\/types\/post"}],"author":[{"embeddable":true,"href":"https:\/\/elpajaritonews.com\/index.php?rest_route=\/wp\/v2\/users\/2"}],"replies":[{"embeddable":true,"href":"https:\/\/elpajaritonews.com\/index.php?rest_route=%2Fwp%2Fv2%2Fcomments&post=63285"}],"version-history":[{"count":1,"href":"https:\/\/elpajaritonews.com\/index.php?rest_route=\/wp\/v2\/posts\/63285\/revisions"}],"predecessor-version":[{"id":63290,"href":"https:\/\/elpajaritonews.com\/index.php?rest_route=\/wp\/v2\/posts\/63285\/revisions\/63290"}],"wp:featuredmedia":[{"embeddable":true,"href":"https:\/\/elpajaritonews.com\/index.php?rest_route=\/wp\/v2\/media\/63286"}],"wp:attachment":[{"href":"https:\/\/elpajaritonews.com\/index.php?rest_route=%2Fwp%2Fv2%2Fmedia&parent=63285"}],"wp:term":[{"taxonomy":"category","embeddable":true,"href":"https:\/\/elpajaritonews.com\/index.php?rest_route=%2Fwp%2Fv2%2Fcategories&post=63285"},{"taxonomy":"post_tag","embeddable":true,"href":"https:\/\/elpajaritonews.com\/index.php?rest_route=%2Fwp%2Fv2%2Ftags&post=63285"}],"curies":[{"name":"wp","href":"https:\/\/api.w.org\/{rel}","templated":true}]}}