{"id":63291,"date":"2024-12-02T15:19:34","date_gmt":"2024-12-02T22:19:34","guid":{"rendered":"https:\/\/elpajaritonews.com\/?p=63291"},"modified":"2024-12-02T15:19:37","modified_gmt":"2024-12-02T22:19:37","slug":"presidenta-claudia-sheinbaum-firma-decreto-por-el-cual-se-crea-la-universidad-nacional-rosario-castellanos","status":"publish","type":"post","link":"https:\/\/elpajaritonews.com\/?p=63291","title":{"rendered":"PRESIDENTA CLAUDIA SHEINBAUM FIRMA DECRETO POR EL CUAL SE CREA LA UNIVERSIDAD NACIONAL ROSARIO CASTELLANOS"},"content":{"rendered":"\n<p class=\"wp-block-paragraph\">* La convocatoria de inscripci\u00f3n en sus primeros planteles en Comit\u00e1n, Chiapas y Tijuana, Baja California, estar\u00e1 abierta del 3 al 6 de diciembre de 2024 para estudiantes; del 9 al 13 de diciembre para docentes y del 16 al 20 de diciembre para personal administrativo<\/p>\n\n\n\n<p class=\"wp-block-paragraph\">* La titular del Ejecutivo Federal firm\u00f3 el decreto que eleva a rango constitucional los Programas del Bienestar, entre ellos, el que garantiza la Pensi\u00f3n para personas con discapacidad permanente a menores de 65 a\u00f1os; as\u00ed como el decreto en materia de vivienda para las y los trabajadores; y en materia de protecci\u00f3n y cuidado animal; ser\u00e1n publicados en el DOF<\/p>\n\n\n\n<p class=\"wp-block-paragraph\">* Un mill\u00f3n 484 mil 930 personas con discapacidad reciben una pensi\u00f3n; con el convenio con Fundaci\u00f3n Telet\u00f3n, de 2021 a 2024, se han otorgado 3 millones 113 mil 315 terapias de rehabilitaci\u00f3n con una inversi\u00f3n de mil 766 mdp: Bienestar<\/p>\n\n\n\n<p class=\"wp-block-paragraph\">* Se han registrado 3 millones 876 mil 322 estudiantes de secundaria de todo el pa\u00eds para la nueva beca universal \u201cRita Cetina Guti\u00e9rrez\u201d; este lunes arranca el pago de los bimestres septiembre-octubre y noviembre-diciembre de las Becas Benito Ju\u00e1rez: SEP<\/p>\n\n\n\n<figure class=\"wp-block-image size-large\"><img loading=\"lazy\" decoding=\"async\" width=\"1024\" height=\"703\" src=\"https:\/\/elpajaritonews.com\/wp-content\/uploads\/2024\/12\/80341c93-0ecd-4812-bbde-8cff4eb9bba5-1024x703.jpg\" alt=\"\" class=\"wp-image-63294\" srcset=\"https:\/\/elpajaritonews.com\/wp-content\/uploads\/2024\/12\/80341c93-0ecd-4812-bbde-8cff4eb9bba5-1024x703.jpg 1024w, https:\/\/elpajaritonews.com\/wp-content\/uploads\/2024\/12\/80341c93-0ecd-4812-bbde-8cff4eb9bba5-300x206.jpg 300w, https:\/\/elpajaritonews.com\/wp-content\/uploads\/2024\/12\/80341c93-0ecd-4812-bbde-8cff4eb9bba5-768x528.jpg 768w, https:\/\/elpajaritonews.com\/wp-content\/uploads\/2024\/12\/80341c93-0ecd-4812-bbde-8cff4eb9bba5-1536x1055.jpg 1536w, https:\/\/elpajaritonews.com\/wp-content\/uploads\/2024\/12\/80341c93-0ecd-4812-bbde-8cff4eb9bba5-1020x700.jpg 1020w, https:\/\/elpajaritonews.com\/wp-content\/uploads\/2024\/12\/80341c93-0ecd-4812-bbde-8cff4eb9bba5.jpg 1600w\" sizes=\"auto, (max-width: 1024px) 100vw, 1024px\" \/><\/figure>\n\n\n\n<p class=\"wp-block-paragraph\">Con el fin de seguir avanzando en el derecho a la educaci\u00f3n, la Presidenta de M\u00e9xico, Claudia Sheinbaum Pardo firm\u00f3 el decreto por el cual la Universidad Rosario Castellanos \u2013creada en su gesti\u00f3n como Jefa de Gobierno de la Ciudad de M\u00e9xico\u2013 se convierte en una instituci\u00f3n nacional, la cual tendr\u00e1 sus primeros planteles en Comit\u00e1n, Chiapas y en Tijuana, Baja California.<\/p>\n\n\n\n<p class=\"wp-block-paragraph\">\u201cEstamos haciendo un llamado a todas, las y los gobernadores, a que nos den sedes para que no tengamos que invertir en infraestructura, en nueva infraestructura. Hay mucha infraestructura que no se est\u00e1 utilizando en lo que se requiere, o burocracia, que puede ser adaptada perfectamente para una universidad. Va a haber en las 32 entidades de la Rep\u00fablica la presencia de la Universidad Nacional Rosario Castellanos, evidentemente con el apoyo de las y los gobernadores\u201d, puntualiz\u00f3 en la conferencia matutina: \u201cLas ma\u00f1aneras del pueblo\u201d.<\/p>\n\n\n\n<p class=\"wp-block-paragraph\">Destac\u00f3 que el objetivo de su gobierno es crear 300 mil nuevos espacios para estudiantes de educaci\u00f3n superior, lo cual se va a lograr con la Universidad Nacional Rosario Castellanos, as\u00ed como con el apoyo de la Universidad de la Salud, las universidades Benito Ju\u00e1rez, el Tecnol\u00f3gico Nacional de M\u00e9xico (TecNM) y las universidades estatales.<\/p>\n\n\n\n<p class=\"wp-block-paragraph\">Por ello, inform\u00f3 que el Gobierno de M\u00e9xico ya realiza un mapeo para determinar en qu\u00e9 zonas se ubicar\u00e1n las nuevas universidades Benito Ju\u00e1rez, Rosario Castellanos, de la Salud o TecNM, dependiendo de las zonas donde existen menos centros de educaci\u00f3n superior. Adem\u00e1s, puntualiz\u00f3, que es indispensable que el Estado siga formando humanistas: historiadoras, historiadores, fil\u00f3sofos y fil\u00f3sofas, cient\u00edficos sociales y artistas para seguir escribiendo la historia de M\u00e9xico.<\/p>\n\n\n\n<p class=\"wp-block-paragraph\">La titular de la Secretar\u00eda de Ciencia, Humanidades, Tecnolog\u00eda e Innovaci\u00f3n, Rosaura Ruiz Guti\u00e9rrez, inform\u00f3 que del 3 al 6 de diciembre se abrir\u00e1 la convocatoria para estudiantes que deseen ingresar a los planteles de Comit\u00e1n, Chiapas y de Tijuana, Baja California de la Universidad Nacional Rosario Castellanos; del 9 al 13 de diciembre para docentes y del 16 al 20 de diciembre para personal administrativo, con el objetivo de que inicie clases en el primer trimestre del 2025.<\/p>\n\n\n\n<p class=\"wp-block-paragraph\">Detall\u00f3 que la Universidad Nacional Rosario Castellanos contar\u00e1 con un sistema mixto, en el cual las y los alumnos podr\u00e1n tomar sus clases de manera presencial, pero tambi\u00e9n se impulsar\u00e1 el uso de tecnolog\u00edas con educaci\u00f3n en l\u00ednea.<\/p>\n\n\n\n<p class=\"wp-block-paragraph\">Precis\u00f3 que la plantilla docente estar\u00e1 mayoritariamente conformada por personas con maestr\u00edas y doctorados, egresados de los plantes en Ciudad de M\u00e9xico de la Universidad Rosario Castellanos; de programas del Consejo Nacional de Humanidades, Ciencias y Tecnolog\u00edas (Conahcyt); de universidades estatales, de la Universidad Nacional Aut\u00f3noma de M\u00e9xico (UNAM), as\u00ed como del Instituto Polit\u00e9cnico Nacional (IPN).<\/p>\n\n\n\n<p class=\"wp-block-paragraph\">Inform\u00f3 que actualmente trabajan con los gobiernos de Sonora, San Luis Potos\u00ed, Puebla y Yucat\u00e1n para implementar planteles de la Universidad Nacional Rosario Castellanos.<\/p>\n\n\n\n<figure class=\"wp-block-image size-large\"><img loading=\"lazy\" decoding=\"async\" width=\"1024\" height=\"682\" src=\"https:\/\/elpajaritonews.com\/wp-content\/uploads\/2024\/12\/ee9d5ab3-59e7-43be-9930-08e5e622203b-1024x682.jpg\" alt=\"\" class=\"wp-image-63293\" srcset=\"https:\/\/elpajaritonews.com\/wp-content\/uploads\/2024\/12\/ee9d5ab3-59e7-43be-9930-08e5e622203b-1024x682.jpg 1024w, https:\/\/elpajaritonews.com\/wp-content\/uploads\/2024\/12\/ee9d5ab3-59e7-43be-9930-08e5e622203b-300x200.jpg 300w, https:\/\/elpajaritonews.com\/wp-content\/uploads\/2024\/12\/ee9d5ab3-59e7-43be-9930-08e5e622203b-768x512.jpg 768w, https:\/\/elpajaritonews.com\/wp-content\/uploads\/2024\/12\/ee9d5ab3-59e7-43be-9930-08e5e622203b-1536x1023.jpg 1536w, https:\/\/elpajaritonews.com\/wp-content\/uploads\/2024\/12\/ee9d5ab3-59e7-43be-9930-08e5e622203b-600x400.jpg 600w, https:\/\/elpajaritonews.com\/wp-content\/uploads\/2024\/12\/ee9d5ab3-59e7-43be-9930-08e5e622203b.jpg 1600w\" sizes=\"auto, (max-width: 1024px) 100vw, 1024px\" \/><\/figure>\n\n\n\n<p class=\"wp-block-paragraph\">AVANCE EN PROGRAMAS PARA EL BIENESTAR<\/p>\n\n\n\n<p class=\"wp-block-paragraph\">En la conferencia matutina, la Jefa del Ejecutivo Federal tambi\u00e9n firm\u00f3 el decreto que eleva a rango constitucional los Programas del Bienestar, entre ellos, el que garantiza la Pensi\u00f3n para personas con discapacidad permanente a menores de 65 a\u00f1os; as\u00ed como el decreto en materia de vivienda para las y los trabajadores; y en materia de protecci\u00f3n y cuidado animal; los cuales ser\u00e1n publicados en el Diario Oficial de la Federaci\u00f3n (DOF), as\u00ed lo inform\u00f3 la Consejera Jur\u00eddica del Ejecutivo Federal, Ernestina Godoy Ramos.<\/p>\n\n\n\n<p class=\"wp-block-paragraph\">Al respecto la secretaria del Bienestar, Ariadna Montiel Reyes, inform\u00f3 que como parte del Programa de Rehabilitaci\u00f3n e Inclusi\u00f3n para el Bienestar de las Personas con Discapacidad, un mill\u00f3n 484 mil 930 personas reciben esta pensi\u00f3n; 26 mil 703 ni\u00f1os y ni\u00f1as con discapacidad reciben atenci\u00f3n integral con terapias; y de 2021 a 2024, se han otorgado 3 millones 113 mil 315 terapias de rehabilitaci\u00f3n con una inversi\u00f3n de mil 766 millones de pesos (mdp), que se destinaron a la Fundaci\u00f3n Telet\u00f3n para que otorgue de manera gratuita dicha atenci\u00f3n.<\/p>\n\n\n\n<p class=\"wp-block-paragraph\">Destac\u00f3 que el apoyo para el bimestre noviembre &#8211; diciembre ya fue dispersado en su totalidad, aunado a que ya se han establecido convenios con 17 estados para la Pensi\u00f3n para el Bienestar de las personas con discapacidad y recientemente se unieron Morelos, Tabasco y Yucat\u00e1n.<\/p>\n\n\n\n<p class=\"wp-block-paragraph\">El secretario de Educaci\u00f3n P\u00fablica (SEP), Mario Delgado Carrillo, destac\u00f3 que, hasta el 30 de noviembre, se han registrado 3 millones 876 mil 322 estudiantes de secundaria de todo el pa\u00eds a la beca universal Rita Cetina Guti\u00e9rrez; cuyo registro en la p\u00e1gina https:\/\/www.becaritacetina.gob.mx\/ concluye el pr\u00f3ximo 18 de diciembre. Agreg\u00f3 que se han realizado 35 mil 155 asambleas informativas con la participaci\u00f3n de 4 millones 35 mil 482 madres, padres de familia y tutores.<\/p>\n\n\n\n<p class=\"wp-block-paragraph\">El titular de la SEP tambi\u00e9n anunci\u00f3 que, a partir de este lunes, inicia la dispersi\u00f3n de 28 mil 600 millones 419 mil 920 pesos del Programa de Becas para el Bienestar Benito Ju\u00e1rez para educaci\u00f3n b\u00e1sica, media superior y superior, correspondientes a los bimestres septiembre-octubre y noviembre-diciembre; el calendario de pagos se puede consultar en el siguiente enlace: https:\/\/t.ly\/dRERW.<\/p>\n\n\n\n<p class=\"wp-block-paragraph\">Durante la conferencia matutina, el procurador Federal del Consumidor, C\u00e9sar Iv\u00e1n Escalante Ruiz, present\u00f3 la secci\u00f3n \u201cQui\u00e9n es Qui\u00e9n en los Precios\u201d, e inform\u00f3 que como parte del monitoreo que se realiz\u00f3, del 18 al 22 de noviembre, a los productos que conforman la canasta b\u00e1sica, se detect\u00f3 que el arroz de la marca Verde Valle es la m\u00e1s cara, al ofertar su producto en $40.50 pesos por bolsa; en tanto que el promedio nacional de este cereal fue de $24.69 pesos.<\/p>\n\n\n\n<p class=\"wp-block-paragraph\">Indic\u00f3 que del 15 al 18 de noviembre pasado, durante el Buen Fin 2024, la Profeco proporcion\u00f3 16 mil 213 asesor\u00edas, atendiendo 493 inconformidades y quejas por cancelaci\u00f3n de compra, no respeto a ofertas, precios y promociones; se lograron 367 conciliaciones a favor del consumidor.<\/p>\n\n\n\n<p class=\"wp-block-paragraph\">Finalmente, como parte del impulso a la dieta de la milpa, en la secci\u00f3n \u201cVida Saludable\u201d, se proyect\u00f3 una c\u00e1psula informativa acerca de los beneficios del consumo del frijol, el cual es una gran fuente de nutrientes gracias a que contiene prote\u00ednas, hierro, fibra, potasio, \u00e1cido f\u00f3lico<\/p>\n\n\n\n<figure class=\"wp-block-embed is-type-video is-provider-youtube wp-block-embed-youtube wp-embed-aspect-16-9 wp-has-aspect-ratio\"><div class=\"wp-block-embed__wrapper\">\n<iframe loading=\"lazy\" title=\"Decretos aseguran programas, vivienda y protecci\u00f3n de animales. Conferencia presidenta Sheinbaum\" width=\"640\" height=\"360\" src=\"https:\/\/www.youtube.com\/embed\/fV_sVB4-n3M?feature=oembed\" frameborder=\"0\" allow=\"accelerometer; autoplay; clipboard-write; encrypted-media; gyroscope; picture-in-picture; web-share\" referrerpolicy=\"strict-origin-when-cross-origin\" allowfullscreen><\/iframe>\n<\/div><\/figure>\n","protected":false},"excerpt":{"rendered":"<p>* La convocatoria de inscripci\u00f3n en sus primeros planteles en Comit\u00e1n, Chiapas y Tijuana, Baja California, estar\u00e1 abierta del 3 al 6 de diciembre de 2024 para estudiantes; del 9 al 13 de diciembre para docentes y del 16 al 20 de diciembre para personal administrativo * La titular del Ejecutivo Federal firm\u00f3 el decreto&#8230;<\/p>\n","protected":false},"author":2,"featured_media":63292,"comment_status":"closed","ping_status":"closed","sticky":false,"template":"","format":"standard","meta":{"_crdt_document":"","_exactmetrics_skip_tracking":false,"_exactmetrics_sitenote_active":false,"_exactmetrics_sitenote_note":"","_exactmetrics_sitenote_category":0,"footnotes":""},"categories":[33,26,23,31,27],"tags":[71,79,72,74,30],"class_list":["post-63291","post","type-post","status-publish","format-standard","has-post-thumbnail","hentry","category-educacion","category-local","category-mexico","category-politica","category-sonora","tag-alfonso-durazo","tag-andres-manuel-lopez-obrador","tag-claudia-sheinbaum","tag-hermosillo","tag-sonora-tierra-de-oportunidades"],"_links":{"self":[{"href":"https:\/\/elpajaritonews.com\/index.php?rest_route=\/wp\/v2\/posts\/63291","targetHints":{"allow":["GET"]}}],"collection":[{"href":"https:\/\/elpajaritonews.com\/index.php?rest_route=\/wp\/v2\/posts"}],"about":[{"href":"https:\/\/elpajaritonews.com\/index.php?rest_route=\/wp\/v2\/types\/post"}],"author":[{"embeddable":true,"href":"https:\/\/elpajaritonews.com\/index.php?rest_route=\/wp\/v2\/users\/2"}],"replies":[{"embeddable":true,"href":"https:\/\/elpajaritonews.com\/index.php?rest_route=%2Fwp%2Fv2%2Fcomments&post=63291"}],"version-history":[{"count":1,"href":"https:\/\/elpajaritonews.com\/index.php?rest_route=\/wp\/v2\/posts\/63291\/revisions"}],"predecessor-version":[{"id":63295,"href":"https:\/\/elpajaritonews.com\/index.php?rest_route=\/wp\/v2\/posts\/63291\/revisions\/63295"}],"wp:featuredmedia":[{"embeddable":true,"href":"https:\/\/elpajaritonews.com\/index.php?rest_route=\/wp\/v2\/media\/63292"}],"wp:attachment":[{"href":"https:\/\/elpajaritonews.com\/index.php?rest_route=%2Fwp%2Fv2%2Fmedia&parent=63291"}],"wp:term":[{"taxonomy":"category","embeddable":true,"href":"https:\/\/elpajaritonews.com\/index.php?rest_route=%2Fwp%2Fv2%2Fcategories&post=63291"},{"taxonomy":"post_tag","embeddable":true,"href":"https:\/\/elpajaritonews.com\/index.php?rest_route=%2Fwp%2Fv2%2Ftags&post=63291"}],"curies":[{"name":"wp","href":"https:\/\/api.w.org\/{rel}","templated":true}]}}