{"id":63296,"date":"2024-12-02T17:35:45","date_gmt":"2024-12-03T00:35:45","guid":{"rendered":"https:\/\/elpajaritonews.com\/?p=63296"},"modified":"2024-12-02T17:35:46","modified_gmt":"2024-12-03T00:35:46","slug":"presidencia-del-congreso-de-sonora-invita-a-seguir-el-parlamento-de-personas-con-discapacidad-2024","status":"publish","type":"post","link":"https:\/\/elpajaritonews.com\/?p=63296","title":{"rendered":"PRESIDENCIA DEL CONGRESO DE SONORA INVITA A SEGUIR EL PARLAMENTO DE PERSONAS CON DISCAPACIDAD 2024"},"content":{"rendered":"\n<p class=\"wp-block-paragraph\">Se realizar\u00e1 el pr\u00f3ximo mi\u00e9rcoles<\/p>\n\n\n\n<p class=\"wp-block-paragraph\">Para promover la inclusi\u00f3n y brindar un espacio para que las personas en situaci\u00f3n de discapacidad expresen sus necesidades y propuestas, el pr\u00f3ximo mi\u00e9rcoles 4 de diciembre se llevar\u00e1 a cabo el Segundo Parlamento de Personas con Discapacidad, inform\u00f3 Omar del Valle Colosio (PVEM), diputado presidente del Congreso de Sonora.<\/p>\n\n\n\n<p class=\"wp-block-paragraph\">El legislador destac\u00f3 que este ejercicio legislativo tiene como objetivo visibilizar los desaf\u00edos que enfrentan esta comunidad en la entidad y trabajar de manera conjunta en el dise\u00f1o de una agenda legislativa inclusiva que permita avanzar hacia la construcci\u00f3n de una sociedad m\u00e1s equitativa.<\/p>\n\n\n\n<figure class=\"wp-block-image size-large\"><img loading=\"lazy\" decoding=\"async\" width=\"1024\" height=\"682\" src=\"https:\/\/elpajaritonews.com\/wp-content\/uploads\/2024\/12\/f85c8981-1c20-4472-80cc-efe4d43084df-1024x682.jpg\" alt=\"\" class=\"wp-image-63298\" srcset=\"https:\/\/elpajaritonews.com\/wp-content\/uploads\/2024\/12\/f85c8981-1c20-4472-80cc-efe4d43084df-1024x682.jpg 1024w, https:\/\/elpajaritonews.com\/wp-content\/uploads\/2024\/12\/f85c8981-1c20-4472-80cc-efe4d43084df-300x200.jpg 300w, https:\/\/elpajaritonews.com\/wp-content\/uploads\/2024\/12\/f85c8981-1c20-4472-80cc-efe4d43084df-768x512.jpg 768w, https:\/\/elpajaritonews.com\/wp-content\/uploads\/2024\/12\/f85c8981-1c20-4472-80cc-efe4d43084df-1536x1023.jpg 1536w, https:\/\/elpajaritonews.com\/wp-content\/uploads\/2024\/12\/f85c8981-1c20-4472-80cc-efe4d43084df-600x400.jpg 600w, https:\/\/elpajaritonews.com\/wp-content\/uploads\/2024\/12\/f85c8981-1c20-4472-80cc-efe4d43084df.jpg 1600w\" sizes=\"auto, (max-width: 1024px) 100vw, 1024px\" \/><\/figure>\n\n\n\n<p class=\"wp-block-paragraph\">Por su parte, la diputada Jam\u00edn G\u00f3mez Liz\u00e1rraga (PT), presidenta de la Comisi\u00f3n de Atenci\u00f3n a Grupos Vulnerables de la Sociedad, indic\u00f3 que se registraron un total de 28 personas, de las cuales 10 son mujeres y 18 hombres, provenientes de los municipios de Hermosillo, Ciudad Obreg\u00f3n, Guaymas, Agua Prieta, Nogales y Santa Ana.<\/p>\n\n\n\n<p class=\"wp-block-paragraph\">El Parlamento se llevar\u00e1 a cabo en el Centro de Rehabilitaci\u00f3n Infantil Telet\u00f3n (CRIT), en un horario de 9:00 a 14:00 horas, y podr\u00e1 seguirse a trav\u00e9s de las redes sociales del Congreso de Sonora.<\/p>\n\n\n\n<figure class=\"wp-block-image size-large\"><img loading=\"lazy\" decoding=\"async\" width=\"1024\" height=\"682\" src=\"https:\/\/elpajaritonews.com\/wp-content\/uploads\/2024\/12\/3873a96c-46b3-4aea-8436-f06047a55f47-1024x682.jpg\" alt=\"\" class=\"wp-image-63299\" srcset=\"https:\/\/elpajaritonews.com\/wp-content\/uploads\/2024\/12\/3873a96c-46b3-4aea-8436-f06047a55f47-1024x682.jpg 1024w, https:\/\/elpajaritonews.com\/wp-content\/uploads\/2024\/12\/3873a96c-46b3-4aea-8436-f06047a55f47-300x200.jpg 300w, https:\/\/elpajaritonews.com\/wp-content\/uploads\/2024\/12\/3873a96c-46b3-4aea-8436-f06047a55f47-768x512.jpg 768w, https:\/\/elpajaritonews.com\/wp-content\/uploads\/2024\/12\/3873a96c-46b3-4aea-8436-f06047a55f47-1536x1023.jpg 1536w, https:\/\/elpajaritonews.com\/wp-content\/uploads\/2024\/12\/3873a96c-46b3-4aea-8436-f06047a55f47-600x400.jpg 600w, https:\/\/elpajaritonews.com\/wp-content\/uploads\/2024\/12\/3873a96c-46b3-4aea-8436-f06047a55f47.jpg 1600w\" sizes=\"auto, (max-width: 1024px) 100vw, 1024px\" \/><\/figure>\n\n\n\n<p class=\"wp-block-paragraph\">Finalmente, Del Valle Colosio resalt\u00f3 que, entre las actividades legislativas programadas para esta semana, este martes se analizar\u00e1 en la Comisi\u00f3n de Hacienda el proyecto de la Ley de Ingresos y Egresos para el ejercicio fiscal 2025. Una vez discutido el dictamen, ser\u00e1 turnado al Pleno del Congreso para su revisi\u00f3n y discusi\u00f3n.<\/p>\n","protected":false},"excerpt":{"rendered":"<p>Se realizar\u00e1 el pr\u00f3ximo mi\u00e9rcoles Para promover la inclusi\u00f3n y brindar un espacio para que las personas en situaci\u00f3n de discapacidad expresen sus necesidades y propuestas, el pr\u00f3ximo mi\u00e9rcoles 4 de diciembre se llevar\u00e1 a cabo el Segundo Parlamento de Personas con Discapacidad, inform\u00f3 Omar del Valle Colosio (PVEM), diputado presidente del Congreso de Sonora&#8230;.<\/p>\n","protected":false},"author":2,"featured_media":63297,"comment_status":"closed","ping_status":"closed","sticky":false,"template":"","format":"standard","meta":{"_crdt_document":"","_exactmetrics_skip_tracking":false,"_exactmetrics_sitenote_active":false,"_exactmetrics_sitenote_note":"","_exactmetrics_sitenote_category":0,"footnotes":""},"categories":[20,80,26,31,27],"tags":[73],"class_list":["post-63296","post","type-post","status-publish","format-standard","has-post-thumbnail","hentry","category-congreso","category-derechos-humanos","category-local","category-politica","category-sonora","tag-congreso-del-estado-de-sonora"],"_links":{"self":[{"href":"https:\/\/elpajaritonews.com\/index.php?rest_route=\/wp\/v2\/posts\/63296","targetHints":{"allow":["GET"]}}],"collection":[{"href":"https:\/\/elpajaritonews.com\/index.php?rest_route=\/wp\/v2\/posts"}],"about":[{"href":"https:\/\/elpajaritonews.com\/index.php?rest_route=\/wp\/v2\/types\/post"}],"author":[{"embeddable":true,"href":"https:\/\/elpajaritonews.com\/index.php?rest_route=\/wp\/v2\/users\/2"}],"replies":[{"embeddable":true,"href":"https:\/\/elpajaritonews.com\/index.php?rest_route=%2Fwp%2Fv2%2Fcomments&post=63296"}],"version-history":[{"count":1,"href":"https:\/\/elpajaritonews.com\/index.php?rest_route=\/wp\/v2\/posts\/63296\/revisions"}],"predecessor-version":[{"id":63300,"href":"https:\/\/elpajaritonews.com\/index.php?rest_route=\/wp\/v2\/posts\/63296\/revisions\/63300"}],"wp:featuredmedia":[{"embeddable":true,"href":"https:\/\/elpajaritonews.com\/index.php?rest_route=\/wp\/v2\/media\/63297"}],"wp:attachment":[{"href":"https:\/\/elpajaritonews.com\/index.php?rest_route=%2Fwp%2Fv2%2Fmedia&parent=63296"}],"wp:term":[{"taxonomy":"category","embeddable":true,"href":"https:\/\/elpajaritonews.com\/index.php?rest_route=%2Fwp%2Fv2%2Fcategories&post=63296"},{"taxonomy":"post_tag","embeddable":true,"href":"https:\/\/elpajaritonews.com\/index.php?rest_route=%2Fwp%2Fv2%2Ftags&post=63296"}],"curies":[{"name":"wp","href":"https:\/\/api.w.org\/{rel}","templated":true}]}}