{"id":63301,"date":"2024-12-02T17:53:11","date_gmt":"2024-12-03T00:53:11","guid":{"rendered":"https:\/\/elpajaritonews.com\/?p=63301"},"modified":"2024-12-02T17:53:13","modified_gmt":"2024-12-03T00:53:13","slug":"gobernador-durazo-posiciona-a-sonora-como-el-primer-estado-certificado-en-la-produccion-de-semiconductores","status":"publish","type":"post","link":"https:\/\/elpajaritonews.com\/?p=63301","title":{"rendered":"GOBERNADOR DURAZO POSICIONA A SONORA COMO EL PRIMER ESTADO CERTIFICADO EN LA PRODUCCI\u00d3N DE SEMICONDUCTORES"},"content":{"rendered":"\n<p class=\"wp-block-paragraph\">Con la creaci\u00f3n del Est\u00e1ndar de Competencia en Semiconductores, alineado al Plan Sonora, se brindar\u00e1n capacitaciones para la formaci\u00f3n de talento humano desde las universidades, beneficiando al estado en desarrollo econ\u00f3mico capacitaci\u00f3n y empleabilidad, innovaci\u00f3n y sustentabilidad.<\/p>\n\n\n\n<figure class=\"wp-block-image size-large\"><img loading=\"lazy\" decoding=\"async\" width=\"1024\" height=\"682\" src=\"https:\/\/elpajaritonews.com\/wp-content\/uploads\/2024\/12\/18ae4e89-3e25-4ab7-9858-754154df88dc-1024x682.jpg\" alt=\"\" class=\"wp-image-63303\" srcset=\"https:\/\/elpajaritonews.com\/wp-content\/uploads\/2024\/12\/18ae4e89-3e25-4ab7-9858-754154df88dc-1024x682.jpg 1024w, https:\/\/elpajaritonews.com\/wp-content\/uploads\/2024\/12\/18ae4e89-3e25-4ab7-9858-754154df88dc-300x200.jpg 300w, https:\/\/elpajaritonews.com\/wp-content\/uploads\/2024\/12\/18ae4e89-3e25-4ab7-9858-754154df88dc-768x512.jpg 768w, https:\/\/elpajaritonews.com\/wp-content\/uploads\/2024\/12\/18ae4e89-3e25-4ab7-9858-754154df88dc-1536x1023.jpg 1536w, https:\/\/elpajaritonews.com\/wp-content\/uploads\/2024\/12\/18ae4e89-3e25-4ab7-9858-754154df88dc-600x400.jpg 600w, https:\/\/elpajaritonews.com\/wp-content\/uploads\/2024\/12\/18ae4e89-3e25-4ab7-9858-754154df88dc.jpg 1600w\" sizes=\"auto, (max-width: 1024px) 100vw, 1024px\" \/><\/figure>\n\n\n\n<p class=\"wp-block-paragraph\">La certificaci\u00f3n en la industria de semiconductores incentiva la participaci\u00f3n tanto de empresas como de trabajadores, aumentando el atractivo del sector para futuras inversiones nacionales e internacionales.<\/p>\n\n\n\n<p class=\"wp-block-paragraph\">Sonora es referente nacional en la industria de semiconductores, al ser el primer estado en recibir la certificaci\u00f3n del est\u00e1ndar en esta competencia, destacando la colaboraci\u00f3n entre el gobierno, la industria y las instituciones educativas para fortalecer la empleabilidad y competitividad en la regi\u00f3n, lo que permite construir un legado de conocimiento, asever\u00f3 el gobernador Alfonso Durazo Monta\u00f1o.<\/p>\n\n\n\n<figure class=\"wp-block-image size-large\"><img loading=\"lazy\" decoding=\"async\" width=\"1024\" height=\"570\" src=\"https:\/\/elpajaritonews.com\/wp-content\/uploads\/2024\/12\/92f55271-c578-4f02-b062-fa8e5ded78d4-1024x570.jpg\" alt=\"\" class=\"wp-image-63304\" srcset=\"https:\/\/elpajaritonews.com\/wp-content\/uploads\/2024\/12\/92f55271-c578-4f02-b062-fa8e5ded78d4-1024x570.jpg 1024w, https:\/\/elpajaritonews.com\/wp-content\/uploads\/2024\/12\/92f55271-c578-4f02-b062-fa8e5ded78d4-300x167.jpg 300w, https:\/\/elpajaritonews.com\/wp-content\/uploads\/2024\/12\/92f55271-c578-4f02-b062-fa8e5ded78d4-768x427.jpg 768w, https:\/\/elpajaritonews.com\/wp-content\/uploads\/2024\/12\/92f55271-c578-4f02-b062-fa8e5ded78d4-1536x854.jpg 1536w, https:\/\/elpajaritonews.com\/wp-content\/uploads\/2024\/12\/92f55271-c578-4f02-b062-fa8e5ded78d4.jpg 1600w\" sizes=\"auto, (max-width: 1024px) 100vw, 1024px\" \/><\/figure>\n\n\n\n<p class=\"wp-block-paragraph\">Al encabezar la formalizaci\u00f3n del Comit\u00e9 de Gesti\u00f3n por Competencias de Semiconductores, vinculado al Plan Sonora de Energ\u00edas Sostenibles, que consolidar\u00e1 el trabajo conjunto entre gobierno, industria e instituciones educativas, el jefe del Ejecutivo estatal enfatiz\u00f3 que esta acci\u00f3n tendr\u00e1 un impacto significativo en materia de desarrollo econ\u00f3mico, capacitaci\u00f3n y empleabilidad, innovaci\u00f3n y sustentabilidad.<\/p>\n\n\n\n<p class=\"wp-block-paragraph\">\u201cA estas condiciones viene a sumarse la formalizaci\u00f3n de este comit\u00e9 que va a tener una contribuci\u00f3n muy importante en la construcci\u00f3n de ese perfil que exigir\u00e1 la econom\u00eda del futuro, basada fundamentalmente en semiconductores y en toda la cadena de electromovilidad\u201d, subray\u00f3.<\/p>\n\n\n\n<p class=\"wp-block-paragraph\">El mandatario sonorense, acompa\u00f1ado de Mar\u00eda Guillermina Alvarado, titular de Consejo Nacional de Normalizaci\u00f3n y Certificaci\u00f3n de Competencias Laborales (CONOCER), indic\u00f3 con el inicio oficial del Est\u00e1ndar de Competencia en Semiconductores, se formar\u00e1n especialistas desde las universidades que colaboran en este comit\u00e9 con el objetivo de impulsar a esta industria clave en la transici\u00f3n energ\u00e9tica con el Plan Sonora.<\/p>\n\n\n\n<p class=\"wp-block-paragraph\">Se\u00f1al\u00f3 que la formalizaci\u00f3n del Comit\u00e9 de Gesti\u00f3n por Competencias de Semiconductores, es un paso firme para el desarrollo a la industria local, visibilidad y apoyo gubernamental, promoci\u00f3n de la certificaci\u00f3n de competencias.<\/p>\n","protected":false},"excerpt":{"rendered":"<p>Con la creaci\u00f3n del Est\u00e1ndar de Competencia en Semiconductores, alineado al Plan Sonora, se brindar\u00e1n capacitaciones para la formaci\u00f3n de talento humano desde las universidades, beneficiando al estado en desarrollo econ\u00f3mico capacitaci\u00f3n y empleabilidad, innovaci\u00f3n y sustentabilidad. La certificaci\u00f3n en la industria de semiconductores incentiva la participaci\u00f3n tanto de empresas como de trabajadores, aumentando el&#8230;<\/p>\n","protected":false},"author":2,"featured_media":63302,"comment_status":"closed","ping_status":"closed","sticky":false,"template":"","format":"standard","meta":{"_crdt_document":"","_exactmetrics_skip_tracking":false,"_exactmetrics_sitenote_active":false,"_exactmetrics_sitenote_note":"","_exactmetrics_sitenote_category":0,"footnotes":""},"categories":[18,36,23,31,27],"tags":[71,72,30],"class_list":["post-63301","post","type-post","status-publish","format-standard","has-post-thumbnail","hentry","category-ciencia","category-economia","category-mexico","category-politica","category-sonora","tag-alfonso-durazo","tag-claudia-sheinbaum","tag-sonora-tierra-de-oportunidades"],"_links":{"self":[{"href":"https:\/\/elpajaritonews.com\/index.php?rest_route=\/wp\/v2\/posts\/63301","targetHints":{"allow":["GET"]}}],"collection":[{"href":"https:\/\/elpajaritonews.com\/index.php?rest_route=\/wp\/v2\/posts"}],"about":[{"href":"https:\/\/elpajaritonews.com\/index.php?rest_route=\/wp\/v2\/types\/post"}],"author":[{"embeddable":true,"href":"https:\/\/elpajaritonews.com\/index.php?rest_route=\/wp\/v2\/users\/2"}],"replies":[{"embeddable":true,"href":"https:\/\/elpajaritonews.com\/index.php?rest_route=%2Fwp%2Fv2%2Fcomments&post=63301"}],"version-history":[{"count":1,"href":"https:\/\/elpajaritonews.com\/index.php?rest_route=\/wp\/v2\/posts\/63301\/revisions"}],"predecessor-version":[{"id":63305,"href":"https:\/\/elpajaritonews.com\/index.php?rest_route=\/wp\/v2\/posts\/63301\/revisions\/63305"}],"wp:featuredmedia":[{"embeddable":true,"href":"https:\/\/elpajaritonews.com\/index.php?rest_route=\/wp\/v2\/media\/63302"}],"wp:attachment":[{"href":"https:\/\/elpajaritonews.com\/index.php?rest_route=%2Fwp%2Fv2%2Fmedia&parent=63301"}],"wp:term":[{"taxonomy":"category","embeddable":true,"href":"https:\/\/elpajaritonews.com\/index.php?rest_route=%2Fwp%2Fv2%2Fcategories&post=63301"},{"taxonomy":"post_tag","embeddable":true,"href":"https:\/\/elpajaritonews.com\/index.php?rest_route=%2Fwp%2Fv2%2Ftags&post=63301"}],"curies":[{"name":"wp","href":"https:\/\/api.w.org\/{rel}","templated":true}]}}