{"id":63320,"date":"2024-12-03T23:13:46","date_gmt":"2024-12-04T06:13:46","guid":{"rendered":"https:\/\/elpajaritonews.com\/?p=63320"},"modified":"2024-12-03T23:13:49","modified_gmt":"2024-12-04T06:13:49","slug":"congreso-de-sonora-aprueba-en-comision-paquete-economico-2025","status":"publish","type":"post","link":"https:\/\/elpajaritonews.com\/?p=63320","title":{"rendered":"CONGRESO DE SONORA APRUEBA EN COMISI\u00d3N PAQUETE ECON\u00d3MICO 2025"},"content":{"rendered":"\n<p class=\"wp-block-paragraph\">Hermosillo, Sonora; 3 de diciembre de 2024.- La Comisi\u00f3n de Hacienda del Congreso de Sonora aprob\u00f3 el dictamen que contiene el proyecto de presupuesto de ingresos y egresos para el ejercicio fiscal 2025.<\/p>\n\n\n\n<p class=\"wp-block-paragraph\">Durante la presentaci\u00f3n del dictamen, la diputada Elia Sallard Hern\u00e1ndez (Morena) explic\u00f3 que el paquete econ\u00f3mico propuesto por el Gobierno de Sonora contempla un total de 89 mil 198 millones de pesos y no incluye la creaci\u00f3n de nuevos impuestos, lo que representa un esfuerzo por mantener la estabilidad econ\u00f3mica para las y los sonorenses.<\/p>\n\n\n\n<figure class=\"wp-block-image size-large\"><img loading=\"lazy\" decoding=\"async\" width=\"1024\" height=\"682\" src=\"https:\/\/elpajaritonews.com\/wp-content\/uploads\/2024\/12\/70457ca8-e529-4d08-a443-7dca994a289d-1024x682.jpg\" alt=\"\" class=\"wp-image-63322\" srcset=\"https:\/\/elpajaritonews.com\/wp-content\/uploads\/2024\/12\/70457ca8-e529-4d08-a443-7dca994a289d-1024x682.jpg 1024w, https:\/\/elpajaritonews.com\/wp-content\/uploads\/2024\/12\/70457ca8-e529-4d08-a443-7dca994a289d-300x200.jpg 300w, https:\/\/elpajaritonews.com\/wp-content\/uploads\/2024\/12\/70457ca8-e529-4d08-a443-7dca994a289d-768x512.jpg 768w, https:\/\/elpajaritonews.com\/wp-content\/uploads\/2024\/12\/70457ca8-e529-4d08-a443-7dca994a289d-1536x1023.jpg 1536w, https:\/\/elpajaritonews.com\/wp-content\/uploads\/2024\/12\/70457ca8-e529-4d08-a443-7dca994a289d-600x400.jpg 600w, https:\/\/elpajaritonews.com\/wp-content\/uploads\/2024\/12\/70457ca8-e529-4d08-a443-7dca994a289d.jpg 1600w\" sizes=\"auto, (max-width: 1024px) 100vw, 1024px\" \/><\/figure>\n\n\n\n<p class=\"wp-block-paragraph\">Enfatiz\u00f3 que este paquete econ\u00f3mico busca garantizar los recursos necesarios para seguir impulsando proyectos estrat\u00e9gicos y programas prioritarios en \u00e1reas clave como salud, seguridad, educaci\u00f3n e infraestructura, con el prop\u00f3sito de asegurar un desarrollo sostenible en el estado.<\/p>\n\n\n\n<p class=\"wp-block-paragraph\">Las diputadas Gabriela F\u00e9lix Boj\u00f3rquez (MC) y Alejandra L\u00f3pez Noriega, as\u00ed como los diputados Omar del Valle Colosio (PVEM), H\u00e9ctor Castelo Monta\u00f1o (Morena), Ren\u00e9 Garc\u00eda Rojo (PT) y Ferm\u00edn Trujillo Fuentes (NAS), intercambiaron puntos de vista relacionados con las prioridades presupuestales.<\/p>\n\n\n\n<figure class=\"wp-block-image size-large\"><img loading=\"lazy\" decoding=\"async\" width=\"1024\" height=\"682\" src=\"https:\/\/elpajaritonews.com\/wp-content\/uploads\/2024\/12\/1356d186-3d39-4dfb-8d01-00891af51775-1024x682.jpg\" alt=\"\" class=\"wp-image-63323\" srcset=\"https:\/\/elpajaritonews.com\/wp-content\/uploads\/2024\/12\/1356d186-3d39-4dfb-8d01-00891af51775-1024x682.jpg 1024w, https:\/\/elpajaritonews.com\/wp-content\/uploads\/2024\/12\/1356d186-3d39-4dfb-8d01-00891af51775-300x200.jpg 300w, https:\/\/elpajaritonews.com\/wp-content\/uploads\/2024\/12\/1356d186-3d39-4dfb-8d01-00891af51775-768x512.jpg 768w, https:\/\/elpajaritonews.com\/wp-content\/uploads\/2024\/12\/1356d186-3d39-4dfb-8d01-00891af51775-1536x1023.jpg 1536w, https:\/\/elpajaritonews.com\/wp-content\/uploads\/2024\/12\/1356d186-3d39-4dfb-8d01-00891af51775-600x400.jpg 600w, https:\/\/elpajaritonews.com\/wp-content\/uploads\/2024\/12\/1356d186-3d39-4dfb-8d01-00891af51775.jpg 1600w\" sizes=\"auto, (max-width: 1024px) 100vw, 1024px\" \/><\/figure>\n\n\n\n<p class=\"wp-block-paragraph\">Asimismo, las y los integrantes de la comisi\u00f3n aprobaron, en la misma reuni\u00f3n, la iniciativa enviada por el Ejecutivo estatal en materia de bebidas alcoh\u00f3licas. Esta propuesta modifica el C\u00f3digo Fiscal, la Ley de Hacienda, la Ley de Control Vehicular, as\u00ed como la Ley que Regula la Operaci\u00f3n y Funcionamiento de los Establecimientos Destinados a la Fabricaci\u00f3n, Envasado, Distribuci\u00f3n, Almacenamiento, Transportaci\u00f3n, Venta y Consumo de Bebidas con Contenido Alcoh\u00f3lico.<\/p>\n\n\n\n<p class=\"wp-block-paragraph\">Ambos proyectos ser\u00e1n enviados a la Comisi\u00f3n de R\u00e9gimen Interno y Concertaci\u00f3n Pol\u00edtica para su inclusi\u00f3n en el orden del d\u00eda de una pr\u00f3xima sesi\u00f3n.<\/p>\n","protected":false},"excerpt":{"rendered":"<p>Hermosillo, Sonora; 3 de diciembre de 2024.- La Comisi\u00f3n de Hacienda del Congreso de Sonora aprob\u00f3 el dictamen que contiene el proyecto de presupuesto de ingresos y egresos para el ejercicio fiscal 2025. Durante la presentaci\u00f3n del dictamen, la diputada Elia Sallard Hern\u00e1ndez (Morena) explic\u00f3 que el paquete econ\u00f3mico propuesto por el Gobierno de Sonora&#8230;<\/p>\n","protected":false},"author":2,"featured_media":63321,"comment_status":"closed","ping_status":"closed","sticky":false,"template":"","format":"standard","meta":{"_crdt_document":"","_exactmetrics_skip_tracking":false,"_exactmetrics_sitenote_active":false,"_exactmetrics_sitenote_note":"","_exactmetrics_sitenote_category":0,"footnotes":""},"categories":[20,26,31,27],"tags":[71,73,74],"class_list":["post-63320","post","type-post","status-publish","format-standard","has-post-thumbnail","hentry","category-congreso","category-local","category-politica","category-sonora","tag-alfonso-durazo","tag-congreso-del-estado-de-sonora","tag-hermosillo"],"_links":{"self":[{"href":"https:\/\/elpajaritonews.com\/index.php?rest_route=\/wp\/v2\/posts\/63320","targetHints":{"allow":["GET"]}}],"collection":[{"href":"https:\/\/elpajaritonews.com\/index.php?rest_route=\/wp\/v2\/posts"}],"about":[{"href":"https:\/\/elpajaritonews.com\/index.php?rest_route=\/wp\/v2\/types\/post"}],"author":[{"embeddable":true,"href":"https:\/\/elpajaritonews.com\/index.php?rest_route=\/wp\/v2\/users\/2"}],"replies":[{"embeddable":true,"href":"https:\/\/elpajaritonews.com\/index.php?rest_route=%2Fwp%2Fv2%2Fcomments&post=63320"}],"version-history":[{"count":1,"href":"https:\/\/elpajaritonews.com\/index.php?rest_route=\/wp\/v2\/posts\/63320\/revisions"}],"predecessor-version":[{"id":63324,"href":"https:\/\/elpajaritonews.com\/index.php?rest_route=\/wp\/v2\/posts\/63320\/revisions\/63324"}],"wp:featuredmedia":[{"embeddable":true,"href":"https:\/\/elpajaritonews.com\/index.php?rest_route=\/wp\/v2\/media\/63321"}],"wp:attachment":[{"href":"https:\/\/elpajaritonews.com\/index.php?rest_route=%2Fwp%2Fv2%2Fmedia&parent=63320"}],"wp:term":[{"taxonomy":"category","embeddable":true,"href":"https:\/\/elpajaritonews.com\/index.php?rest_route=%2Fwp%2Fv2%2Fcategories&post=63320"},{"taxonomy":"post_tag","embeddable":true,"href":"https:\/\/elpajaritonews.com\/index.php?rest_route=%2Fwp%2Fv2%2Ftags&post=63320"}],"curies":[{"name":"wp","href":"https:\/\/api.w.org\/{rel}","templated":true}]}}